{"id":9021,"date":"2012-01-31T23:48:32","date_gmt":"2012-01-31T22:48:32","guid":{"rendered":"http:\/\/www.loucamino.com\/?p=9021"},"modified":"2012-02-01T00:57:31","modified_gmt":"2012-01-31T23:57:31","slug":"la-formation-de-lesprit-critique","status":"publish","type":"post","link":"https:\/\/www.loucamino.com\/?p=9021","title":{"rendered":"La formation de l&rsquo;esprit critique"},"content":{"rendered":"<ul class=\"wpsocialite social-buttons large\"><\/ul><p><a href=\"http:\/\/www.loucamino.com\/wp-content\/uploads\/2012\/01\/espritcritique2-1_72.jpg\"><img loading=\"lazy\" class=\"aligncenter size-full wp-image-9020\" title=\"espritcritique2-1_72\" src=\"http:\/\/www.loucamino.com\/wp-content\/uploads\/2012\/01\/espritcritique2-1_72.jpg\" alt=\"\" width=\"550\" height=\"449\" srcset=\"https:\/\/www.loucamino.com\/wp-content\/uploads\/2012\/01\/espritcritique2-1_72.jpg 550w, https:\/\/www.loucamino.com\/wp-content\/uploads\/2012\/01\/espritcritique2-1_72-300x244.jpg 300w\" sizes=\"(max-width: 550px) 100vw, 550px\" \/><\/a><\/p>\n<p style=\"text-align: justify;\">Comme l\u2019aurait dit Magritte, ceci n\u2019est pas une photo. De fait, c\u2019est un dessin. La photo serait d\u2019ailleurs assez difficile \u00e0 r\u00e9aliser, d\u2019abord pour des questions de droits \u00e0 l\u2019image, ensuite pour des raisons purement techniques, la luminosit\u00e9 et le mouvement du m\u00e9tro n\u2019aidant pas \u00e0 composer des images nettes. Le dessin a donc ses avantages\u2026 Ceci dit, celui ci est vieux. Peut-\u00eatre une d\u00e9cennie. Probablement dix ans exactement m\u00eame car c\u2019est \u00e0 cette \u00e9poque, f\u00e9vrier 2002, que M\u00e9tro a \u00e9t\u00e9 diffus\u00e9 pour la premi\u00e8re fois en France, ouvrant la porte \u00e0 une nouvelle presse, gratuite pour nous tous car financ\u00e9e totalement par la publicit\u00e9. A cette \u00e9poque, comme toute nouveaut\u00e9, cette presse d&rsquo;un genre embryonnaire mais plein de promesses s&rsquo;\u00e9tait attir\u00e9e les foudres de la \u00ab\u00a0vraie\u00a0\u00bb presse, entendez \u00ab\u00a0s\u00e9rieuse\u00a0\u00bb car \u00ab\u00a0payante\u00a0\u00bb, mais avait rapidement trouv\u00e9 son public dans les rues ou \u00e0 l&rsquo;entr\u00e9e des bouches de m\u00e9tro.<\/p>\n<p style=\"text-align: justify;\">A cette \u00e9poque, j&rsquo;avais \u00e9crit ceci : \u00ab\u00a0Dr\u00f4le d\u2019image que celle que recevrait un parisien ayant hibern\u00e9 plusieurs mois et refaisant surface dans le m\u00e9tro \u00e0 l\u2019heure de pointe. Il verrait une foule de \u00ab\u00a0transport\u00e9s\u00a0\u00bb plong\u00e9e dans la presse\u2026 Mais pas n\u2019importe laquelle\u2026 Des feuilles de chou gratuites comme \u00ab\u00a020 minutes\u00a0\u00bb ou \u00ab\u00a0M\u00e9tro\u00a0\u00bb. Du zapping \u00e0 port\u00e9e de mains\u2026 Pour ou contre, l\u00e0 n\u2019est pas vraiment la question\u2026 La gratuit\u00e9 de l\u2019information n\u2019a-t-elle pas ses limites\u00a0? Chacun s\u2019arrache son journal avant de s\u2019engouffrer dans l\u2019antre de la ville et, jour apr\u00e8s jour, chacun s\u2019impr\u00e8gne des m\u00eames informations, des m\u00eames partis-pris, des m\u00eames id\u00e9es\u2026 Or, n\u2019est-ce pas confront\u00e9s \u00e0 la diversit\u00e9 des points de vue que nous apprenons \u00e0 d\u00e9velopper notre esprit critique, et par la m\u00eame occasion, \u00e0 \u00eatre moins manipulables\u00a0?\u00a0\u00bb<\/p>\n<p style=\"text-align: justify;\">Douze ans apr\u00e8s donc, la presse gratuite s&rsquo;est institutionnalis\u00e9e, multipli\u00e9e, sp\u00e9cialis\u00e9e, parfois \u00e9quilibr\u00e9e&#8230; Elle est partout, fait partie du paysage et du quotidien de l&rsquo;hyperactif urbain sur-sollicit\u00e9 qui ach\u00e8ve sa mue en pigeon (pas au sens p\u00e9joratif du terme), contraint qu&rsquo;il est de picorer ainsi \u00e7a et l\u00e0 de l&rsquo;information (les grandes lignes suffisent \u00e0 lui donner une certaine image du monde dans lequel il \u00e9volue) mais aussi le reste de sa vie&#8230; A tel point que <em>Direct Matin<\/em> du jour s&rsquo;offre une pleine page d&rsquo;auto-congratulation dans son propre journal (le faire dans <em>M\u00e9tro<\/em> ou <em>20 minutes<\/em> aurait certes \u00e9t\u00e9 mal accueilli mais auraient-ils refus\u00e9 un contrat publicitaire ?) pour remercier ses lecteurs car gr\u00e2ce \u00e0 eux, il est devenu le 1er quotidien de France avec plus d&rsquo;un million d&rsquo;exemplaires diffus\u00e9s chaque jour en 2011. Malgr\u00e9 les r\u00e9serves que l&rsquo;on peut avoir \u00e0 l&rsquo;\u00e9gard de ces journaux &#8211; en termes de contenu -, je ne peux m&#8217;emp\u00eacher de me dire, en voyant des jeunes plong\u00e9s dans le journal le matin pendant leur trajet en m\u00e9tropolitian, qu&rsquo;ils feraient certainement autre chose s&rsquo;ils avaient d\u00fb le payer. D&rsquo;o\u00f9 cette question : une information parcellaire ne vaut-elle pas mieux que pas d&rsquo;information du tout ?<\/p>\n<div id=\"iLikeThis-9021\" class=\"iLikeThis\"><span class=\"counter\"><a onclick=\"likeThis(9021);\" class=\"image\">10<\/a><\/span><\/div>\n<p><a href=\"http:\/\/www.facebook.com\/share.php?u=https%3A%2F%2Fwww.loucamino.com%2F%3Fp%3D9021&amp;t=La%20formation%20de%20l%27esprit%20critique\" id=\"facebook_share_both_9021\" style=\"font-size:11px; line-height:13px; font-family:'lucida grande',tahoma,verdana,arial,sans-serif; text-decoration:none; padding:2px 0 0 20px; height:16px; background:url(http:\/\/b.static.ak.fbcdn.net\/images\/share\/facebook_share_icon.gif) no-repeat top left;\">Share on Facebook<\/a><br \/>\n\t<script type=\"text\/javascript\">\n\t<!--\n\tvar button = document.getElementById('facebook_share_link_9021') || document.getElementById('facebook_share_icon_9021') || document.getElementById('facebook_share_both_9021') || document.getElementById('facebook_share_button_9021');\n\tif (button) {\n\t\tbutton.onclick = function(e) {\n\t\t\tvar url = this.href.replace(\/share\\.php\/, 'sharer.php');\n\t\t\twindow.open(url,'sharer','toolbar=0,status=0,width=626,height=436');\n\t\t\treturn false;\n\t\t}\n\t\n\t\tif (button.id === 'facebook_share_button_9021') {\n\t\t\tbutton.onmouseover = function(){\n\t\t\t\tthis.style.color='#fff';\n\t\t\t\tthis.style.borderColor = '#295582';\n\t\t\t\tthis.style.backgroundColor = '#3b5998';\n\t\t\t}\n\t\t\tbutton.onmouseout = function(){\n\t\t\t\tthis.style.color = '#3b5998';\n\t\t\t\tthis.style.borderColor = '#d8dfea';\n\t\t\t\tthis.style.backgroundColor = '#fff';\n\t\t\t}\n\t\t}\n\t}\n\t-->\n\t<\/script><\/p>\n","protected":false},"excerpt":{"rendered":"<p>Comme l\u2019aurait dit Magritte, ceci n\u2019est pas une photo. De fait, c\u2019est un dessin. La photo serait d\u2019ailleurs assez difficile \u00e0 r\u00e9aliser, d\u2019abord pour des questions de droits \u00e0 l\u2019image, ensuite pour des raisons purement techniques, la luminosit\u00e9 et le mouvement du m\u00e9tro n\u2019aidant pas \u00e0 composer des images nettes. Le dessin a donc ses [&hellip;]<\/p>\n<a href=\"http:\/\/www.facebook.com\/share.php?u=https%3A%2F%2Fwww.loucamino.com%2F%3Fp%3D9021&amp;t=La%20formation%20de%20l%27esprit%20critique\" id=\"facebook_share_both_9021\" style=\"font-size:11px; line-height:13px; font-family:'lucida grande',tahoma,verdana,arial,sans-serif; text-decoration:none; padding:2px 0 0 20px; height:16px; background:url(http:\/\/b.static.ak.fbcdn.net\/images\/share\/facebook_share_icon.gif) no-repeat top left;\">Share on Facebook<\/a>\r\n\t<script type=\"text\/javascript\">\r\n\t<!--\r\n\tvar button = document.getElementById('facebook_share_link_9021') || document.getElementById('facebook_share_icon_9021') || document.getElementById('facebook_share_both_9021') || document.getElementById('facebook_share_button_9021');\r\n\tif (button) {\r\n\t\tbutton.onclick = function(e) {\r\n\t\t\tvar url = this.href.replace(\/share\\.php\/, 'sharer.php');\r\n\t\t\twindow.open(url,'sharer','toolbar=0,status=0,width=626,height=436');\r\n\t\t\treturn false;\r\n\t\t}\r\n\t\r\n\t\tif (button.id === 'facebook_share_button_9021') {\r\n\t\t\tbutton.onmouseover = function(){\r\n\t\t\t\tthis.style.color='#fff';\r\n\t\t\t\tthis.style.borderColor = '#295582';\r\n\t\t\t\tthis.style.backgroundColor = '#3b5998';\r\n\t\t\t}\r\n\t\t\tbutton.onmouseout = function(){\r\n\t\t\t\tthis.style.color = '#3b5998';\r\n\t\t\t\tthis.style.borderColor = '#d8dfea';\r\n\t\t\t\tthis.style.backgroundColor = '#fff';\r\n\t\t\t}\r\n\t\t}\r\n\t}\r\n\t-->\r\n\t<\/script>\r\n\t","protected":false},"author":1,"featured_media":0,"comment_status":"open","ping_status":"open","sticky":false,"template":"","format":"standard","meta":{"ngg_post_thumbnail":0},"categories":[1],"tags":[1668,249,1669,1006,42,45,1667,237],"_links":{"self":[{"href":"https:\/\/www.loucamino.com\/index.php?rest_route=\/wp\/v2\/posts\/9021"}],"collection":[{"href":"https:\/\/www.loucamino.com\/index.php?rest_route=\/wp\/v2\/posts"}],"about":[{"href":"https:\/\/www.loucamino.com\/index.php?rest_route=\/wp\/v2\/types\/post"}],"author":[{"embeddable":true,"href":"https:\/\/www.loucamino.com\/index.php?rest_route=\/wp\/v2\/users\/1"}],"replies":[{"embeddable":true,"href":"https:\/\/www.loucamino.com\/index.php?rest_route=%2Fwp%2Fv2%2Fcomments&post=9021"}],"version-history":[{"count":9,"href":"https:\/\/www.loucamino.com\/index.php?rest_route=\/wp\/v2\/posts\/9021\/revisions"}],"predecessor-version":[{"id":9029,"href":"https:\/\/www.loucamino.com\/index.php?rest_route=\/wp\/v2\/posts\/9021\/revisions\/9029"}],"wp:attachment":[{"href":"https:\/\/www.loucamino.com\/index.php?rest_route=%2Fwp%2Fv2%2Fmedia&parent=9021"}],"wp:term":[{"taxonomy":"category","embeddable":true,"href":"https:\/\/www.loucamino.com\/index.php?rest_route=%2Fwp%2Fv2%2Fcategories&post=9021"},{"taxonomy":"post_tag","embeddable":true,"href":"https:\/\/www.loucamino.com\/index.php?rest_route=%2Fwp%2Fv2%2Ftags&post=9021"}],"curies":[{"name":"wp","href":"https:\/\/api.w.org\/{rel}","templated":true}]}}