{"id":7213,"date":"2011-10-09T12:17:18","date_gmt":"2011-10-09T19:17:18","guid":{"rendered":"http:\/\/www.loucamino.com\/?p=7213"},"modified":"2012-03-16T10:37:33","modified_gmt":"2012-03-16T09:37:33","slug":"lhomme-invisible","status":"publish","type":"post","link":"https:\/\/www.loucamino.com\/?p=7213","title":{"rendered":"L&rsquo;homme invisible"},"content":{"rendered":"<ul class=\"wpsocialite social-buttons large\"><\/ul><p><a href=\"http:\/\/www.loucamino.com\/wp-content\/uploads\/2011\/10\/P1190974-1_72.jpg\"><img loading=\"lazy\" class=\"aligncenter size-full wp-image-9298\" title=\"P1190974-1_72\" src=\"http:\/\/www.loucamino.com\/wp-content\/uploads\/2011\/10\/P1190974-1_72.jpg\" alt=\"\" width=\"309\" height=\"550\" srcset=\"https:\/\/www.loucamino.com\/wp-content\/uploads\/2011\/10\/P1190974-1_72.jpg 309w, https:\/\/www.loucamino.com\/wp-content\/uploads\/2011\/10\/P1190974-1_72-168x300.jpg 168w\" sizes=\"(max-width: 309px) 100vw, 309px\" \/><\/a><\/p>\n<p>[issuu width=420 height=297 printButtonEnabled=false backgroundColor=%23222222 documentId=111010212747-86c5b6a5189d4d5988701b22cb58aba2 name=une_fenetre_sur_le_ciel__l_homme_invisible username=lou_camino tag=book unit=px id=d735e532-2d73-a131-4d29-e7338f3eea7f v=2]<\/p>\n<p style=\"text-align: justify;\">Rien sur la couverture. Rien sur la tranche. Ludovic Ligot existe cependant sur la 4e de couverture. Et est ainsi pr\u00e9sent\u00e9 : \u00abLudovic Ligot, qui a recueilli les propos, est journaliste scientifique. Il \u00e9crit pour la presse g\u00e9n\u00e9raliste et scientifique. Il a publi\u00e9 un livre en collaboration avec Etienne Klein (Pourquoi je suis devenu chercheur scientifique, \u00e9d. Bayard).\u00bb<\/p>\n<p style=\"text-align: justify;\">Les premi\u00e8res pages se livrent.<\/p>\n<p style=\"text-align: justify;\">Une fen\u00eatre sur le ciel<br \/>\nDialogues d\u2019un astrophysicien et d\u2019un th\u00e9ologien<br \/>\nAvec la collaboration \u00e9ditoriale de Ludovic Ligot.<\/p>\n<p style=\"text-align: justify;\">Voil\u00e0 qui est intrigant. En tout cas, voil\u00e0 qui m&rsquo;intrigue. Que veut dire \u00ab\u00a0collaboration \u00e9ditoriale\u00a0\u00bb, que signifie \u00ab\u00a0propos recueillis\u00a0\u00bb ? Enfin, qu&rsquo;y a-t-il r\u00e9ellement derri\u00e8re ces mots ? C&rsquo;est pour avoir une r\u00e9ponse \u00e0 ces questions que j&rsquo;ai recueilli les propos de Ludovic Ligot, l&rsquo;homme invisible. Un cr\u00e9ateur de l&rsquo;ombre parmi d&rsquo;autres sur lesquels j&rsquo;avais envie que la lumi\u00e8re, fut-elle faible, se pose.<\/p>\n<p style=\"text-align: justify;\">\u00ab\u00a0L&rsquo;homme invisible\u00a0\u00bb n&rsquo;est pas une histoire photographique comme ont pu l&rsquo;\u00eatre <a title=\"Autour de Gilles\" href=\"http:\/\/www.loucamino.com\/wp-content\/plugins\/20-gillesrieu\/\" target=\"_blank\">Autour de Gilles<\/a>, <a title=\"La chute du mythe de Times Square\" href=\"http:\/\/www.loucamino.com\/wp-content\/plugins\/19-timessquare\/\" target=\"_blank\">La chute du mythe de Times Square<\/a>, <a title=\"Le tour du Cartier\" href=\"http:\/\/www.loucamino.com\/wp-content\/plugins\/17-tourducartier\/\" target=\"_blank\">Le tour du Cartier<\/a> ou <a title=\"Otages de la nuit\" href=\"http:\/\/www.loucamino.com\/wp-content\/plugins\/15-otagesdelanuit\/\" target=\"_blank\">Otages de la nuit<\/a>. Ici, \u00e0 l&rsquo;origine, il y a des mots et non pas des images. Des mots mis en images donc et qui donnent mati\u00e8re \u00e0 penser.<\/p>\n<p style=\"text-align: justify;\">Et la premi\u00e8re occasion, pour moi, d&rsquo;utiliser Issuu&#8230; Il vous suffit donc de cliquer sur l&rsquo;image au-dessus et de d\u00e9couvrir cet entretien, en tournant les pages, comme vous le feriez, avec un magazine&#8230;<\/p>\n<div id=\"iLikeThis-7213\" class=\"iLikeThis\"><span class=\"counter\"><a onclick=\"likeThis(7213);\" class=\"image\">14<\/a><\/span><\/div>\n<p><a href=\"http:\/\/www.facebook.com\/share.php?u=https%3A%2F%2Fwww.loucamino.com%2F%3Fp%3D7213&amp;t=L%27homme%20invisible\" id=\"facebook_share_both_7213\" style=\"font-size:11px; line-height:13px; font-family:'lucida grande',tahoma,verdana,arial,sans-serif; text-decoration:none; padding:2px 0 0 20px; height:16px; background:url(http:\/\/b.static.ak.fbcdn.net\/images\/share\/facebook_share_icon.gif) no-repeat top left;\">Share on Facebook<\/a><br \/>\n\t<script type=\"text\/javascript\">\n\t<!--\n\tvar button = document.getElementById('facebook_share_link_7213') || document.getElementById('facebook_share_icon_7213') || document.getElementById('facebook_share_both_7213') || document.getElementById('facebook_share_button_7213');\n\tif (button) {\n\t\tbutton.onclick = function(e) {\n\t\t\tvar url = this.href.replace(\/share\\.php\/, 'sharer.php');\n\t\t\twindow.open(url,'sharer','toolbar=0,status=0,width=626,height=436');\n\t\t\treturn false;\n\t\t}\n\t\n\t\tif (button.id === 'facebook_share_button_7213') {\n\t\t\tbutton.onmouseover = function(){\n\t\t\t\tthis.style.color='#fff';\n\t\t\t\tthis.style.borderColor = '#295582';\n\t\t\t\tthis.style.backgroundColor = '#3b5998';\n\t\t\t}\n\t\t\tbutton.onmouseout = function(){\n\t\t\t\tthis.style.color = '#3b5998';\n\t\t\t\tthis.style.borderColor = '#d8dfea';\n\t\t\t\tthis.style.backgroundColor = '#fff';\n\t\t\t}\n\t\t}\n\t}\n\t-->\n\t<\/script><\/p>\n","protected":false},"excerpt":{"rendered":"<p>[issuu width=420 height=297 printButtonEnabled=false backgroundColor=%23222222 documentId=111010212747-86c5b6a5189d4d5988701b22cb58aba2 name=une_fenetre_sur_le_ciel__l_homme_invisible username=lou_camino tag=book unit=px id=d735e532-2d73-a131-4d29-e7338f3eea7f v=2] Rien sur la couverture. Rien sur la tranche. Ludovic Ligot existe cependant sur la 4e de couverture. Et est ainsi pr\u00e9sent\u00e9 : \u00abLudovic Ligot, qui a recueilli les propos, est journaliste scientifique. Il \u00e9crit pour la presse g\u00e9n\u00e9raliste et scientifique. Il a publi\u00e9 [&hellip;]<\/p>\n<a href=\"http:\/\/www.facebook.com\/share.php?u=https%3A%2F%2Fwww.loucamino.com%2F%3Fp%3D7213&amp;t=L%27homme%20invisible\" id=\"facebook_share_both_7213\" style=\"font-size:11px; line-height:13px; font-family:'lucida grande',tahoma,verdana,arial,sans-serif; text-decoration:none; padding:2px 0 0 20px; height:16px; background:url(http:\/\/b.static.ak.fbcdn.net\/images\/share\/facebook_share_icon.gif) no-repeat top left;\">Share on Facebook<\/a>\r\n\t<script type=\"text\/javascript\">\r\n\t<!--\r\n\tvar button = document.getElementById('facebook_share_link_7213') || document.getElementById('facebook_share_icon_7213') || document.getElementById('facebook_share_both_7213') || document.getElementById('facebook_share_button_7213');\r\n\tif (button) {\r\n\t\tbutton.onclick = function(e) {\r\n\t\t\tvar url = this.href.replace(\/share\\.php\/, 'sharer.php');\r\n\t\t\twindow.open(url,'sharer','toolbar=0,status=0,width=626,height=436');\r\n\t\t\treturn false;\r\n\t\t}\r\n\t\r\n\t\tif (button.id === 'facebook_share_button_7213') {\r\n\t\t\tbutton.onmouseover = function(){\r\n\t\t\t\tthis.style.color='#fff';\r\n\t\t\t\tthis.style.borderColor = '#295582';\r\n\t\t\t\tthis.style.backgroundColor = '#3b5998';\r\n\t\t\t}\r\n\t\t\tbutton.onmouseout = function(){\r\n\t\t\t\tthis.style.color = '#3b5998';\r\n\t\t\t\tthis.style.borderColor = '#d8dfea';\r\n\t\t\t\tthis.style.backgroundColor = '#fff';\r\n\t\t\t}\r\n\t\t}\r\n\t}\r\n\t-->\r\n\t<\/script>\r\n\t","protected":false},"author":1,"featured_media":0,"comment_status":"open","ping_status":"closed","sticky":false,"template":"","format":"standard","meta":{"ngg_post_thumbnail":0},"categories":[1],"tags":[625,1209,1117,1481,1482,1217,99,100,1480],"_links":{"self":[{"href":"https:\/\/www.loucamino.com\/index.php?rest_route=\/wp\/v2\/posts\/7213"}],"collection":[{"href":"https:\/\/www.loucamino.com\/index.php?rest_route=\/wp\/v2\/posts"}],"about":[{"href":"https:\/\/www.loucamino.com\/index.php?rest_route=\/wp\/v2\/types\/post"}],"author":[{"embeddable":true,"href":"https:\/\/www.loucamino.com\/index.php?rest_route=\/wp\/v2\/users\/1"}],"replies":[{"embeddable":true,"href":"https:\/\/www.loucamino.com\/index.php?rest_route=%2Fwp%2Fv2%2Fcomments&post=7213"}],"version-history":[{"count":1,"href":"https:\/\/www.loucamino.com\/index.php?rest_route=\/wp\/v2\/posts\/7213\/revisions"}],"predecessor-version":[{"id":9299,"href":"https:\/\/www.loucamino.com\/index.php?rest_route=\/wp\/v2\/posts\/7213\/revisions\/9299"}],"wp:attachment":[{"href":"https:\/\/www.loucamino.com\/index.php?rest_route=%2Fwp%2Fv2%2Fmedia&parent=7213"}],"wp:term":[{"taxonomy":"category","embeddable":true,"href":"https:\/\/www.loucamino.com\/index.php?rest_route=%2Fwp%2Fv2%2Fcategories&post=7213"},{"taxonomy":"post_tag","embeddable":true,"href":"https:\/\/www.loucamino.com\/index.php?rest_route=%2Fwp%2Fv2%2Ftags&post=7213"}],"curies":[{"name":"wp","href":"https:\/\/api.w.org\/{rel}","templated":true}]}}