{"id":6993,"date":"2011-09-08T15:54:42","date_gmt":"2011-09-08T22:54:42","guid":{"rendered":"http:\/\/www.loucamino.com\/?p=6993"},"modified":"2011-09-08T15:54:42","modified_gmt":"2011-09-08T22:54:42","slug":"lauto-de-trop","status":"publish","type":"post","link":"https:\/\/www.loucamino.com\/?p=6993","title":{"rendered":"L&rsquo;auto de trop"},"content":{"rendered":"<ul class=\"wpsocialite social-buttons large\"><\/ul><p><a href=\"http:\/\/www.loucamino.com\/wp-content\/uploads\/2011\/09\/DSC_5181-1_72.jpg\"><img loading=\"lazy\" class=\"aligncenter size-full wp-image-6994\" title=\"DSC_5181-1_72\" src=\"http:\/\/www.loucamino.com\/wp-content\/uploads\/2011\/09\/DSC_5181-1_72.jpg\" alt=\"\" width=\"550\" height=\"368\" srcset=\"https:\/\/www.loucamino.com\/wp-content\/uploads\/2011\/09\/DSC_5181-1_72.jpg 550w, https:\/\/www.loucamino.com\/wp-content\/uploads\/2011\/09\/DSC_5181-1_72-300x200.jpg 300w\" sizes=\"(max-width: 550px) 100vw, 550px\" \/><\/a><\/p>\n<p style=\"text-align: justify;\">En ville, concentr\u00e9e sur les immeubles, les maisons, les b\u00e2timents, je suis r\u00e9guli\u00e8rement confront\u00e9e \u00e0 un probl\u00e8me photostentiel : les voitures ! Celles qui roulent, cr\u00e9ant un premier plan disgracieux ; celles qui sont gar\u00e9es, tronquant l&rsquo;appr\u00e9ciation des rez-de-chauss\u00e9e voire premiers \u00e9tages ! Dans les deux cas, cette pr\u00e9sence m\u00e9tallique fait na\u00eetre une question r\u00e9currente : comment cadrer ? Question d&rsquo;autant plus vive si la juxtaposition visuelle des deux &#8211; voiture \/ b\u00e2timent &#8211; semble cr\u00e9er un paradoxe temporel. Je m&rsquo;explique : des voitures de 2011 dans les rues du quartier fran\u00e7ais de La Nouvelle Orl\u00e9ans, dont les maisons ont \u00e9t\u00e9 \u00e9rig\u00e9es au 18e si\u00e8cle. Bon, et bien, \u00e0 mes yeux, \u00e7a jure ! Ni fait, ni \u00e0 faire. Rien que pour cela, le quartier devrait \u00eatre pi\u00e9tonnier, ce qui permettrait \u00e0 ses visiteurs d&rsquo;en appr\u00e9cier la beaut\u00e9 surann\u00e9e sans se contorsionner !<\/p>\n<p style=\"text-align: justify;\">De fait, vaut-il mieux tronquer le b\u00e2timent \u00e0 sa base pour \u00e9viter l&rsquo;enfilade de carcasses modernes et ainsi composer un plan, un peu bancal il faut l&rsquo;avouer, \u00e0 partir du premier niveau ? Faut-il faire fi de ces voitures, qui, apr\u00e8s tout, font partie de ce monde et du pr\u00e9sent, et les int\u00e9grer naturellement \u00e0 la vue ? Et faut-il vraiment attendre, au carrefour, ces quelques secondes o\u00f9 le temps s&rsquo;arr\u00eate, o\u00f9 le feu est encore rouge d&rsquo;un c\u00f4t\u00e9 et pas encore vert de l&rsquo;autre, pour d\u00e9clencher ? Malheureusement, c&rsquo;est une vraie question. Photostentielle, donc c&rsquo;est moins grave. Car, si aujourd&rsquo;hui, ce d\u00e9calage chronologique est g\u00eanant, il y a fort \u00e0 parier qu&rsquo;il ne le sera plus dans 20 ans. Ces voitures-l\u00e0 seront pass\u00e9es du c\u00f4t\u00e9 de l&rsquo;histoire, la grande, celle du temps qui passe, qui voit les \u00eatres et les choses dispara\u00eetre, et c&rsquo;est l&rsquo;ensemble qui deviendra alors documentaire &#8211; \u00ab\u00a0Oh, elles \u00e9taient comme \u00e7a les voitures, avant !\u00a0\u00bb -, et, d&rsquo;un certain point de vue, int\u00e9ressant ! Mais, au pr\u00e9sent, finalement, voiture ou pas ?<\/p>\n<div id=\"iLikeThis-6993\" class=\"iLikeThis\"><span class=\"counter\"><a onclick=\"likeThis(6993);\" class=\"image\">9<\/a><\/span><\/div>\n<p><a href=\"http:\/\/www.facebook.com\/share.php?u=https%3A%2F%2Fwww.loucamino.com%2F%3Fp%3D6993&amp;t=L%27auto%20de%20trop\" id=\"facebook_share_both_6993\" style=\"font-size:11px; line-height:13px; font-family:'lucida grande',tahoma,verdana,arial,sans-serif; text-decoration:none; padding:2px 0 0 20px; height:16px; background:url(http:\/\/b.static.ak.fbcdn.net\/images\/share\/facebook_share_icon.gif) no-repeat top left;\">Share on Facebook<\/a><br \/>\n\t<script type=\"text\/javascript\">\n\t<!--\n\tvar button = document.getElementById('facebook_share_link_6993') || document.getElementById('facebook_share_icon_6993') || document.getElementById('facebook_share_both_6993') || document.getElementById('facebook_share_button_6993');\n\tif (button) {\n\t\tbutton.onclick = function(e) {\n\t\t\tvar url = this.href.replace(\/share\\.php\/, 'sharer.php');\n\t\t\twindow.open(url,'sharer','toolbar=0,status=0,width=626,height=436');\n\t\t\treturn false;\n\t\t}\n\t\n\t\tif (button.id === 'facebook_share_button_6993') {\n\t\t\tbutton.onmouseover = function(){\n\t\t\t\tthis.style.color='#fff';\n\t\t\t\tthis.style.borderColor = '#295582';\n\t\t\t\tthis.style.backgroundColor = '#3b5998';\n\t\t\t}\n\t\t\tbutton.onmouseout = function(){\n\t\t\t\tthis.style.color = '#3b5998';\n\t\t\t\tthis.style.borderColor = '#d8dfea';\n\t\t\t\tthis.style.backgroundColor = '#fff';\n\t\t\t}\n\t\t}\n\t}\n\t-->\n\t<\/script><\/p>\n","protected":false},"excerpt":{"rendered":"<p>En ville, concentr\u00e9e sur les immeubles, les maisons, les b\u00e2timents, je suis r\u00e9guli\u00e8rement confront\u00e9e \u00e0 un probl\u00e8me photostentiel : les voitures ! Celles qui roulent, cr\u00e9ant un premier plan disgracieux ; celles qui sont gar\u00e9es, tronquant l&rsquo;appr\u00e9ciation des rez-de-chauss\u00e9e voire premiers \u00e9tages ! Dans les deux cas, cette pr\u00e9sence m\u00e9tallique fait na\u00eetre une question r\u00e9currente [&hellip;]<\/p>\n<a href=\"http:\/\/www.facebook.com\/share.php?u=https%3A%2F%2Fwww.loucamino.com%2F%3Fp%3D6993&amp;t=L%27auto%20de%20trop\" id=\"facebook_share_both_6993\" style=\"font-size:11px; line-height:13px; font-family:'lucida grande',tahoma,verdana,arial,sans-serif; text-decoration:none; padding:2px 0 0 20px; height:16px; background:url(http:\/\/b.static.ak.fbcdn.net\/images\/share\/facebook_share_icon.gif) no-repeat top left;\">Share on Facebook<\/a>\r\n\t<script type=\"text\/javascript\">\r\n\t<!--\r\n\tvar button = document.getElementById('facebook_share_link_6993') || document.getElementById('facebook_share_icon_6993') || document.getElementById('facebook_share_both_6993') || document.getElementById('facebook_share_button_6993');\r\n\tif (button) {\r\n\t\tbutton.onclick = function(e) {\r\n\t\t\tvar url = this.href.replace(\/share\\.php\/, 'sharer.php');\r\n\t\t\twindow.open(url,'sharer','toolbar=0,status=0,width=626,height=436');\r\n\t\t\treturn false;\r\n\t\t}\r\n\t\r\n\t\tif (button.id === 'facebook_share_button_6993') {\r\n\t\t\tbutton.onmouseover = function(){\r\n\t\t\t\tthis.style.color='#fff';\r\n\t\t\t\tthis.style.borderColor = '#295582';\r\n\t\t\t\tthis.style.backgroundColor = '#3b5998';\r\n\t\t\t}\r\n\t\t\tbutton.onmouseout = function(){\r\n\t\t\t\tthis.style.color = '#3b5998';\r\n\t\t\t\tthis.style.borderColor = '#d8dfea';\r\n\t\t\t\tthis.style.backgroundColor = '#fff';\r\n\t\t\t}\r\n\t\t}\r\n\t}\r\n\t-->\r\n\t<\/script>\r\n\t","protected":false},"author":1,"featured_media":0,"comment_status":"open","ping_status":"closed","sticky":false,"template":"","format":"standard","meta":{"ngg_post_thumbnail":0},"categories":[1],"tags":[320,1421,1420,1162,12,276,426,483,205,4205,131],"_links":{"self":[{"href":"https:\/\/www.loucamino.com\/index.php?rest_route=\/wp\/v2\/posts\/6993"}],"collection":[{"href":"https:\/\/www.loucamino.com\/index.php?rest_route=\/wp\/v2\/posts"}],"about":[{"href":"https:\/\/www.loucamino.com\/index.php?rest_route=\/wp\/v2\/types\/post"}],"author":[{"embeddable":true,"href":"https:\/\/www.loucamino.com\/index.php?rest_route=\/wp\/v2\/users\/1"}],"replies":[{"embeddable":true,"href":"https:\/\/www.loucamino.com\/index.php?rest_route=%2Fwp%2Fv2%2Fcomments&post=6993"}],"version-history":[{"count":0,"href":"https:\/\/www.loucamino.com\/index.php?rest_route=\/wp\/v2\/posts\/6993\/revisions"}],"wp:attachment":[{"href":"https:\/\/www.loucamino.com\/index.php?rest_route=%2Fwp%2Fv2%2Fmedia&parent=6993"}],"wp:term":[{"taxonomy":"category","embeddable":true,"href":"https:\/\/www.loucamino.com\/index.php?rest_route=%2Fwp%2Fv2%2Fcategories&post=6993"},{"taxonomy":"post_tag","embeddable":true,"href":"https:\/\/www.loucamino.com\/index.php?rest_route=%2Fwp%2Fv2%2Ftags&post=6993"}],"curies":[{"name":"wp","href":"https:\/\/api.w.org\/{rel}","templated":true}]}}