{"id":6750,"date":"2011-07-14T02:45:31","date_gmt":"2011-07-14T09:45:31","guid":{"rendered":"http:\/\/www.loucamino.com\/?p=6750"},"modified":"2011-07-14T02:53:26","modified_gmt":"2011-07-14T09:53:26","slug":"les-vacances-3_les-amis","status":"publish","type":"post","link":"https:\/\/www.loucamino.com\/?p=6750","title":{"rendered":"Les vacances # 3_Les amis"},"content":{"rendered":"<ul class=\"wpsocialite social-buttons large\"><\/ul><p><a href=\"http:\/\/www.loucamino.com\/wp-content\/uploads\/2011\/07\/DSC_6010-1_72.jpg\"><img loading=\"lazy\" class=\"aligncenter size-full wp-image-6751\" title=\"DSC_6010-1_72\" src=\"http:\/\/www.loucamino.com\/wp-content\/uploads\/2011\/07\/DSC_6010-1_72.jpg\" alt=\"\" width=\"550\" height=\"368\" srcset=\"https:\/\/www.loucamino.com\/wp-content\/uploads\/2011\/07\/DSC_6010-1_72.jpg 550w, https:\/\/www.loucamino.com\/wp-content\/uploads\/2011\/07\/DSC_6010-1_72-300x200.jpg 300w\" sizes=\"(max-width: 550px) 100vw, 550px\" \/><\/a><\/p>\n<p style=\"text-align: justify;\">Je profite de ne pas \u00eatre en vacances avec des amis pour \u00e9crire quelques mots sur les vacances entre amis. Ainsi, personne ne se sentira vis\u00e9 ! Donc, les vacances entre amis peuvent \u00eatre pleines de surprises, de bonnes comme de mauvaises. En th\u00e9orie, tout est super. Vous savez que vous vous entendez bien puisque vous \u00eates amis, et puis vous avez choisi la destination ensemble, \u00e9ventuellement la maison ou le g\u00eete, enfin le toit qui vous couvrira pendant cette p\u00e9riode festive. En pratique, c&rsquo;est un peu plus complexe. Car, par d\u00e9finition, vos amis, vous ne vivez pas avec eux.<\/p>\n<p style=\"text-align: justify;\">De fait, m\u00eame si vous vous connaissez depuis de nombreuses ann\u00e9es, vous ne savez pas tout d&rsquo;eux (la r\u00e9ciproque n&rsquo;est pas forc\u00e9ment vraie non plus ceci dit, mais \u00e7a aide&#8230;) et ces p\u00e9riodes de relaxe peuvent s&rsquo;apparenter \u00e0 de vrais r\u00e9v\u00e9lateurs de personnalit\u00e9s. M\u00eame si vous \u00eates amis, vous pouvez, par exemple, avoir des conceptions totalement diff\u00e9rentes des vacances : les uns pr\u00e9f\u00e9reront l&rsquo;option farniente &#8211; c&rsquo;est les vacances, je me re-po-se ! -,\u00a0 quand les autres voudront parcourir la r\u00e9gion \u00e9lue en long en large et en travers &#8211; donc, ce matin, en se levant \u00e0 6h, on peut voir le lever du soleil depuis le sommet de la montagne, descendre au village pour le march\u00e9 et aller visiter le mus\u00e9e de la marmotte&#8230; ah, et je crois qu&rsquo;il y a une randonn\u00e9e qui en part et qui va jusqu&rsquo;au lac, tu sais, celui des cartes postales&#8230; &#8211; ; les uns seront matinaux &#8211; t&rsquo;as entendu le coq ce matin ? &#8211; quand les autres auront tendance \u00e0 \u00e9merger en d\u00e9but d&rsquo;apr\u00e8s-midi en claironnant &#8211; bon, qu&rsquo;est-ce qu&rsquo;on fait aujourd&rsquo;hui ? ; les uns voudront tout faire ensemble &#8211; on est partis entre amis quand m\u00eame ! -, quand les autres seront partisans du chacun fait ce qu&rsquo;il veut &#8211; ce n&rsquo;est pas parce qu&rsquo;on est partis ensemble que l&rsquo;on doit tout faire ensemble ! -, les uns auront des enfants &#8211; 2, 3, 5, 6 et 12 ans &#8211; quand les autres n&rsquo;en auront pas\u00a0 &#8211; je ne comprends pas pourquoi on doit demander \u00e0 L\u00e9o si on peut aller faire du cano\u00eb cet apr\u00e8s-midi ! &#8211; tu comprends, il faut qu&rsquo;ils s&rsquo;amusent un peu aussi ; les uns pr\u00e9f\u00e9reront faire la cuisine &#8211; c&rsquo;est quand m\u00eame plus sympa, entre amis, allez, un atelier maki ! -, quand les autres ne voudront pas s&#8217;emb\u00eater avec \u00e7a et pr\u00e9f\u00e9reront aller au resto &#8211; quand bien m\u00eame leurs amis leur ont avou\u00e9 plus t\u00f4t \u00eatre un peu serr\u00e9s financi\u00e8rement &#8211; ; les uns feront le m\u00e9nage &#8211; on est 12 dans cette maison,\u00a0 faut bien que quelqu&rsquo;un s&rsquo;en occupe -, quand les autres les regarderont faire &#8211; je me tape le m\u00e9nage chez moi pendant tout l&rsquo;ann\u00e9e, je suis en vacances, je me re-po-se&#8230; j&rsquo;ai d\u00e9j\u00e0 lu \u00e7a quelque part&#8230;\u00a0 &#8211; ; les uns parleront beaucoup trop politique quand les autres n&rsquo;en auront que faire ; les uns seront aussi bruyants que les autres seront calmes, surtout Pascal qui ronfle vraiment \u00e9norm\u00e9ment et St\u00e9phanie qui crie \u00e0 travers la maison pour appeler son chat (elle a peur qu&rsquo;il se perde dans cet immense jardin qu&rsquo;il ne conna\u00eet pas), car oui, les uns viendront avec leurs b\u00eates \u00e0 poils quand les autres ne supporteront pas les animaux&#8230;<\/p>\n<p style=\"text-align: justify;\">Alors, au bout d&rsquo;un moment, malgr\u00e9 la bonne volont\u00e9 de chacun &#8211; ou pas d&rsquo;ailleurs &#8211; toutes ces divergences entre amis pourront cr\u00e9er des frictions, des tensions, des remises en question&#8230; Cela n&rsquo;alt\u00e8rera pas forc\u00e9ment votre amiti\u00e9, mais vous saurez \u00e0 quoi vous en tenir pour la conserver : ne plus jamais partir en vacances ensemble ! Bien s\u00fbr, cela peut aussi tr\u00e8s bien se passer. Mais, il para\u00eet que les histoires simples, \u00e7a n&rsquo;int\u00e9resse personne ! Cela donnerait : on est partis entre amis cet \u00e9t\u00e9 en vacances ! C&rsquo;\u00e9tait super ! On a d\u00e9j\u00e0 r\u00e9serv\u00e9 pour l&rsquo;ann\u00e9e prochaine. Voil\u00e0. C&rsquo;est fini. C&rsquo;est quand m\u00eame plus dr\u00f4le quand ce n&rsquo;est pas aussi rose, non ?<\/p>\n<div id=\"iLikeThis-6750\" class=\"iLikeThis\"><span class=\"counter\"><a onclick=\"likeThis(6750);\" class=\"image\">11<\/a><\/span><\/div>\n<p><a href=\"http:\/\/www.facebook.com\/share.php?u=https%3A%2F%2Fwww.loucamino.com%2F%3Fp%3D6750&amp;t=Les%20vacances%20%23%203_Les%20amis\" id=\"facebook_share_both_6750\" style=\"font-size:11px; line-height:13px; font-family:'lucida grande',tahoma,verdana,arial,sans-serif; text-decoration:none; padding:2px 0 0 20px; height:16px; background:url(http:\/\/b.static.ak.fbcdn.net\/images\/share\/facebook_share_icon.gif) no-repeat top left;\">Share on Facebook<\/a><br \/>\n\t<script type=\"text\/javascript\">\n\t<!--\n\tvar button = document.getElementById('facebook_share_link_6750') || document.getElementById('facebook_share_icon_6750') || document.getElementById('facebook_share_both_6750') || document.getElementById('facebook_share_button_6750');\n\tif (button) {\n\t\tbutton.onclick = function(e) {\n\t\t\tvar url = this.href.replace(\/share\\.php\/, 'sharer.php');\n\t\t\twindow.open(url,'sharer','toolbar=0,status=0,width=626,height=436');\n\t\t\treturn false;\n\t\t}\n\t\n\t\tif (button.id === 'facebook_share_button_6750') {\n\t\t\tbutton.onmouseover = function(){\n\t\t\t\tthis.style.color='#fff';\n\t\t\t\tthis.style.borderColor = '#295582';\n\t\t\t\tthis.style.backgroundColor = '#3b5998';\n\t\t\t}\n\t\t\tbutton.onmouseout = function(){\n\t\t\t\tthis.style.color = '#3b5998';\n\t\t\t\tthis.style.borderColor = '#d8dfea';\n\t\t\t\tthis.style.backgroundColor = '#fff';\n\t\t\t}\n\t\t}\n\t}\n\t-->\n\t<\/script><\/p>\n","protected":false},"excerpt":{"rendered":"<p>Je profite de ne pas \u00eatre en vacances avec des amis pour \u00e9crire quelques mots sur les vacances entre amis. Ainsi, personne ne se sentira vis\u00e9 ! Donc, les vacances entre amis peuvent \u00eatre pleines de surprises, de bonnes comme de mauvaises. En th\u00e9orie, tout est super. Vous savez que vous vous entendez bien puisque [&hellip;]<\/p>\n<a href=\"http:\/\/www.facebook.com\/share.php?u=https%3A%2F%2Fwww.loucamino.com%2F%3Fp%3D6750&amp;t=Les%20vacances%20%23%203_Les%20amis\" id=\"facebook_share_both_6750\" style=\"font-size:11px; line-height:13px; font-family:'lucida grande',tahoma,verdana,arial,sans-serif; text-decoration:none; padding:2px 0 0 20px; height:16px; background:url(http:\/\/b.static.ak.fbcdn.net\/images\/share\/facebook_share_icon.gif) no-repeat top left;\">Share on Facebook<\/a>\r\n\t<script type=\"text\/javascript\">\r\n\t<!--\r\n\tvar button = document.getElementById('facebook_share_link_6750') || document.getElementById('facebook_share_icon_6750') || document.getElementById('facebook_share_both_6750') || document.getElementById('facebook_share_button_6750');\r\n\tif (button) {\r\n\t\tbutton.onclick = function(e) {\r\n\t\t\tvar url = this.href.replace(\/share\\.php\/, 'sharer.php');\r\n\t\t\twindow.open(url,'sharer','toolbar=0,status=0,width=626,height=436');\r\n\t\t\treturn false;\r\n\t\t}\r\n\t\r\n\t\tif (button.id === 'facebook_share_button_6750') {\r\n\t\t\tbutton.onmouseover = function(){\r\n\t\t\t\tthis.style.color='#fff';\r\n\t\t\t\tthis.style.borderColor = '#295582';\r\n\t\t\t\tthis.style.backgroundColor = '#3b5998';\r\n\t\t\t}\r\n\t\t\tbutton.onmouseout = function(){\r\n\t\t\t\tthis.style.color = '#3b5998';\r\n\t\t\t\tthis.style.borderColor = '#d8dfea';\r\n\t\t\t\tthis.style.backgroundColor = '#fff';\r\n\t\t\t}\r\n\t\t}\r\n\t}\r\n\t-->\r\n\t<\/script>\r\n\t","protected":false},"author":1,"featured_media":0,"comment_status":"open","ping_status":"closed","sticky":false,"template":"","format":"standard","meta":{"ngg_post_thumbnail":0},"categories":[1],"tags":[1330,1331,300,132,461,4203,1332,502,1147,1059,4212],"_links":{"self":[{"href":"https:\/\/www.loucamino.com\/index.php?rest_route=\/wp\/v2\/posts\/6750"}],"collection":[{"href":"https:\/\/www.loucamino.com\/index.php?rest_route=\/wp\/v2\/posts"}],"about":[{"href":"https:\/\/www.loucamino.com\/index.php?rest_route=\/wp\/v2\/types\/post"}],"author":[{"embeddable":true,"href":"https:\/\/www.loucamino.com\/index.php?rest_route=\/wp\/v2\/users\/1"}],"replies":[{"embeddable":true,"href":"https:\/\/www.loucamino.com\/index.php?rest_route=%2Fwp%2Fv2%2Fcomments&post=6750"}],"version-history":[{"count":0,"href":"https:\/\/www.loucamino.com\/index.php?rest_route=\/wp\/v2\/posts\/6750\/revisions"}],"wp:attachment":[{"href":"https:\/\/www.loucamino.com\/index.php?rest_route=%2Fwp%2Fv2%2Fmedia&parent=6750"}],"wp:term":[{"taxonomy":"category","embeddable":true,"href":"https:\/\/www.loucamino.com\/index.php?rest_route=%2Fwp%2Fv2%2Fcategories&post=6750"},{"taxonomy":"post_tag","embeddable":true,"href":"https:\/\/www.loucamino.com\/index.php?rest_route=%2Fwp%2Fv2%2Ftags&post=6750"}],"curies":[{"name":"wp","href":"https:\/\/api.w.org\/{rel}","templated":true}]}}