{"id":6677,"date":"2011-06-30T02:45:51","date_gmt":"2011-06-30T09:45:51","guid":{"rendered":"http:\/\/www.loucamino.com\/?p=6677"},"modified":"2011-06-30T02:50:17","modified_gmt":"2011-06-30T09:50:17","slug":"objectif_3280-35_-sur-une-branche-perchee-avec-julia-vaidis-bogard","status":"publish","type":"post","link":"https:\/\/www.loucamino.com\/?p=6677","title":{"rendered":"Objectif_3280 # 35_ Sur une branche, perch\u00e9e avec Julia Vaidis-Bogard"},"content":{"rendered":"<ul class=\"wpsocialite social-buttons large\"><\/ul><p>On continue avec Julia Vaidis-Bogard et une nouveaut\u00e9 : trois r\u00e9ponses par \u00e9tapes, ou peut-\u00eatre pas&#8230; Nous verrons&#8230;<\/p>\n<p><strong>Quelle est la place de la photo dans votre vie\u00a0?<br \/>\n<\/strong>Tr\u00e8s ponctuelle. Et potentiellement tr\u00e8s Intense.<br \/>\nJe peux ne pas faire de photo pendant des lustres. des bails et des payes.<br \/>\net quand je m&#8217;embarque\u00a0dans un \u00ab\u00a0trip\u00a0\u00bb photographique, cela peut me mobiliser et me passionner toute enti\u00e8re.<br \/>\nje constate que , depuis quelques ann\u00e9es (et probablement cela co\u00efncide-t-il avec mon premier appareil num\u00e9rique), j&rsquo;ai un comportement de \u00ab\u00a0recherche\u00a0\u00bb. je cherche quelque chose. un cadre. une lumi\u00e8re. une mati\u00e8re. un moment qui passe. un \u00e9v\u00e8nement.\u00a0un tableau. ou tout b\u00eatement. Quelque chose.<br \/>\nquelque chose que je sens. que je pressens. que j&rsquo;ignore\u00a0totalement.<br \/>\net qui va, peut-\u00eatre, bien vouloir appara\u00eetre. sur une photo. ou l&rsquo;autre.<br \/>\nalors je mitraille pas mal.<br \/>\nje vole au vol. et j&rsquo;ai des sur-prises. ou pas.<br \/>\nje suis vraiment une photographe du dimanche. du voyage. ou de l&rsquo;instant. du Hasard.<br \/>\nje n&rsquo;y connais rien. j&rsquo;utilise toujours un autofocus que je sous-exploite lamentablement.<br \/>\nparce que je n&rsquo;ai jamais le courage de lire les notices et que je ne comprends rien \u00e0 la \u00ab\u00a0technique\u00a0\u00bb.<br \/>\nje r\u00eave parfois d&rsquo;une Initiation. pour apprivoiser cet Outil magique.<br \/>\nje me suis rendu compte aussi (l\u00e0 encore un champs ouvert par\u00a0le num\u00e9rique et les zooms puissants) que j&rsquo;ai tendance \u00e0 \u00ab\u00a0faire un focus\u00a0\u00bb. \u00e0 focaliser.<br \/>\nsur un sujet, un lieu, une impression que j&rsquo;ai. et dans laquelle j&rsquo;ai envie d&rsquo;entrer. que j&rsquo;aimerais explorer. capter. sous toutes les coutures.<br \/>\nalors je mitraille pas mal.<br \/>\nje zoome. je tourne autour. je focalise.<br \/>\nje n&rsquo;ai pas peur du flou. au contraire. et j&rsquo;aime les effets \u00e9tranges et involontaires.<br \/>\nje suis aussi, indubitablement, une photographe du Ciel. des Nuages.<br \/>\n\u00e0 cause du\u00a0dimanche\u00a0peut-\u00eatre ?..\u00a0\ud83d\ude42<br \/>\nMerveille absolue.\u00a0de forme. de lumi\u00e8re. de mati\u00e8re. en mouvement, en renouvellement permanent. Chef d&rsquo;Oeuvre vivant.<br \/>\nvisiblement palpable. ultra-organique.\u00a0et totalement imaginaire.\u00a0Incomparable.<br \/>\nje ne peux pas m&rsquo;en lasser. ni m&rsquo;en passer trop longtemps.<br \/>\npas besoin d&rsquo;\u00eatre photographe pour photographier le bonheur, la folie, l&rsquo;\u00e9motion, la beaut\u00e9 foudroyante,\u00a0d&rsquo;un Ciel.<br \/>\nil suffit d&rsquo;\u00eatre l\u00e0. d&rsquo;avoir ouvert les yeux.<br \/>\nen regardant le ciel, je re\u00e7ois souvent l&rsquo;intense illumination\u00a0que peut donner une\u00a0toile de ma\u00eetre.<br \/>\net peut-\u00eatre que je le regarde plus souvent que ceux qui en poss\u00e8dent une accroch\u00e9e dans leur salon.<br \/>\net pour sur, celle-l\u00e0, elle est infinie. une Merveille\u00a0de changements. une b\u00e9n\u00e9diction esth\u00e9tique\u00a0permanente.<br \/>\nNourriture quotidienne. Extases fr\u00e9quentes. Abondance Divine.<\/p>\n<div id=\"iLikeThis-6677\" class=\"iLikeThis\"><span class=\"counter\"><a onclick=\"likeThis(6677);\" class=\"image\">4<\/a><\/span><\/div>\n<p><a href=\"http:\/\/www.facebook.com\/share.php?u=https%3A%2F%2Fwww.loucamino.com%2F%3Fp%3D6677&amp;t=Objectif_3280%20%23%2035_%20Sur%20une%20branche%2C%20perch%C3%A9e%20avec%20Julia%20Vaidis-Bogard\" id=\"facebook_share_both_6677\" style=\"font-size:11px; line-height:13px; font-family:'lucida grande',tahoma,verdana,arial,sans-serif; text-decoration:none; padding:2px 0 0 20px; height:16px; background:url(http:\/\/b.static.ak.fbcdn.net\/images\/share\/facebook_share_icon.gif) no-repeat top left;\">Share on Facebook<\/a><br \/>\n\t<script type=\"text\/javascript\">\n\t<!--\n\tvar button = document.getElementById('facebook_share_link_6677') || document.getElementById('facebook_share_icon_6677') || document.getElementById('facebook_share_both_6677') || document.getElementById('facebook_share_button_6677');\n\tif (button) {\n\t\tbutton.onclick = function(e) {\n\t\t\tvar url = this.href.replace(\/share\\.php\/, 'sharer.php');\n\t\t\twindow.open(url,'sharer','toolbar=0,status=0,width=626,height=436');\n\t\t\treturn false;\n\t\t}\n\t\n\t\tif (button.id === 'facebook_share_button_6677') {\n\t\t\tbutton.onmouseover = function(){\n\t\t\t\tthis.style.color='#fff';\n\t\t\t\tthis.style.borderColor = '#295582';\n\t\t\t\tthis.style.backgroundColor = '#3b5998';\n\t\t\t}\n\t\t\tbutton.onmouseout = function(){\n\t\t\t\tthis.style.color = '#3b5998';\n\t\t\t\tthis.style.borderColor = '#d8dfea';\n\t\t\t\tthis.style.backgroundColor = '#fff';\n\t\t\t}\n\t\t}\n\t}\n\t-->\n\t<\/script><\/p>\n","protected":false},"excerpt":{"rendered":"<p>On continue avec Julia Vaidis-Bogard et une nouveaut\u00e9 : trois r\u00e9ponses par \u00e9tapes, ou peut-\u00eatre pas&#8230; Nous verrons&#8230; Quelle est la place de la photo dans votre vie\u00a0? Tr\u00e8s ponctuelle. Et potentiellement tr\u00e8s Intense. Je peux ne pas faire de photo pendant des lustres. des bails et des payes. et quand je m&#8217;embarque\u00a0dans un \u00ab\u00a0trip\u00a0\u00bb [&hellip;]<\/p>\n<a href=\"http:\/\/www.facebook.com\/share.php?u=https%3A%2F%2Fwww.loucamino.com%2F%3Fp%3D6677&amp;t=Objectif_3280%20%23%2035_%20Sur%20une%20branche%2C%20perch%C3%A9e%20avec%20Julia%20Vaidis-Bogard\" id=\"facebook_share_both_6677\" style=\"font-size:11px; line-height:13px; font-family:'lucida grande',tahoma,verdana,arial,sans-serif; text-decoration:none; padding:2px 0 0 20px; height:16px; background:url(http:\/\/b.static.ak.fbcdn.net\/images\/share\/facebook_share_icon.gif) no-repeat top left;\">Share on Facebook<\/a>\r\n\t<script type=\"text\/javascript\">\r\n\t<!--\r\n\tvar button = document.getElementById('facebook_share_link_6677') || document.getElementById('facebook_share_icon_6677') || document.getElementById('facebook_share_both_6677') || document.getElementById('facebook_share_button_6677');\r\n\tif (button) {\r\n\t\tbutton.onclick = function(e) {\r\n\t\t\tvar url = this.href.replace(\/share\\.php\/, 'sharer.php');\r\n\t\t\twindow.open(url,'sharer','toolbar=0,status=0,width=626,height=436');\r\n\t\t\treturn false;\r\n\t\t}\r\n\t\r\n\t\tif (button.id === 'facebook_share_button_6677') {\r\n\t\t\tbutton.onmouseover = function(){\r\n\t\t\t\tthis.style.color='#fff';\r\n\t\t\t\tthis.style.borderColor = '#295582';\r\n\t\t\t\tthis.style.backgroundColor = '#3b5998';\r\n\t\t\t}\r\n\t\t\tbutton.onmouseout = function(){\r\n\t\t\t\tthis.style.color = '#3b5998';\r\n\t\t\t\tthis.style.borderColor = '#d8dfea';\r\n\t\t\t\tthis.style.backgroundColor = '#fff';\r\n\t\t\t}\r\n\t\t}\r\n\t}\r\n\t-->\r\n\t<\/script>\r\n\t","protected":false},"author":1,"featured_media":0,"comment_status":"open","ping_status":"closed","sticky":false,"template":"","format":"standard","meta":{"ngg_post_thumbnail":0},"categories":[1,1203],"tags":[1209,1295,765,272,1208],"_links":{"self":[{"href":"https:\/\/www.loucamino.com\/index.php?rest_route=\/wp\/v2\/posts\/6677"}],"collection":[{"href":"https:\/\/www.loucamino.com\/index.php?rest_route=\/wp\/v2\/posts"}],"about":[{"href":"https:\/\/www.loucamino.com\/index.php?rest_route=\/wp\/v2\/types\/post"}],"author":[{"embeddable":true,"href":"https:\/\/www.loucamino.com\/index.php?rest_route=\/wp\/v2\/users\/1"}],"replies":[{"embeddable":true,"href":"https:\/\/www.loucamino.com\/index.php?rest_route=%2Fwp%2Fv2%2Fcomments&post=6677"}],"version-history":[{"count":0,"href":"https:\/\/www.loucamino.com\/index.php?rest_route=\/wp\/v2\/posts\/6677\/revisions"}],"wp:attachment":[{"href":"https:\/\/www.loucamino.com\/index.php?rest_route=%2Fwp%2Fv2%2Fmedia&parent=6677"}],"wp:term":[{"taxonomy":"category","embeddable":true,"href":"https:\/\/www.loucamino.com\/index.php?rest_route=%2Fwp%2Fv2%2Fcategories&post=6677"},{"taxonomy":"post_tag","embeddable":true,"href":"https:\/\/www.loucamino.com\/index.php?rest_route=%2Fwp%2Fv2%2Ftags&post=6677"}],"curies":[{"name":"wp","href":"https:\/\/api.w.org\/{rel}","templated":true}]}}