{"id":6675,"date":"2011-06-30T02:40:36","date_gmt":"2011-06-30T09:40:36","guid":{"rendered":"http:\/\/www.loucamino.com\/?p=6675"},"modified":"2011-10-22T04:16:41","modified_gmt":"2011-10-22T11:16:41","slug":"objectif_3280-34_-sur-une-branche-perchee-avec-nina-ripoll","status":"publish","type":"post","link":"https:\/\/www.loucamino.com\/?p=6675","title":{"rendered":"Objectif_3280 # 34_ Sur une branche, perch\u00e9e avec Nina Ripoll"},"content":{"rendered":"<ul class=\"wpsocialite social-buttons large\"><\/ul><p style=\"text-align: justify;\">On encha\u00eene avec Nina Ripoll&#8230;<\/p>\n<p style=\"text-align: justify;\"><strong>Quelle est la place de la photographie dans ta vie ?<\/strong> Une grande place. Je ne dirais m\u00eame pas une \u00ab\u00a0place\u00a0\u00bb comme si c&rsquo;\u00e9tait rang\u00e9 au milieu d&rsquo;autres choses de la vie car c&rsquo;est intimement li\u00e9 \u00e0 tout, et ce depuis pas mal de temps. Je suis pass\u00e9e par pas mal d&rsquo;approches diff\u00e9rentes en fait. Au d\u00e9part c&rsquo;\u00e9tait beaucoup de curiosit\u00e9 pour la technique, quand j&rsquo;ai d\u00e9couvert le d\u00e9veloppement gr\u00e2ce \u00e0 un atelier photo\/vid\u00e9o donn\u00e9 par des profs passionn\u00e9s, de la 6e \u00e0 la 3e. En fait, c&rsquo;est tr\u00e8s vite devenu un r\u00e9flexe. j&rsquo;avais assez souvent l&rsquo;appareil avec moi mais pas qu&rsquo;en vacances, plut\u00f4t dans la vie de tous les jours. Ne pas prendre quelque chose d&rsquo;extra-ordinaire mais au contraire l&rsquo;ordinaire, pour le marquer. En fait je m&rsquo;aper\u00e7ois combien c&rsquo;est li\u00e9 \u00e0 une sorte de peur du temps qui passe, peur d&rsquo;oublier les choses, les gens, les dates&#8230; \u00c7a me construisait (et c&rsquo;est toujours le cas) un genre de m\u00e9moire externe si l&rsquo;on peut dire ! Si j&rsquo;avais une photo sans date c&rsquo;\u00e9tait la cata ! Faut dire j&rsquo;adore organiser, et organiser des photos sans dates non mais ! Finalement en grandissant, en comprenant mieux les techniques de prises de vues et donc les possibilit\u00e9s (et je suppose en d\u00e9veloppant mon \u0153il), j&rsquo;ai de plus en plus d\u00e9vi\u00e9 vers la photo artistique (ce qui n&#8217;emp\u00eache pas bien sur de continuer \u00e0 \u00e9crire dans la m\u00e9moire externe !). En clair, prendre des photos de choses dont \u00ab\u00a0ma m\u00e9moire se fout\u00a0\u00bb ! \u00c7a c&rsquo;\u00e9tait au lyc\u00e9e. Mais je n&rsquo;avais pas encore compris que la photo c&rsquo;\u00e9tait MA passion. Je cherchais encore \u00ab\u00a0ce que je voulais vraiment faire\u00a0\u00bb. \u00c7a a pris encore quelques ann\u00e9es pour comprendre que j&rsquo;avais sous le nez &#8211; et depuis longtemps &#8211; une passion. Chose que j&rsquo;enviais \u00e0 d&rsquo;autres : \u00ab\u00a0avoir une passion\u00a0\u00bb. Rien que d&rsquo;avoir compris \u00e7a, \u00e7a m&rsquo;a ouvert les yeux sur toutes sortes d&rsquo;opportunit\u00e9s photographiques. Alors voil\u00e0, aujourd&rsquo;hui c&rsquo;est mon m\u00e9tier de c\u0153ur et particuli\u00e8rement ces derniers mois car je monte un projet : \u00e7a y est, je me suis d\u00e9cid\u00e9e \u00e0 faire quelque chose avec cette passion !<\/p>\n<p><strong>Quelle est l\u2019histoire de cette photo (L&rsquo;astronaute, <a href=\"..\/?page_id=6018&amp;ligne=7&amp;img=722\">G7, 722<\/a>) ?<\/strong> Je l&rsquo;ai prise lors du 400e anniversaire de la ville de Qu\u00e9bec (que je d\u00e9couvrais pour la premi\u00e8re fois). Ma premi\u00e8re sortie hors de Montr\u00e9al \u00e0 l&rsquo;hiver 2007, peu apr\u00e8s \u00eatre fra\u00eechement arriv\u00e9e au Canada. Je venais tout juste de r\u00e9cup\u00e9rer un nouvel appareil argentique (Minolta XD7) beaucoup plus \u00e9labor\u00e9 que celui que j&rsquo;avais \u00e0 l&rsquo;\u00e9poque : il y avait un posem\u00e8tre qui fonctionnait, un mode auto avec les diff\u00e9rentes priorit\u00e9s etc. ! \u00c7a changeait du Zenit TTL de 1978, il fallait que je test \u00e7a ! Donc, pour en revenir \u00e0 nos moutons, il y avait pour cette 400e un concours de sculptures sur glace. C&rsquo;\u00e9tait vraiment tr\u00e8s impressionnant, je n&rsquo;en avais jamais vu auparavant. J&rsquo;ai fais plusieurs photo num\u00e9riques qui ne m&rsquo;ont pas vraiment plu et pas longtemps avant de partir (\u00e0 la nuit tomb\u00e9e), j&rsquo;ai trip\u00e9 sur ce personnage. Allez savoir pourquoi, je me suis fourr\u00e9e dans la t\u00eate en voyant la photo qu&rsquo;il s&rsquo;agissait d&rsquo;un astronaute. Je sais pas, ce rond d&rsquo;horloge et la forme du perso m&rsquo;a \u00e9voqu\u00e9 une combinaison d&rsquo;astronaute. S\u00fbrement que le c\u00f4t\u00e9 lunaire de cette neige a eu son r\u00f4le a jouer l\u00e0-dedans. Enfin bref, voila, j&rsquo;ai pris ma photo &#8211; juste une &#8211; et comme je venais de r\u00e9cup\u00e9rer du mat\u00e9riel pour d\u00e9velopper j&rsquo;ai eu le plaisir de voir appara\u00eetre cet \u00e9trange personnage lunaire ! Du coup cette photo m&rsquo;\u00e9voque toute sortes de choses &#8211; consciemment et tr\u00e8s inconsciemment &#8211; li\u00e9es \u00e0 l&rsquo;espace, au temps, au voyage&#8230; Je l&rsquo;aime !<\/p>\n<p><strong>Quelle association d\u2019id\u00e9e t\u2019a pouss\u00e9e \u00e0 choisir cette photo ?<\/strong> Je suppose que c&rsquo;est relativement \u00e9vident, tellement que je ne sais pas vraiment quoi r\u00e9pondre du coup ! Enfin, quand j&rsquo;ai vu ces personnages dans la neige, cette photo de sculpture d&rsquo;un personnage dans la glace s&rsquo;est imm\u00e9diatement impos\u00e9e. Et comme j&rsquo;aime beaucoup cette photo&#8230; Je n&rsquo;ai pas cherch\u00e9 plus loin (ou devrais-je dire plus haut ou plus bas sur l&rsquo;arbre).<\/p>\n<div id=\"iLikeThis-6675\" class=\"iLikeThis\"><span class=\"counter\"><a onclick=\"likeThis(6675);\" class=\"image\">4<\/a><\/span><\/div>\n<p><a href=\"http:\/\/www.facebook.com\/share.php?u=https%3A%2F%2Fwww.loucamino.com%2F%3Fp%3D6675&amp;t=Objectif_3280%20%23%2034_%20Sur%20une%20branche%2C%20perch%C3%A9e%20avec%20Nina%20Ripoll\" id=\"facebook_share_both_6675\" style=\"font-size:11px; line-height:13px; font-family:'lucida grande',tahoma,verdana,arial,sans-serif; text-decoration:none; padding:2px 0 0 20px; height:16px; background:url(http:\/\/b.static.ak.fbcdn.net\/images\/share\/facebook_share_icon.gif) no-repeat top left;\">Share on Facebook<\/a><br \/>\n\t<script type=\"text\/javascript\">\n\t<!--\n\tvar button = document.getElementById('facebook_share_link_6675') || document.getElementById('facebook_share_icon_6675') || document.getElementById('facebook_share_both_6675') || document.getElementById('facebook_share_button_6675');\n\tif (button) {\n\t\tbutton.onclick = function(e) {\n\t\t\tvar url = this.href.replace(\/share\\.php\/, 'sharer.php');\n\t\t\twindow.open(url,'sharer','toolbar=0,status=0,width=626,height=436');\n\t\t\treturn false;\n\t\t}\n\t\n\t\tif (button.id === 'facebook_share_button_6675') {\n\t\t\tbutton.onmouseover = function(){\n\t\t\t\tthis.style.color='#fff';\n\t\t\t\tthis.style.borderColor = '#295582';\n\t\t\t\tthis.style.backgroundColor = '#3b5998';\n\t\t\t}\n\t\t\tbutton.onmouseout = function(){\n\t\t\t\tthis.style.color = '#3b5998';\n\t\t\t\tthis.style.borderColor = '#d8dfea';\n\t\t\t\tthis.style.backgroundColor = '#fff';\n\t\t\t}\n\t\t}\n\t}\n\t-->\n\t<\/script><\/p>\n","protected":false},"excerpt":{"rendered":"<p>On encha\u00eene avec Nina Ripoll&#8230; Quelle est la place de la photographie dans ta vie ? Une grande place. Je ne dirais m\u00eame pas une \u00ab\u00a0place\u00a0\u00bb comme si c&rsquo;\u00e9tait rang\u00e9 au milieu d&rsquo;autres choses de la vie car c&rsquo;est intimement li\u00e9 \u00e0 tout, et ce depuis pas mal de temps. Je suis pass\u00e9e par pas [&hellip;]<\/p>\n<a href=\"http:\/\/www.facebook.com\/share.php?u=https%3A%2F%2Fwww.loucamino.com%2F%3Fp%3D6675&amp;t=Objectif_3280%20%23%2034_%20Sur%20une%20branche%2C%20perch%C3%A9e%20avec%20Nina%20Ripoll\" id=\"facebook_share_both_6675\" style=\"font-size:11px; line-height:13px; font-family:'lucida grande',tahoma,verdana,arial,sans-serif; text-decoration:none; padding:2px 0 0 20px; height:16px; background:url(http:\/\/b.static.ak.fbcdn.net\/images\/share\/facebook_share_icon.gif) no-repeat top left;\">Share on Facebook<\/a>\r\n\t<script type=\"text\/javascript\">\r\n\t<!--\r\n\tvar button = document.getElementById('facebook_share_link_6675') || document.getElementById('facebook_share_icon_6675') || document.getElementById('facebook_share_both_6675') || document.getElementById('facebook_share_button_6675');\r\n\tif (button) {\r\n\t\tbutton.onclick = function(e) {\r\n\t\t\tvar url = this.href.replace(\/share\\.php\/, 'sharer.php');\r\n\t\t\twindow.open(url,'sharer','toolbar=0,status=0,width=626,height=436');\r\n\t\t\treturn false;\r\n\t\t}\r\n\t\r\n\t\tif (button.id === 'facebook_share_button_6675') {\r\n\t\t\tbutton.onmouseover = function(){\r\n\t\t\t\tthis.style.color='#fff';\r\n\t\t\t\tthis.style.borderColor = '#295582';\r\n\t\t\t\tthis.style.backgroundColor = '#3b5998';\r\n\t\t\t}\r\n\t\t\tbutton.onmouseout = function(){\r\n\t\t\t\tthis.style.color = '#3b5998';\r\n\t\t\t\tthis.style.borderColor = '#d8dfea';\r\n\t\t\t\tthis.style.backgroundColor = '#fff';\r\n\t\t\t}\r\n\t\t}\r\n\t}\r\n\t-->\r\n\t<\/script>\r\n\t","protected":false},"author":1,"featured_media":0,"comment_status":"open","ping_status":"closed","sticky":false,"template":"","format":"standard","meta":{"ngg_post_thumbnail":0},"categories":[1,1203],"tags":[1209,1293,765,272,1208],"_links":{"self":[{"href":"https:\/\/www.loucamino.com\/index.php?rest_route=\/wp\/v2\/posts\/6675"}],"collection":[{"href":"https:\/\/www.loucamino.com\/index.php?rest_route=\/wp\/v2\/posts"}],"about":[{"href":"https:\/\/www.loucamino.com\/index.php?rest_route=\/wp\/v2\/types\/post"}],"author":[{"embeddable":true,"href":"https:\/\/www.loucamino.com\/index.php?rest_route=\/wp\/v2\/users\/1"}],"replies":[{"embeddable":true,"href":"https:\/\/www.loucamino.com\/index.php?rest_route=%2Fwp%2Fv2%2Fcomments&post=6675"}],"version-history":[{"count":0,"href":"https:\/\/www.loucamino.com\/index.php?rest_route=\/wp\/v2\/posts\/6675\/revisions"}],"wp:attachment":[{"href":"https:\/\/www.loucamino.com\/index.php?rest_route=%2Fwp%2Fv2%2Fmedia&parent=6675"}],"wp:term":[{"taxonomy":"category","embeddable":true,"href":"https:\/\/www.loucamino.com\/index.php?rest_route=%2Fwp%2Fv2%2Fcategories&post=6675"},{"taxonomy":"post_tag","embeddable":true,"href":"https:\/\/www.loucamino.com\/index.php?rest_route=%2Fwp%2Fv2%2Ftags&post=6675"}],"curies":[{"name":"wp","href":"https:\/\/api.w.org\/{rel}","templated":true}]}}