{"id":6646,"date":"2011-06-27T15:31:20","date_gmt":"2011-06-27T22:31:20","guid":{"rendered":"http:\/\/www.loucamino.com\/?p=6646"},"modified":"2011-06-27T15:31:20","modified_gmt":"2011-06-27T22:31:20","slug":"objectif_3280-32_-sur-une-branche-perchee-avec-elsa-masson","status":"publish","type":"post","link":"https:\/\/www.loucamino.com\/?p=6646","title":{"rendered":"Objectif_3280 # 32_ Sur une branche, perch\u00e9e avec Elsa Masson"},"content":{"rendered":"<ul class=\"wpsocialite social-buttons large\"><\/ul><p style=\"text-align: justify;\"><a title=\"Sur une branche, perch\u00e9e avec...\" href=\"..\/?p=6172\" target=\"_blank\">\u201cSur une               branche, perch\u00e9e avec\u2026\u201d<\/a>,  un rendez-vous quotidien avec un    membre    de         l\u2019\u00e9chomunaut\u00e9\u2026 Tout de suite, Elsa Masson !<\/p>\n<p style=\"text-align: justify;\"><strong>Quelle est la place de la photographie dans votre vie ?<\/strong><strong> <\/strong>Petite, mon p\u00e8re faisait beaucoup de photos et cr\u00e9ait des mises en sc\u00e8ne auxquelles je participais avec beaucoup de plaisir. Ces photos sont encore l\u00e0, un peu jaunies et racornies, rang\u00e9es dans une bo\u00eete. J&rsquo;aime de temps en temps les ressortir pour me plonger dans ces souvenirs et ces instants d&rsquo;enfance que j&rsquo;aurais peut-\u00eatre oubli\u00e9s si les photos ne les avaient pas immortalis\u00e9s.<br \/>\nMoi, je me suis mise tard \u00e0 la photo : pour mon premier grand voyage, en Inde. L\u00e0-bas, impossible de me contenir : photographier ce que je voyais \u00e9tait un acte compulsif tant j&rsquo;\u00e9tais \u00e9merveill\u00e9e et surprise ! Il fallait que \u00e7a reste quelque part. J&rsquo;ai pris l&rsquo;habitude ensuite de voyager et de photographier. C&rsquo;est plus difficile au quotidien, mais j&rsquo;essaie quand m\u00eame de me promener avec mon appareil. Les choses apparaissent diff\u00e9remment, on devient plus attentif au monde qui nous entoure.<\/p>\n<p style=\"text-align: justify;\"><strong>Quelle est l\u2019histoire de cette photo (<\/strong><strong><em>Chacun pour soi !<\/em><\/strong><strong>, <em><a title=\"Objectif_3280 : g\u00e9n\u00e9ration 7\" href=\"http:\/\/www.loucamino.com\/?page_id=6018&amp;ligne=7&amp;img=68\" target=\"_blank\">G7, 68<\/a><\/em>) ?<\/strong> J&rsquo;\u00e9tais en vacances et venais de m&rsquo;acheter un nouvel appareil. Je testais toutes les fonctions possibles et m&rsquo;amusais assez. Ces chiens me plaisaient : leurs yeux avaient une couleur qui tranchait avec leur pelage. Lorsque j&rsquo;ai sorti mon appareil, ils ont entam\u00e9 une s\u00e9ance de nettoyage et n&rsquo;ont plus pr\u00eat\u00e9 attention \u00e0 moi. J&rsquo;ai appr\u00e9ci\u00e9 leur petit man\u00e8ge et trouv\u00e9 que \u00e7a pouvait bien rentrer dans le cadre.<\/p>\n<p style=\"text-align: justify;\"><strong>Quelle association d&rsquo;id\u00e9e vous a pouss\u00e9e \u00e0 choisir cette photo ?<\/strong> Dans le m\u00e9tro, les gens envoient non seulement des textos, mais racontent litt\u00e9ralement leur vie au t\u00e9l\u00e9phone sans la moindre pudeur. Peu importe qu&rsquo;il y ait du monde autour. Je trouvais que ces chiens avaient la m\u00eame attitude.<\/p>\n<div id=\"iLikeThis-6646\" class=\"iLikeThis\"><span class=\"counter\"><a onclick=\"likeThis(6646);\" class=\"image\">6<\/a><\/span><\/div>\n<p><a href=\"http:\/\/www.facebook.com\/share.php?u=https%3A%2F%2Fwww.loucamino.com%2F%3Fp%3D6646&amp;t=Objectif_3280%20%23%2032_%20Sur%20une%20branche%2C%20perch%C3%A9e%20avec%20Elsa%20Masson\" id=\"facebook_share_both_6646\" style=\"font-size:11px; line-height:13px; font-family:'lucida grande',tahoma,verdana,arial,sans-serif; text-decoration:none; padding:2px 0 0 20px; height:16px; background:url(http:\/\/b.static.ak.fbcdn.net\/images\/share\/facebook_share_icon.gif) no-repeat top left;\">Share on Facebook<\/a><br \/>\n\t<script type=\"text\/javascript\">\n\t<!--\n\tvar button = document.getElementById('facebook_share_link_6646') || document.getElementById('facebook_share_icon_6646') || document.getElementById('facebook_share_both_6646') || document.getElementById('facebook_share_button_6646');\n\tif (button) {\n\t\tbutton.onclick = function(e) {\n\t\t\tvar url = this.href.replace(\/share\\.php\/, 'sharer.php');\n\t\t\twindow.open(url,'sharer','toolbar=0,status=0,width=626,height=436');\n\t\t\treturn false;\n\t\t}\n\t\n\t\tif (button.id === 'facebook_share_button_6646') {\n\t\t\tbutton.onmouseover = function(){\n\t\t\t\tthis.style.color='#fff';\n\t\t\t\tthis.style.borderColor = '#295582';\n\t\t\t\tthis.style.backgroundColor = '#3b5998';\n\t\t\t}\n\t\t\tbutton.onmouseout = function(){\n\t\t\t\tthis.style.color = '#3b5998';\n\t\t\t\tthis.style.borderColor = '#d8dfea';\n\t\t\t\tthis.style.backgroundColor = '#fff';\n\t\t\t}\n\t\t}\n\t}\n\t-->\n\t<\/script><\/p>\n","protected":false},"excerpt":{"rendered":"<p>\u201cSur une branche, perch\u00e9e avec\u2026\u201d, un rendez-vous quotidien avec un membre de l\u2019\u00e9chomunaut\u00e9\u2026 Tout de suite, Elsa Masson ! Quelle est la place de la photographie dans votre vie ? Petite, mon p\u00e8re faisait beaucoup de photos et cr\u00e9ait des mises en sc\u00e8ne auxquelles je participais avec beaucoup de plaisir. Ces photos sont encore l\u00e0, [&hellip;]<\/p>\n<a href=\"http:\/\/www.facebook.com\/share.php?u=https%3A%2F%2Fwww.loucamino.com%2F%3Fp%3D6646&amp;t=Objectif_3280%20%23%2032_%20Sur%20une%20branche%2C%20perch%C3%A9e%20avec%20Elsa%20Masson\" id=\"facebook_share_both_6646\" style=\"font-size:11px; line-height:13px; font-family:'lucida grande',tahoma,verdana,arial,sans-serif; text-decoration:none; padding:2px 0 0 20px; height:16px; background:url(http:\/\/b.static.ak.fbcdn.net\/images\/share\/facebook_share_icon.gif) no-repeat top left;\">Share on Facebook<\/a>\r\n\t<script type=\"text\/javascript\">\r\n\t<!--\r\n\tvar button = document.getElementById('facebook_share_link_6646') || document.getElementById('facebook_share_icon_6646') || document.getElementById('facebook_share_both_6646') || document.getElementById('facebook_share_button_6646');\r\n\tif (button) {\r\n\t\tbutton.onclick = function(e) {\r\n\t\t\tvar url = this.href.replace(\/share\\.php\/, 'sharer.php');\r\n\t\t\twindow.open(url,'sharer','toolbar=0,status=0,width=626,height=436');\r\n\t\t\treturn false;\r\n\t\t}\r\n\t\r\n\t\tif (button.id === 'facebook_share_button_6646') {\r\n\t\t\tbutton.onmouseover = function(){\r\n\t\t\t\tthis.style.color='#fff';\r\n\t\t\t\tthis.style.borderColor = '#295582';\r\n\t\t\t\tthis.style.backgroundColor = '#3b5998';\r\n\t\t\t}\r\n\t\t\tbutton.onmouseout = function(){\r\n\t\t\t\tthis.style.color = '#3b5998';\r\n\t\t\t\tthis.style.borderColor = '#d8dfea';\r\n\t\t\t\tthis.style.backgroundColor = '#fff';\r\n\t\t\t}\r\n\t\t}\r\n\t}\r\n\t-->\r\n\t<\/script>\r\n\t","protected":false},"author":1,"featured_media":0,"comment_status":"open","ping_status":"closed","sticky":false,"template":"","format":"standard","meta":{"ngg_post_thumbnail":0},"categories":[1,1203],"tags":[1288,1209,765,272,1208],"_links":{"self":[{"href":"https:\/\/www.loucamino.com\/index.php?rest_route=\/wp\/v2\/posts\/6646"}],"collection":[{"href":"https:\/\/www.loucamino.com\/index.php?rest_route=\/wp\/v2\/posts"}],"about":[{"href":"https:\/\/www.loucamino.com\/index.php?rest_route=\/wp\/v2\/types\/post"}],"author":[{"embeddable":true,"href":"https:\/\/www.loucamino.com\/index.php?rest_route=\/wp\/v2\/users\/1"}],"replies":[{"embeddable":true,"href":"https:\/\/www.loucamino.com\/index.php?rest_route=%2Fwp%2Fv2%2Fcomments&post=6646"}],"version-history":[{"count":0,"href":"https:\/\/www.loucamino.com\/index.php?rest_route=\/wp\/v2\/posts\/6646\/revisions"}],"wp:attachment":[{"href":"https:\/\/www.loucamino.com\/index.php?rest_route=%2Fwp%2Fv2%2Fmedia&parent=6646"}],"wp:term":[{"taxonomy":"category","embeddable":true,"href":"https:\/\/www.loucamino.com\/index.php?rest_route=%2Fwp%2Fv2%2Fcategories&post=6646"},{"taxonomy":"post_tag","embeddable":true,"href":"https:\/\/www.loucamino.com\/index.php?rest_route=%2Fwp%2Fv2%2Ftags&post=6646"}],"curies":[{"name":"wp","href":"https:\/\/api.w.org\/{rel}","templated":true}]}}