{"id":6559,"date":"2011-06-23T23:35:59","date_gmt":"2011-06-24T06:35:59","guid":{"rendered":"http:\/\/www.loucamino.com\/?p=6559"},"modified":"2011-06-24T21:57:45","modified_gmt":"2011-06-25T04:57:45","slug":"objectif_3280-30_-sur-une-branche-perchee-avec-adriana-cruz","status":"publish","type":"post","link":"https:\/\/www.loucamino.com\/?p=6559","title":{"rendered":"Objectif_3280 # 30_ Sur une branche, perch\u00e9e avec Adriana Cruz"},"content":{"rendered":"<ul class=\"wpsocialite social-buttons large\"><\/ul><p style=\"text-align: justify;\"><a title=\"Sur une branche, perch\u00e9e avec...\" href=\"..\/?p=6172\" target=\"_blank\">\u201cSur une               branche, perch\u00e9e avec\u2026\u201d<\/a>,  un rendez-vous quotidien avec un    membre    de         l\u2019\u00e9chomunaut\u00e9\u2026 Pause avec Adriana Cruz.<\/p>\n<p style=\"text-align: justify;\"><strong>Quelle est la place de la photographie dans votre vie ?<\/strong> J\u2019ai grandi dans une famille passionn\u00e9e par la photographie. Quand j\u2019\u00e9tais enfant, par exemple, un laboratoire de d\u00e9veloppement avait \u00e9t\u00e9 improvis\u00e9 dans la salle de bain. Mais ce n&rsquo;est qu\u2019\u00e0 l&rsquo;\u00e9cole de graphisme que j&rsquo;ai d\u00e9couvert ma passion pour l&rsquo;image, mon go\u00fbt pour la photographie d\u2019un film. Pendant les cours, j&rsquo;ai compris qu&rsquo;il y avait autant de regards que de personnes et que chacun pouvait avoir une vision tr\u00e8s diff\u00e9rente d\u2019un m\u00eame environnement. Nous ne prenions jamais la m\u00eame photo et nous reconnaissions tout de suite qui avait pris quelle photo. A l\u2019\u00e9poque, j&rsquo;avais la chance d&rsquo;avoir un bon appareil avec un bon objectif, cela me donnait une sensation de libert\u00e9, celle d&rsquo;avoir une \u00ab\u00a0loupe\u00a0\u00bb vers l&rsquo;ext\u00e9rieur. J\u2019adorais d\u00e9velopper mes pellicules et \u00eatre la premi\u00e8re \u00e0 d\u00e9couvrir \u00ab\u00a0mon \u0153il\u00a0\u00bb, passer du temps \u00e0 chipoter et fignoler le tirage. Tout cet univers me passionnait. Malheureusement on m&rsquo;a vol\u00e9 mon appareil, et j&rsquo;ai senti que j&rsquo;avais perdu une partie de moi. Peu \u00e0 peu, les obligations familiales et professionnelles \u00a0m&rsquo;ont \u00e9loign\u00e9e de ma passion.<br \/>\nLes petits appareils num\u00e9riques l\u00e9gers qui entraient facilement dans le sac \u00e0 main ont ensuite fait mon affaire et j\u2019ai mitraill\u00e9 la famille, les amis pendant les f\u00eates, les voyages, sans me soucier de la composition&#8230; une esp\u00e8ce de pr\u00eat-\u00e0-photographier juste pour capter le souvenir du moment. L&rsquo;ann\u00e9e derni\u00e8re, un de mes fr\u00e8res m&rsquo;a offert un tr\u00e8s bon appareil num\u00e9rique semi-professionnel, et j&rsquo;ai retrouv\u00e9 le plaisir de composer une image ! Quel bonheur de retrouver cette sensation !<\/p>\n<p style=\"text-align: justify;\"><strong>Quelle est l\u2019histoire de cette photo (<em>Entr\u00e9e interdite<\/em><\/strong><strong>, <a title=\"Objectif_3280 : g\u00e9n\u00e9ration 6\" href=\"http:\/\/www.loucamino.com\/?page_id=6018&amp;ligne=6&amp;img=16\" target=\"_blank\">G6-16<\/a>) ?<\/strong> J&rsquo;aime cette image car c&rsquo;est une de mes premi\u00e8res photos effectu\u00e9es lorsque j&rsquo;ai repris la photo ! J&rsquo;\u00e9tais \u00e0 Panama City, ville en pleine croissance, qui conserve, pr\u00e8s du canal, des vestiges de zones \u00ab\u00a0occup\u00e9es\u00a0\u00bb par les Am\u00e9ricain pendant pr\u00e8s d\u2019un si\u00e8cle. Ce sont des endroits abandonn\u00e9s qui ressemblent \u00e0 des d\u00e9cors de studios de Hollywood.<\/p>\n<p style=\"text-align: justify;\"><strong>Quelle association d&rsquo;id\u00e9e vous a pouss\u00e9e \u00e0 choisir cette photo ? <\/strong>C&rsquo;est la contradiction entre une porte d&rsquo;entr\u00e9e, qui m\u00e8ne quelque part, et l\u2019interdiction de la franchir. La photo pr\u00e9c\u00e9dente montre de belles serrures et des poign\u00e9es dor\u00e9es, qui laissent percevoir ce qui nous attend une fois la porte franchie. J&rsquo;aime beaucoup la nettet\u00e9 du premier plan en contraste avec le flou du fond. L&rsquo;\u00e9l\u00e9ment est beau en soi, mais on se pose la question de ce qu&rsquo;il peut bien y avoir derri\u00e8re qui soit si pr\u00e9cieux pour en interdire l\u2019acc\u00e8s.<\/p>\n<p style=\"text-align: justify;\">In\u00e8s Sagiadinos sera la prochaine \u00e0 se poser sur la branche, et pour le moment, la derni\u00e8re&#8230;<\/p>\n<p style=\"text-align: justify;\">\n<div id=\"iLikeThis-6559\" class=\"iLikeThis\"><span class=\"counter\"><a onclick=\"likeThis(6559);\" class=\"image\">3<\/a><\/span><\/div>\n<p><a href=\"http:\/\/www.facebook.com\/share.php?u=https%3A%2F%2Fwww.loucamino.com%2F%3Fp%3D6559&amp;t=Objectif_3280%20%23%2030_%20Sur%20une%20branche%2C%20perch%C3%A9e%20avec%20Adriana%20Cruz\" id=\"facebook_share_both_6559\" style=\"font-size:11px; line-height:13px; font-family:'lucida grande',tahoma,verdana,arial,sans-serif; text-decoration:none; padding:2px 0 0 20px; height:16px; background:url(http:\/\/b.static.ak.fbcdn.net\/images\/share\/facebook_share_icon.gif) no-repeat top left;\">Share on Facebook<\/a><br \/>\n\t<script type=\"text\/javascript\">\n\t<!--\n\tvar button = document.getElementById('facebook_share_link_6559') || document.getElementById('facebook_share_icon_6559') || document.getElementById('facebook_share_both_6559') || document.getElementById('facebook_share_button_6559');\n\tif (button) {\n\t\tbutton.onclick = function(e) {\n\t\t\tvar url = this.href.replace(\/share\\.php\/, 'sharer.php');\n\t\t\twindow.open(url,'sharer','toolbar=0,status=0,width=626,height=436');\n\t\t\treturn false;\n\t\t}\n\t\n\t\tif (button.id === 'facebook_share_button_6559') {\n\t\t\tbutton.onmouseover = function(){\n\t\t\t\tthis.style.color='#fff';\n\t\t\t\tthis.style.borderColor = '#295582';\n\t\t\t\tthis.style.backgroundColor = '#3b5998';\n\t\t\t}\n\t\t\tbutton.onmouseout = function(){\n\t\t\t\tthis.style.color = '#3b5998';\n\t\t\t\tthis.style.borderColor = '#d8dfea';\n\t\t\t\tthis.style.backgroundColor = '#fff';\n\t\t\t}\n\t\t}\n\t}\n\t-->\n\t<\/script><\/p>\n","protected":false},"excerpt":{"rendered":"<p>\u201cSur une branche, perch\u00e9e avec\u2026\u201d, un rendez-vous quotidien avec un membre de l\u2019\u00e9chomunaut\u00e9\u2026 Pause avec Adriana Cruz. Quelle est la place de la photographie dans votre vie ? J\u2019ai grandi dans une famille passionn\u00e9e par la photographie. Quand j\u2019\u00e9tais enfant, par exemple, un laboratoire de d\u00e9veloppement avait \u00e9t\u00e9 improvis\u00e9 dans la salle de bain. Mais [&hellip;]<\/p>\n<a href=\"http:\/\/www.facebook.com\/share.php?u=https%3A%2F%2Fwww.loucamino.com%2F%3Fp%3D6559&amp;t=Objectif_3280%20%23%2030_%20Sur%20une%20branche%2C%20perch%C3%A9e%20avec%20Adriana%20Cruz\" id=\"facebook_share_both_6559\" style=\"font-size:11px; line-height:13px; font-family:'lucida grande',tahoma,verdana,arial,sans-serif; text-decoration:none; padding:2px 0 0 20px; height:16px; background:url(http:\/\/b.static.ak.fbcdn.net\/images\/share\/facebook_share_icon.gif) no-repeat top left;\">Share on Facebook<\/a>\r\n\t<script type=\"text\/javascript\">\r\n\t<!--\r\n\tvar button = document.getElementById('facebook_share_link_6559') || document.getElementById('facebook_share_icon_6559') || document.getElementById('facebook_share_both_6559') || document.getElementById('facebook_share_button_6559');\r\n\tif (button) {\r\n\t\tbutton.onclick = function(e) {\r\n\t\t\tvar url = this.href.replace(\/share\\.php\/, 'sharer.php');\r\n\t\t\twindow.open(url,'sharer','toolbar=0,status=0,width=626,height=436');\r\n\t\t\treturn false;\r\n\t\t}\r\n\t\r\n\t\tif (button.id === 'facebook_share_button_6559') {\r\n\t\t\tbutton.onmouseover = function(){\r\n\t\t\t\tthis.style.color='#fff';\r\n\t\t\t\tthis.style.borderColor = '#295582';\r\n\t\t\t\tthis.style.backgroundColor = '#3b5998';\r\n\t\t\t}\r\n\t\t\tbutton.onmouseout = function(){\r\n\t\t\t\tthis.style.color = '#3b5998';\r\n\t\t\t\tthis.style.borderColor = '#d8dfea';\r\n\t\t\t\tthis.style.backgroundColor = '#fff';\r\n\t\t\t}\r\n\t\t}\r\n\t}\r\n\t-->\r\n\t<\/script>\r\n\t","protected":false},"author":1,"featured_media":0,"comment_status":"open","ping_status":"closed","sticky":false,"template":"","format":"standard","meta":{"ngg_post_thumbnail":0},"categories":[1,1203],"tags":[1279,1209,765,272,1208],"_links":{"self":[{"href":"https:\/\/www.loucamino.com\/index.php?rest_route=\/wp\/v2\/posts\/6559"}],"collection":[{"href":"https:\/\/www.loucamino.com\/index.php?rest_route=\/wp\/v2\/posts"}],"about":[{"href":"https:\/\/www.loucamino.com\/index.php?rest_route=\/wp\/v2\/types\/post"}],"author":[{"embeddable":true,"href":"https:\/\/www.loucamino.com\/index.php?rest_route=\/wp\/v2\/users\/1"}],"replies":[{"embeddable":true,"href":"https:\/\/www.loucamino.com\/index.php?rest_route=%2Fwp%2Fv2%2Fcomments&post=6559"}],"version-history":[{"count":0,"href":"https:\/\/www.loucamino.com\/index.php?rest_route=\/wp\/v2\/posts\/6559\/revisions"}],"wp:attachment":[{"href":"https:\/\/www.loucamino.com\/index.php?rest_route=%2Fwp%2Fv2%2Fmedia&parent=6559"}],"wp:term":[{"taxonomy":"category","embeddable":true,"href":"https:\/\/www.loucamino.com\/index.php?rest_route=%2Fwp%2Fv2%2Fcategories&post=6559"},{"taxonomy":"post_tag","embeddable":true,"href":"https:\/\/www.loucamino.com\/index.php?rest_route=%2Fwp%2Fv2%2Ftags&post=6559"}],"curies":[{"name":"wp","href":"https:\/\/api.w.org\/{rel}","templated":true}]}}