{"id":6536,"date":"2011-06-20T18:32:24","date_gmt":"2011-06-21T01:32:24","guid":{"rendered":"http:\/\/www.loucamino.com\/?p=6536"},"modified":"2011-06-20T18:38:01","modified_gmt":"2011-06-21T01:38:01","slug":"objectif_3280-27_-sur-une-branche-perchee-avec-nicolas-bouillot","status":"publish","type":"post","link":"https:\/\/www.loucamino.com\/?p=6536","title":{"rendered":"Objectif_3280 # 27_ Sur une branche, perch\u00e9e avec Nicolas Bouillot"},"content":{"rendered":"<ul class=\"wpsocialite social-buttons large\"><\/ul><p style=\"text-align: justify;\"><a title=\"Sur une branche, perch\u00e9e avec...\" href=\"..\/?p=6172\" target=\"_blank\">\u201cSur une             branche, perch\u00e9e avec\u2026\u201d<\/a>,  un rendez-vous quotidien avec un  membre    de         l\u2019\u00e9chomunaut\u00e9\u2026 On poursuit \u00e0 Nicolas Bouillot.<\/p>\n<p style=\"text-align: justify;\"><strong>Quelle est la place de la photographie dans ta vie ? <\/strong>La photographie, c&rsquo;est l&rsquo;occasion pour moi de voir ce que je ne vois pas toujours avec mes yeux. La photo est donc un objet de curiosit\u00e9 pour moi.<\/p>\n<p style=\"text-align: justify;\"><strong>Quelle est l\u2019histoire de cette photo (<em>Sac d&rsquo;aspirateur, <a title=\"Objectif_3280 : g\u00e9n\u00e9ration 6\" href=\"http:\/\/www.loucamino.com\/?page_id=6018&amp;ligne=6&amp;img=88\" target=\"_blank\">G6-88<\/a><\/em><\/strong><strong>) ?<\/strong> Je vidais mon sac d&rsquo;aspirateur en tissu et j&rsquo;en ai pris une photo. Ensuite j\u2019ai am\u00e9lior\u00e9 la lumi\u00e8re pour lui donner un peu de volume.<\/p>\n<p style=\"text-align: justify;\"><strong>Quelle association d&rsquo;id\u00e9e t&rsquo;a pouss\u00e9 \u00e0 choisir cette photo ? <\/strong>Je venais de prendre la photo au moment de me d\u00e9cider \u00e0 proposer une premi\u00e8re photo pour cette deuxi\u00e8me \u00e9dition. Je pense que c&rsquo;est uniquement l&rsquo;entrelacement des courbes qui m&rsquo;a pouss\u00e9 \u00e0 ce choix. L&rsquo;association est largement discutable, mais l&rsquo;arbre permet aussi cela. De plus, pour avoir particip\u00e9 \u00e0 la premi\u00e8re version, je sais que l&rsquo;on peut attendre avec impatience les \u00e9chos faits \u00e0 nos photos. Bref, j&rsquo;esp\u00e8re avoir (agr\u00e9ablement) surpris mon pr\u00e9d\u00e9cesseur dans l&rsquo;arbre&#8230;<\/p>\n<p style=\"text-align: justify;\">Elizabeth Fleury sera la prochaine \u00e0 se poser sur la branche.<\/p>\n<p style=\"text-align: justify;\">\n<p style=\"text-align: justify;\"><a href=\"..\/?page_id=6018&amp;ligne=6&amp;img=88\"><br \/>\n<\/a><\/p>\n<p style=\"text-align: justify;\">\n<p style=\"text-align: justify;\">\n<div id=\"iLikeThis-6536\" class=\"iLikeThis\"><span class=\"counter\"><a onclick=\"likeThis(6536);\" class=\"image\">2<\/a><\/span><\/div>\n<p><a href=\"http:\/\/www.facebook.com\/share.php?u=https%3A%2F%2Fwww.loucamino.com%2F%3Fp%3D6536&amp;t=%20Objectif_3280%20%23%2027_%20Sur%20une%20branche%2C%20perch%C3%A9e%20avec%20Nicolas%20Bouillot\" id=\"facebook_share_both_6536\" style=\"font-size:11px; line-height:13px; font-family:'lucida grande',tahoma,verdana,arial,sans-serif; text-decoration:none; padding:2px 0 0 20px; height:16px; background:url(http:\/\/b.static.ak.fbcdn.net\/images\/share\/facebook_share_icon.gif) no-repeat top left;\">Share on Facebook<\/a><br \/>\n\t<script type=\"text\/javascript\">\n\t<!--\n\tvar button = document.getElementById('facebook_share_link_6536') || document.getElementById('facebook_share_icon_6536') || document.getElementById('facebook_share_both_6536') || document.getElementById('facebook_share_button_6536');\n\tif (button) {\n\t\tbutton.onclick = function(e) {\n\t\t\tvar url = this.href.replace(\/share\\.php\/, 'sharer.php');\n\t\t\twindow.open(url,'sharer','toolbar=0,status=0,width=626,height=436');\n\t\t\treturn false;\n\t\t}\n\t\n\t\tif (button.id === 'facebook_share_button_6536') {\n\t\t\tbutton.onmouseover = function(){\n\t\t\t\tthis.style.color='#fff';\n\t\t\t\tthis.style.borderColor = '#295582';\n\t\t\t\tthis.style.backgroundColor = '#3b5998';\n\t\t\t}\n\t\t\tbutton.onmouseout = function(){\n\t\t\t\tthis.style.color = '#3b5998';\n\t\t\t\tthis.style.borderColor = '#d8dfea';\n\t\t\t\tthis.style.backgroundColor = '#fff';\n\t\t\t}\n\t\t}\n\t}\n\t-->\n\t<\/script><\/p>\n","protected":false},"excerpt":{"rendered":"<p>\u201cSur une branche, perch\u00e9e avec\u2026\u201d, un rendez-vous quotidien avec un membre de l\u2019\u00e9chomunaut\u00e9\u2026 On poursuit \u00e0 Nicolas Bouillot. Quelle est la place de la photographie dans ta vie ? La photographie, c&rsquo;est l&rsquo;occasion pour moi de voir ce que je ne vois pas toujours avec mes yeux. La photo est donc un objet de curiosit\u00e9 [&hellip;]<\/p>\n<a href=\"http:\/\/www.facebook.com\/share.php?u=https%3A%2F%2Fwww.loucamino.com%2F%3Fp%3D6536&amp;t=%20Objectif_3280%20%23%2027_%20Sur%20une%20branche%2C%20perch%C3%A9e%20avec%20Nicolas%20Bouillot\" id=\"facebook_share_both_6536\" style=\"font-size:11px; line-height:13px; font-family:'lucida grande',tahoma,verdana,arial,sans-serif; text-decoration:none; padding:2px 0 0 20px; height:16px; background:url(http:\/\/b.static.ak.fbcdn.net\/images\/share\/facebook_share_icon.gif) no-repeat top left;\">Share on Facebook<\/a>\r\n\t<script type=\"text\/javascript\">\r\n\t<!--\r\n\tvar button = document.getElementById('facebook_share_link_6536') || document.getElementById('facebook_share_icon_6536') || document.getElementById('facebook_share_both_6536') || document.getElementById('facebook_share_button_6536');\r\n\tif (button) {\r\n\t\tbutton.onclick = function(e) {\r\n\t\t\tvar url = this.href.replace(\/share\\.php\/, 'sharer.php');\r\n\t\t\twindow.open(url,'sharer','toolbar=0,status=0,width=626,height=436');\r\n\t\t\treturn false;\r\n\t\t}\r\n\t\r\n\t\tif (button.id === 'facebook_share_button_6536') {\r\n\t\t\tbutton.onmouseover = function(){\r\n\t\t\t\tthis.style.color='#fff';\r\n\t\t\t\tthis.style.borderColor = '#295582';\r\n\t\t\t\tthis.style.backgroundColor = '#3b5998';\r\n\t\t\t}\r\n\t\t\tbutton.onmouseout = function(){\r\n\t\t\t\tthis.style.color = '#3b5998';\r\n\t\t\t\tthis.style.borderColor = '#d8dfea';\r\n\t\t\t\tthis.style.backgroundColor = '#fff';\r\n\t\t\t}\r\n\t\t}\r\n\t}\r\n\t-->\r\n\t<\/script>\r\n\t","protected":false},"author":1,"featured_media":0,"comment_status":"open","ping_status":"closed","sticky":false,"template":"","format":"standard","meta":{"ngg_post_thumbnail":0},"categories":[1,1203],"tags":[1209,1272,765,272,1208],"_links":{"self":[{"href":"https:\/\/www.loucamino.com\/index.php?rest_route=\/wp\/v2\/posts\/6536"}],"collection":[{"href":"https:\/\/www.loucamino.com\/index.php?rest_route=\/wp\/v2\/posts"}],"about":[{"href":"https:\/\/www.loucamino.com\/index.php?rest_route=\/wp\/v2\/types\/post"}],"author":[{"embeddable":true,"href":"https:\/\/www.loucamino.com\/index.php?rest_route=\/wp\/v2\/users\/1"}],"replies":[{"embeddable":true,"href":"https:\/\/www.loucamino.com\/index.php?rest_route=%2Fwp%2Fv2%2Fcomments&post=6536"}],"version-history":[{"count":0,"href":"https:\/\/www.loucamino.com\/index.php?rest_route=\/wp\/v2\/posts\/6536\/revisions"}],"wp:attachment":[{"href":"https:\/\/www.loucamino.com\/index.php?rest_route=%2Fwp%2Fv2%2Fmedia&parent=6536"}],"wp:term":[{"taxonomy":"category","embeddable":true,"href":"https:\/\/www.loucamino.com\/index.php?rest_route=%2Fwp%2Fv2%2Fcategories&post=6536"},{"taxonomy":"post_tag","embeddable":true,"href":"https:\/\/www.loucamino.com\/index.php?rest_route=%2Fwp%2Fv2%2Ftags&post=6536"}],"curies":[{"name":"wp","href":"https:\/\/api.w.org\/{rel}","templated":true}]}}