{"id":6520,"date":"2011-06-19T16:54:23","date_gmt":"2011-06-19T23:54:23","guid":{"rendered":"http:\/\/www.loucamino.com\/?p=6520"},"modified":"2011-06-19T16:55:38","modified_gmt":"2011-06-19T23:55:38","slug":"objectif_3280-25_-sur-une-branche-perchee-avec-jean-yves-terreault","status":"publish","type":"post","link":"https:\/\/www.loucamino.com\/?p=6520","title":{"rendered":"Objectif_3280 # 25_ Sur une branche, perch\u00e9e avec Jean-Yves Terreault"},"content":{"rendered":"<ul class=\"wpsocialite social-buttons large\"><\/ul><p style=\"text-align: justify;\"><a title=\"Sur une branche, perch\u00e9e avec...\" href=\"..\/?p=6172\" target=\"_blank\">\u201cSur une           branche, perch\u00e9e avec\u2026\u201d<\/a>,  un rendez-vous quotidien avec un membre   de         l\u2019\u00e9chomunaut\u00e9\u2026 Rencontre avec Jean-Yves Terrault.<\/p>\n<p style=\"text-align: justify;\"><strong>Quelle est la place de la photographie dans ta vie ? <\/strong>La photo est une forme d&rsquo;expression pour moi, qui me permet d&rsquo;arrondir mes fins de mois. Bien que toutes les photos que je fais n&rsquo;atteigne pas cet objectif, je me dirige de plus en plus vers des images qui sont plus que juste plaisantes esth\u00e9tiquement, qui ont une signification plus profonde. Je crois en l&rsquo;art comme v\u00e9hicule pour faire avancer la soci\u00e9t\u00e9, et je pr\u00e9f\u00e8re projeter un message positif.<\/p>\n<p style=\"text-align: justify;\"><strong>Quelle est l\u2019histoire de cette photo (<em>Lets dance<\/em><\/strong><strong>, <a title=\"Objectif_3280 : G\u00e9n\u00e9ration 6\" href=\"http:\/\/www.loucamino.com\/?page_id=6018&amp;ligne=6&amp;img=123\" target=\"_blank\">G6-123<\/a>) ? <\/strong>Chaque ann\u00e9e une galerie d&rsquo;art de Nara, Japon, organise une soir\u00e9e multi-disciplinaire dans le bar Absinthe \u00e0 Osaka. Aya Iida a dans\u00e9 pour le plus grand plaisir des spectateurs. Je trouve que cette photo exprime le mieux ce que je ressentis pendant la performance, et que l&rsquo;\u00e9clairage forme un 10, comme dans un score parfait, n&rsquo;est que la cerise sur le sundae. Pour voir d&rsquo;autres photos sur ladite soir\u00e9e, c&rsquo;est <a title=\"Soir\u00e9e Aya Iida\" href=\"http:\/\/www.headspace.jp\/en\/2011\/06\/06\/headspace-arts-music-festival-2011\/\" target=\"_blank\">l\u00e0<\/a>.<\/p>\n<p style=\"text-align: justify;\"><strong>Quelle association d&rsquo;id\u00e9e t&rsquo;a pouss\u00e9 \u00e0 choisir cette photo ? <\/strong>Le graffiti sur la photo pr\u00e9c\u00e9dente repr\u00e9sente par son sujet et sa forme des rythmes et j&rsquo;ai tout de suite pens\u00e9 \u00e0 cette photo-ci, comme si Aya Iida suivait la musique du DJ.<\/p>\n<p style=\"text-align: justify;\">La prochaine fois, pos\u00e9e sur la branche, Sarngsan na soontom. <strong> <\/strong><!-- @font-face {   font-family: \"Times New Roman\"; }p.MsoNormal, li.MsoNormal, div.MsoNormal { margin: 0cm 0cm 0.0001pt; font-size: 12pt; font-family: \"Times New Roman\"; }table.MsoNormalTable { font-size: 10pt; font-family: \"Times New Roman\"; }div.Section1 { page: Section1; } --><\/p>\n<p style=\"text-align: justify;\">\n<div id=\"iLikeThis-6520\" class=\"iLikeThis\"><span class=\"counter\"><a onclick=\"likeThis(6520);\" class=\"image\">2<\/a><\/span><\/div>\n<p><a href=\"http:\/\/www.facebook.com\/share.php?u=https%3A%2F%2Fwww.loucamino.com%2F%3Fp%3D6520&amp;t=Objectif_3280%20%23%2025_%20Sur%20une%20branche%2C%20perch%C3%A9e%20avec%20Jean-Yves%20Terreault\" id=\"facebook_share_both_6520\" style=\"font-size:11px; line-height:13px; font-family:'lucida grande',tahoma,verdana,arial,sans-serif; text-decoration:none; padding:2px 0 0 20px; height:16px; background:url(http:\/\/b.static.ak.fbcdn.net\/images\/share\/facebook_share_icon.gif) no-repeat top left;\">Share on Facebook<\/a><br \/>\n\t<script type=\"text\/javascript\">\n\t<!--\n\tvar button = document.getElementById('facebook_share_link_6520') || document.getElementById('facebook_share_icon_6520') || document.getElementById('facebook_share_both_6520') || document.getElementById('facebook_share_button_6520');\n\tif (button) {\n\t\tbutton.onclick = function(e) {\n\t\t\tvar url = this.href.replace(\/share\\.php\/, 'sharer.php');\n\t\t\twindow.open(url,'sharer','toolbar=0,status=0,width=626,height=436');\n\t\t\treturn false;\n\t\t}\n\t\n\t\tif (button.id === 'facebook_share_button_6520') {\n\t\t\tbutton.onmouseover = function(){\n\t\t\t\tthis.style.color='#fff';\n\t\t\t\tthis.style.borderColor = '#295582';\n\t\t\t\tthis.style.backgroundColor = '#3b5998';\n\t\t\t}\n\t\t\tbutton.onmouseout = function(){\n\t\t\t\tthis.style.color = '#3b5998';\n\t\t\t\tthis.style.borderColor = '#d8dfea';\n\t\t\t\tthis.style.backgroundColor = '#fff';\n\t\t\t}\n\t\t}\n\t}\n\t-->\n\t<\/script><\/p>\n","protected":false},"excerpt":{"rendered":"<p>\u201cSur une branche, perch\u00e9e avec\u2026\u201d, un rendez-vous quotidien avec un membre de l\u2019\u00e9chomunaut\u00e9\u2026 Rencontre avec Jean-Yves Terrault. Quelle est la place de la photographie dans ta vie ? La photo est une forme d&rsquo;expression pour moi, qui me permet d&rsquo;arrondir mes fins de mois. Bien que toutes les photos que je fais n&rsquo;atteigne pas cet [&hellip;]<\/p>\n<a href=\"http:\/\/www.facebook.com\/share.php?u=https%3A%2F%2Fwww.loucamino.com%2F%3Fp%3D6520&amp;t=Objectif_3280%20%23%2025_%20Sur%20une%20branche%2C%20perch%C3%A9e%20avec%20Jean-Yves%20Terreault\" id=\"facebook_share_both_6520\" style=\"font-size:11px; line-height:13px; font-family:'lucida grande',tahoma,verdana,arial,sans-serif; text-decoration:none; padding:2px 0 0 20px; height:16px; background:url(http:\/\/b.static.ak.fbcdn.net\/images\/share\/facebook_share_icon.gif) no-repeat top left;\">Share on Facebook<\/a>\r\n\t<script type=\"text\/javascript\">\r\n\t<!--\r\n\tvar button = document.getElementById('facebook_share_link_6520') || document.getElementById('facebook_share_icon_6520') || document.getElementById('facebook_share_both_6520') || document.getElementById('facebook_share_button_6520');\r\n\tif (button) {\r\n\t\tbutton.onclick = function(e) {\r\n\t\t\tvar url = this.href.replace(\/share\\.php\/, 'sharer.php');\r\n\t\t\twindow.open(url,'sharer','toolbar=0,status=0,width=626,height=436');\r\n\t\t\treturn false;\r\n\t\t}\r\n\t\r\n\t\tif (button.id === 'facebook_share_button_6520') {\r\n\t\t\tbutton.onmouseover = function(){\r\n\t\t\t\tthis.style.color='#fff';\r\n\t\t\t\tthis.style.borderColor = '#295582';\r\n\t\t\t\tthis.style.backgroundColor = '#3b5998';\r\n\t\t\t}\r\n\t\t\tbutton.onmouseout = function(){\r\n\t\t\t\tthis.style.color = '#3b5998';\r\n\t\t\t\tthis.style.borderColor = '#d8dfea';\r\n\t\t\t\tthis.style.backgroundColor = '#fff';\r\n\t\t\t}\r\n\t\t}\r\n\t}\r\n\t-->\r\n\t<\/script>\r\n\t","protected":false},"author":1,"featured_media":0,"comment_status":"open","ping_status":"closed","sticky":false,"template":"","format":"standard","meta":{"ngg_post_thumbnail":0},"categories":[1,1203],"tags":[1209,1270,765,272,1208],"_links":{"self":[{"href":"https:\/\/www.loucamino.com\/index.php?rest_route=\/wp\/v2\/posts\/6520"}],"collection":[{"href":"https:\/\/www.loucamino.com\/index.php?rest_route=\/wp\/v2\/posts"}],"about":[{"href":"https:\/\/www.loucamino.com\/index.php?rest_route=\/wp\/v2\/types\/post"}],"author":[{"embeddable":true,"href":"https:\/\/www.loucamino.com\/index.php?rest_route=\/wp\/v2\/users\/1"}],"replies":[{"embeddable":true,"href":"https:\/\/www.loucamino.com\/index.php?rest_route=%2Fwp%2Fv2%2Fcomments&post=6520"}],"version-history":[{"count":0,"href":"https:\/\/www.loucamino.com\/index.php?rest_route=\/wp\/v2\/posts\/6520\/revisions"}],"wp:attachment":[{"href":"https:\/\/www.loucamino.com\/index.php?rest_route=%2Fwp%2Fv2%2Fmedia&parent=6520"}],"wp:term":[{"taxonomy":"category","embeddable":true,"href":"https:\/\/www.loucamino.com\/index.php?rest_route=%2Fwp%2Fv2%2Fcategories&post=6520"},{"taxonomy":"post_tag","embeddable":true,"href":"https:\/\/www.loucamino.com\/index.php?rest_route=%2Fwp%2Fv2%2Ftags&post=6520"}],"curies":[{"name":"wp","href":"https:\/\/api.w.org\/{rel}","templated":true}]}}