{"id":6467,"date":"2011-06-15T22:06:38","date_gmt":"2011-06-16T05:06:38","guid":{"rendered":"http:\/\/www.loucamino.com\/?p=6467"},"modified":"2011-06-15T22:06:38","modified_gmt":"2011-06-16T05:06:38","slug":"objectif_3280-22_-sur-une-branche-perchee-avec-sarah-sid","status":"publish","type":"post","link":"https:\/\/www.loucamino.com\/?p=6467","title":{"rendered":"Objectif_3280 # 22_ Sur une branche, perch\u00e9e avec Sarah Sid"},"content":{"rendered":"<ul class=\"wpsocialite social-buttons large\"><\/ul><p style=\"text-align: justify;\"><a title=\"Sur une branche, perch\u00e9e avec...\" href=\"..\/?p=6172\" target=\"_blank\">\u201cSur une         branche, perch\u00e9e avec\u2026\u201d<\/a>,  un rendez-vous quotidien avec un membre de         l\u2019\u00e9chomunaut\u00e9\u2026 Tout de suite, Sarah Sid.<\/p>\n<p style=\"text-align: justify;\"><strong>Quelle est la place de la photographie dans ta vie ? <\/strong>La photographie a pris de la place cette ann\u00e9e dans mon quotidien, car je voulais pouvoir imprimer mes souvenirs d\u2019une ann\u00e9e de voyages au Canada et aux Etats-Unis. Photographier ces incroyables paysages mais aussi ces vues du quotidien permettent aussi de partager ces moments pass\u00e9s loin de la famille et des amis, et de les faire voyager un peu avec moi&#8230;<\/p>\n<p style=\"text-align: justify;\">Quant \u00e0 observer le travail photographique des autres, j&rsquo;aime les photos que je trouve esth\u00e9tiques, sans vraiment m&rsquo;interroger sur la technique ou ce qu&rsquo;a voulu montrer l&rsquo;artiste.<\/p>\n<p style=\"text-align: justify;\"><strong>Quelle est l\u2019histoire de cette photo (<em>La marque \u00e0 la malle et la rue font bon m\u00e9nage<\/em>, <a title=\"Objectif_3280 : G\u00e9n\u00e9ration 6\" href=\"http:\/\/www.loucamino.com\/?page_id=6018&amp;ligne=6&amp;img=212\" target=\"_blank\">G6-212<\/a>) ? <\/strong>Cette photo a \u00e9t\u00e9 prise \u00e0 New York en novembre dernier. Quand on voyage dans des pays \u00e0 la culture tr\u00e8s diff\u00e9rente, tout para\u00eet incroyable et la moindre sc\u00e8ne du quotidien devient un spectacle qu&rsquo;on voudrait photographier. Je trouve que New\u00a0York est des rares endroits o\u00f9 la culture est si proche de la n\u00f4tre et o\u00f9, \u00e0 la fois, tout para\u00eet plus d\u00e9paysant et plus photog\u00e9nique. C\u2019est une photo parmi tant d&rsquo;autres de cette mixit\u00e9 omnipr\u00e9sente, le summum du luxe fran\u00e7ais et un classique populaire de la culture am\u00e9ricaine.<\/p>\n<p style=\"text-align: justify;\"><strong>Quelle association d&rsquo;id\u00e9e t&rsquo;a pouss\u00e9e \u00e0 choisir cette photo ? <\/strong>Tout d&rsquo;abord, ces malles entass\u00e9es m&rsquo;ont fait penser au produit phare et \u00e0 l&rsquo;origine de Louis Vuitton. Ensuite, le rapport du luxe avec ce qu&rsquo;il y a de plus d\u00e9mocratique, la rue, l&rsquo;espace public.<\/p>\n<p style=\"text-align: justify;\">Ralf Beisel sera le prochain \u00e0 monter sur la branche.<\/p>\n<div id=\"iLikeThis-6467\" class=\"iLikeThis\"><span class=\"counter\"><a onclick=\"likeThis(6467);\" class=\"image\">5<\/a><\/span><\/div>\n<p><a href=\"http:\/\/www.facebook.com\/share.php?u=https%3A%2F%2Fwww.loucamino.com%2F%3Fp%3D6467&amp;t=Objectif_3280%20%23%2022_%20Sur%20une%20branche%2C%20perch%C3%A9e%20avec%20Sarah%20Sid%20\" id=\"facebook_share_both_6467\" style=\"font-size:11px; line-height:13px; font-family:'lucida grande',tahoma,verdana,arial,sans-serif; text-decoration:none; padding:2px 0 0 20px; height:16px; background:url(http:\/\/b.static.ak.fbcdn.net\/images\/share\/facebook_share_icon.gif) no-repeat top left;\">Share on Facebook<\/a><br \/>\n\t<script type=\"text\/javascript\">\n\t<!--\n\tvar button = document.getElementById('facebook_share_link_6467') || document.getElementById('facebook_share_icon_6467') || document.getElementById('facebook_share_both_6467') || document.getElementById('facebook_share_button_6467');\n\tif (button) {\n\t\tbutton.onclick = function(e) {\n\t\t\tvar url = this.href.replace(\/share\\.php\/, 'sharer.php');\n\t\t\twindow.open(url,'sharer','toolbar=0,status=0,width=626,height=436');\n\t\t\treturn false;\n\t\t}\n\t\n\t\tif (button.id === 'facebook_share_button_6467') {\n\t\t\tbutton.onmouseover = function(){\n\t\t\t\tthis.style.color='#fff';\n\t\t\t\tthis.style.borderColor = '#295582';\n\t\t\t\tthis.style.backgroundColor = '#3b5998';\n\t\t\t}\n\t\t\tbutton.onmouseout = function(){\n\t\t\t\tthis.style.color = '#3b5998';\n\t\t\t\tthis.style.borderColor = '#d8dfea';\n\t\t\t\tthis.style.backgroundColor = '#fff';\n\t\t\t}\n\t\t}\n\t}\n\t-->\n\t<\/script><\/p>\n","protected":false},"excerpt":{"rendered":"<p>\u201cSur une branche, perch\u00e9e avec\u2026\u201d, un rendez-vous quotidien avec un membre de l\u2019\u00e9chomunaut\u00e9\u2026 Tout de suite, Sarah Sid. Quelle est la place de la photographie dans ta vie ? La photographie a pris de la place cette ann\u00e9e dans mon quotidien, car je voulais pouvoir imprimer mes souvenirs d\u2019une ann\u00e9e de voyages au Canada et [&hellip;]<\/p>\n<a href=\"http:\/\/www.facebook.com\/share.php?u=https%3A%2F%2Fwww.loucamino.com%2F%3Fp%3D6467&amp;t=Objectif_3280%20%23%2022_%20Sur%20une%20branche%2C%20perch%C3%A9e%20avec%20Sarah%20Sid%20\" id=\"facebook_share_both_6467\" style=\"font-size:11px; line-height:13px; font-family:'lucida grande',tahoma,verdana,arial,sans-serif; text-decoration:none; padding:2px 0 0 20px; height:16px; background:url(http:\/\/b.static.ak.fbcdn.net\/images\/share\/facebook_share_icon.gif) no-repeat top left;\">Share on Facebook<\/a>\r\n\t<script type=\"text\/javascript\">\r\n\t<!--\r\n\tvar button = document.getElementById('facebook_share_link_6467') || document.getElementById('facebook_share_icon_6467') || document.getElementById('facebook_share_both_6467') || document.getElementById('facebook_share_button_6467');\r\n\tif (button) {\r\n\t\tbutton.onclick = function(e) {\r\n\t\t\tvar url = this.href.replace(\/share\\.php\/, 'sharer.php');\r\n\t\t\twindow.open(url,'sharer','toolbar=0,status=0,width=626,height=436');\r\n\t\t\treturn false;\r\n\t\t}\r\n\t\r\n\t\tif (button.id === 'facebook_share_button_6467') {\r\n\t\t\tbutton.onmouseover = function(){\r\n\t\t\t\tthis.style.color='#fff';\r\n\t\t\t\tthis.style.borderColor = '#295582';\r\n\t\t\t\tthis.style.backgroundColor = '#3b5998';\r\n\t\t\t}\r\n\t\t\tbutton.onmouseout = function(){\r\n\t\t\t\tthis.style.color = '#3b5998';\r\n\t\t\t\tthis.style.borderColor = '#d8dfea';\r\n\t\t\t\tthis.style.backgroundColor = '#fff';\r\n\t\t\t}\r\n\t\t}\r\n\t}\r\n\t-->\r\n\t<\/script>\r\n\t","protected":false},"author":1,"featured_media":0,"comment_status":"open","ping_status":"closed","sticky":false,"template":"","format":"standard","meta":{"ngg_post_thumbnail":0},"categories":[1,1203],"tags":[1209,765,272,1265,1208],"_links":{"self":[{"href":"https:\/\/www.loucamino.com\/index.php?rest_route=\/wp\/v2\/posts\/6467"}],"collection":[{"href":"https:\/\/www.loucamino.com\/index.php?rest_route=\/wp\/v2\/posts"}],"about":[{"href":"https:\/\/www.loucamino.com\/index.php?rest_route=\/wp\/v2\/types\/post"}],"author":[{"embeddable":true,"href":"https:\/\/www.loucamino.com\/index.php?rest_route=\/wp\/v2\/users\/1"}],"replies":[{"embeddable":true,"href":"https:\/\/www.loucamino.com\/index.php?rest_route=%2Fwp%2Fv2%2Fcomments&post=6467"}],"version-history":[{"count":0,"href":"https:\/\/www.loucamino.com\/index.php?rest_route=\/wp\/v2\/posts\/6467\/revisions"}],"wp:attachment":[{"href":"https:\/\/www.loucamino.com\/index.php?rest_route=%2Fwp%2Fv2%2Fmedia&parent=6467"}],"wp:term":[{"taxonomy":"category","embeddable":true,"href":"https:\/\/www.loucamino.com\/index.php?rest_route=%2Fwp%2Fv2%2Fcategories&post=6467"},{"taxonomy":"post_tag","embeddable":true,"href":"https:\/\/www.loucamino.com\/index.php?rest_route=%2Fwp%2Fv2%2Ftags&post=6467"}],"curies":[{"name":"wp","href":"https:\/\/api.w.org\/{rel}","templated":true}]}}