{"id":6460,"date":"2011-06-15T12:35:59","date_gmt":"2011-06-15T19:35:59","guid":{"rendered":"http:\/\/www.loucamino.com\/?p=6460"},"modified":"2011-06-15T12:36:15","modified_gmt":"2011-06-15T19:36:15","slug":"objectif_3280-21_-sur-une-branche-perchee-avec-gregoire-gravrand","status":"publish","type":"post","link":"https:\/\/www.loucamino.com\/?p=6460","title":{"rendered":"Objectif_3280 # 21_ Sur une branche, perch\u00e9e avec Gr\u00e9goire Gravrand"},"content":{"rendered":"<ul class=\"wpsocialite social-buttons large\"><\/ul><p style=\"text-align: justify;\"><a title=\"Sur une branche, perch\u00e9e avec...\" href=\"..\/?p=6172\" target=\"_blank\">\u201cSur une         branche, perch\u00e9e avec\u2026\u201d<\/a>,  un rendez-vous quotidien avec un membre de         l\u2019\u00e9chomunaut\u00e9\u2026 Rencontre avec Gr\u00e9goire Gravrand.<\/p>\n<p style=\"text-align: justify;\"><em><strong>Quelle est la place de la photographie dans ta vie ?<\/strong><\/em><strong> <\/strong>La photographie m&rsquo;est venue petit \u00e0 petit, finalement en m\u00eame temps que le montage vid\u00e9o. Maintenant c&rsquo;est donc le double de travail, et le num\u00e9rique n&rsquo;aide pas ! C&rsquo;est surtout lors des voyages que je prends le plus de photos, surtout comme souvenir&#8230; Je m&rsquo;\u00e9tais de plus en plus habitu\u00e9 \u00e0 ne prendre que des \u00ab\u00a0belles\u00a0\u00bb photos, mais je me suis aper\u00e7u que c&rsquo;est parfois devant des photos du quotidien que l&rsquo;on peut \u00eatre le plus nostalgique quelques ann\u00e9es plus tard&#8230;<\/p>\n<p><em><strong>Quelle est l\u2019histoire de cette photo (Pas de fronti\u00e8re pour lui<\/strong><\/em><strong>,<\/strong><em> <\/em><strong><a title=\"Objectif_3280 : g\u00e9n\u00e9ration 6\" href=\"http:\/\/www.loucamino.com\/?page_id=6018&amp;ligne=6&amp;img=232\" target=\"_blank\">G6-232<\/a>)\u00a0?<\/strong> Cette photo a \u00e9t\u00e9 prise \u00e0 La Push sur la c\u00f4te pacifique de l&rsquo;Etat de Washington. Apr\u00e8s une journ\u00e9e pass\u00e9e en voiture, nous arrivons vers 17h dans cet endroit loin de tout.\u00a0Au bout de la plage, il y a une digue. Derri\u00e8re, un petit port et quelques bateaux. La lumi\u00e8re est belle. Et peu \u00e0 peu, la nature s&rsquo;\u00e9veille : quelques lions de mer dans l&rsquo;eau, et des aigles allant d&rsquo;un rocher \u00e0 l&rsquo;autre&#8230; Au loin, deux aigles sur une branche, trop loin pour prendre une belle photo. Tout d&rsquo;un coup, un aigle se pose sur ce pyl\u00f4ne de bois \u00e0 quelques m\u00e8tres de moi. Il est rest\u00e9 plus d&rsquo;une heure comme s&rsquo;il posait sp\u00e9cialement pour la photo, bougeant la t\u00eate de temps en temps. Et d&rsquo;un coup, il a pris son envol et n&rsquo;est jamais revenu. J&rsquo;\u00e9teins mon appareil photo, plus de cent photos en plus<\/p>\n<p><em><strong>Quelle association d&rsquo;id\u00e9e t&rsquo;a pouss\u00e9 \u00e0 choisir cette photo ?<\/strong><\/em> Le fait de voir ces aigles si grands et voler si haut m&rsquo;a fait r\u00e9aliser l&rsquo;immensit\u00e9 de leur territoire, qui n&rsquo;a aucune fronti\u00e8re&#8230; Cependant, j&rsquo;ai appris hier que certains restaient au m\u00eame endroit plus de 5 ans, comme quoi&#8230;<\/p>\n<p style=\"text-align: justify;\">A suivre sur la branche, Sarah Sid.<\/p>\n<div id=\"iLikeThis-6460\" class=\"iLikeThis\"><span class=\"counter\"><a onclick=\"likeThis(6460);\" class=\"image\">4<\/a><\/span><\/div>\n<p><a href=\"http:\/\/www.facebook.com\/share.php?u=https%3A%2F%2Fwww.loucamino.com%2F%3Fp%3D6460&amp;t=Objectif_3280%20%23%2021_%20Sur%20une%20branche%2C%20perch%C3%A9e%20avec%20Gr%C3%A9goire%20Gravrand\" id=\"facebook_share_both_6460\" style=\"font-size:11px; line-height:13px; font-family:'lucida grande',tahoma,verdana,arial,sans-serif; text-decoration:none; padding:2px 0 0 20px; height:16px; background:url(http:\/\/b.static.ak.fbcdn.net\/images\/share\/facebook_share_icon.gif) no-repeat top left;\">Share on Facebook<\/a><br \/>\n\t<script type=\"text\/javascript\">\n\t<!--\n\tvar button = document.getElementById('facebook_share_link_6460') || document.getElementById('facebook_share_icon_6460') || document.getElementById('facebook_share_both_6460') || document.getElementById('facebook_share_button_6460');\n\tif (button) {\n\t\tbutton.onclick = function(e) {\n\t\t\tvar url = this.href.replace(\/share\\.php\/, 'sharer.php');\n\t\t\twindow.open(url,'sharer','toolbar=0,status=0,width=626,height=436');\n\t\t\treturn false;\n\t\t}\n\t\n\t\tif (button.id === 'facebook_share_button_6460') {\n\t\t\tbutton.onmouseover = function(){\n\t\t\t\tthis.style.color='#fff';\n\t\t\t\tthis.style.borderColor = '#295582';\n\t\t\t\tthis.style.backgroundColor = '#3b5998';\n\t\t\t}\n\t\t\tbutton.onmouseout = function(){\n\t\t\t\tthis.style.color = '#3b5998';\n\t\t\t\tthis.style.borderColor = '#d8dfea';\n\t\t\t\tthis.style.backgroundColor = '#fff';\n\t\t\t}\n\t\t}\n\t}\n\t-->\n\t<\/script><\/p>\n","protected":false},"excerpt":{"rendered":"<p>\u201cSur une branche, perch\u00e9e avec\u2026\u201d, un rendez-vous quotidien avec un membre de l\u2019\u00e9chomunaut\u00e9\u2026 Rencontre avec Gr\u00e9goire Gravrand. Quelle est la place de la photographie dans ta vie ? La photographie m&rsquo;est venue petit \u00e0 petit, finalement en m\u00eame temps que le montage vid\u00e9o. Maintenant c&rsquo;est donc le double de travail, et le num\u00e9rique n&rsquo;aide pas [&hellip;]<\/p>\n<a href=\"http:\/\/www.facebook.com\/share.php?u=https%3A%2F%2Fwww.loucamino.com%2F%3Fp%3D6460&amp;t=Objectif_3280%20%23%2021_%20Sur%20une%20branche%2C%20perch%C3%A9e%20avec%20Gr%C3%A9goire%20Gravrand\" id=\"facebook_share_both_6460\" style=\"font-size:11px; line-height:13px; font-family:'lucida grande',tahoma,verdana,arial,sans-serif; text-decoration:none; padding:2px 0 0 20px; height:16px; background:url(http:\/\/b.static.ak.fbcdn.net\/images\/share\/facebook_share_icon.gif) no-repeat top left;\">Share on Facebook<\/a>\r\n\t<script type=\"text\/javascript\">\r\n\t<!--\r\n\tvar button = document.getElementById('facebook_share_link_6460') || document.getElementById('facebook_share_icon_6460') || document.getElementById('facebook_share_both_6460') || document.getElementById('facebook_share_button_6460');\r\n\tif (button) {\r\n\t\tbutton.onclick = function(e) {\r\n\t\t\tvar url = this.href.replace(\/share\\.php\/, 'sharer.php');\r\n\t\t\twindow.open(url,'sharer','toolbar=0,status=0,width=626,height=436');\r\n\t\t\treturn false;\r\n\t\t}\r\n\t\r\n\t\tif (button.id === 'facebook_share_button_6460') {\r\n\t\t\tbutton.onmouseover = function(){\r\n\t\t\t\tthis.style.color='#fff';\r\n\t\t\t\tthis.style.borderColor = '#295582';\r\n\t\t\t\tthis.style.backgroundColor = '#3b5998';\r\n\t\t\t}\r\n\t\t\tbutton.onmouseout = function(){\r\n\t\t\t\tthis.style.color = '#3b5998';\r\n\t\t\t\tthis.style.borderColor = '#d8dfea';\r\n\t\t\t\tthis.style.backgroundColor = '#fff';\r\n\t\t\t}\r\n\t\t}\r\n\t}\r\n\t-->\r\n\t<\/script>\r\n\t","protected":false},"author":1,"featured_media":0,"comment_status":"open","ping_status":"closed","sticky":false,"template":"","format":"standard","meta":{"ngg_post_thumbnail":0},"categories":[1,1203],"tags":[1209,1264,765,272,1208],"_links":{"self":[{"href":"https:\/\/www.loucamino.com\/index.php?rest_route=\/wp\/v2\/posts\/6460"}],"collection":[{"href":"https:\/\/www.loucamino.com\/index.php?rest_route=\/wp\/v2\/posts"}],"about":[{"href":"https:\/\/www.loucamino.com\/index.php?rest_route=\/wp\/v2\/types\/post"}],"author":[{"embeddable":true,"href":"https:\/\/www.loucamino.com\/index.php?rest_route=\/wp\/v2\/users\/1"}],"replies":[{"embeddable":true,"href":"https:\/\/www.loucamino.com\/index.php?rest_route=%2Fwp%2Fv2%2Fcomments&post=6460"}],"version-history":[{"count":0,"href":"https:\/\/www.loucamino.com\/index.php?rest_route=\/wp\/v2\/posts\/6460\/revisions"}],"wp:attachment":[{"href":"https:\/\/www.loucamino.com\/index.php?rest_route=%2Fwp%2Fv2%2Fmedia&parent=6460"}],"wp:term":[{"taxonomy":"category","embeddable":true,"href":"https:\/\/www.loucamino.com\/index.php?rest_route=%2Fwp%2Fv2%2Fcategories&post=6460"},{"taxonomy":"post_tag","embeddable":true,"href":"https:\/\/www.loucamino.com\/index.php?rest_route=%2Fwp%2Fv2%2Ftags&post=6460"}],"curies":[{"name":"wp","href":"https:\/\/api.w.org\/{rel}","templated":true}]}}