{"id":6436,"date":"2011-06-13T12:57:30","date_gmt":"2011-06-13T19:57:30","guid":{"rendered":"http:\/\/www.loucamino.com\/?p=6436"},"modified":"2011-06-13T12:58:01","modified_gmt":"2011-06-13T19:58:01","slug":"objectif_3280-19_-sur-une-branche-perchee-avec-camille-ganivet","status":"publish","type":"post","link":"https:\/\/www.loucamino.com\/?p=6436","title":{"rendered":"Objectif_3280 # 19_ Sur une branche, perch\u00e9e avec Camille Ganivet"},"content":{"rendered":"<ul class=\"wpsocialite social-buttons large\"><\/ul><p style=\"text-align: justify;\"><a title=\"Sur une branche, perch\u00e9e avec...\" href=\"..\/?p=6172\" target=\"_blank\">\u201cSur une       branche, perch\u00e9e avec\u2026\u201d<\/a>,  un rendez-vous quotidien avec un membre de       l\u2019\u00e9chomunaut\u00e9\u2026 Au tour de Camille Ganivet.<\/p>\n<p style=\"text-align: justify;\"><em> <\/em><\/p>\n<p style=\"text-align: justify;\"><strong>Quelle est la place de la photographie dans ta vie ?<\/strong><strong> <\/strong>Pour moi c\u2019est : les amis, les vacances, les souvenirs, les voyages, les rencontres, etc. J\u2019adore faire des albums avec mes photos : retranscrire par l\u2019image ce que je viens de vivre, pouvoir me replonger dedans des ann\u00e9es apr\u00e8s. Je pense que c\u2019est aussi un moyen d\u2019immortaliser ces souvenirs&#8230; comme une mani\u00e8re de se rassurer : je n\u2019oublierai pas !!<\/p>\n<p style=\"text-align: justify;\">Et en m\u00eame temps il y aussi le plaisir de ne pas prendre la photo: se dire que non, ce moment l\u00e0, je l\u2019imprime dans ma t\u00eate mais pas sur une carte m\u00e9moire !! Le plaisir de fonctionner \u00e0 contrario : dans une soci\u00e9t\u00e9 o\u00f9 l\u2019image est pr\u00e9pond\u00e9rante, je choisis de ne pas immortaliser ce moment ailleurs que dans mon esprit.<\/p>\n<p style=\"text-align: justify;\"><strong>Quelle est l\u2019histoire de cette photo<\/strong><em><strong> (<\/strong><\/em><strong>Je pr\u00e9f\u00e8re y mettre mon doigt plut\u00f4t que ma t\u00eate, <a title=\"Objectif_3280 : g\u00e9n\u00e9ration 5\" href=\"http:\/\/www.loucamino.com\/?page_id=6018&amp;ligne=5&amp;img=36\" target=\"_blank\">G5-36<\/a><em>) ?<\/em><\/strong><em> <\/em>Tout a commenc\u00e9 avec une amie qui est partie en vacances \u00e0 l\u2019\u00e9tranger. Quand elle prenait des monuments ou des paysages c\u00e9l\u00e8bres en photo, de gentils passants lui proposaient de la prendre en photo devant ces sujets ! Mais non, elle n\u2019avait aucune envie d\u2019avoir sa t\u00eate devant ces monuments, paysages ou autres! Elle a donc pr\u00e9f\u00e9r\u00e9 y mettre son doigt. Doigt qui peut\/doit \u00eatre redessin\u00e9 suivant ou non le mod\u00e8le pris en photo. Elle a ensuite invit\u00e9 son entourage \u00e0 faire de m\u00eame et \u00e0 lui envoyer les photos! Ici pourquoi le Manneken Pis ? Certainement un des \u00ab\u00a0monuments\u00a0\u00bb les plus photographi\u00e9s au monde&#8230; et voir autant de monde essayer de se prendre en photo devant un si petit bonhomme&#8230; on se dit qu\u2019il est bien plus simple et dr\u00f4le d\u2019y mettre son doigt!<\/p>\n<p style=\"text-align: justify;\"><strong>Quelle association d&rsquo;id\u00e9e t&rsquo;a pouss\u00e9e \u00e0 choisir cette photo ?<\/strong> Le doigt! Bien \u00e9videmment!<\/p>\n<p style=\"text-align: justify;\">Tout \u00e0 l&rsquo;heure, Filip Sierpinski se posera sur la branche !<\/p>\n<p style=\"text-align: justify;\">\n<div id=\"iLikeThis-6436\" class=\"iLikeThis\"><span class=\"counter\"><a onclick=\"likeThis(6436);\" class=\"image\">2<\/a><\/span><\/div>\n<p><a href=\"http:\/\/www.facebook.com\/share.php?u=https%3A%2F%2Fwww.loucamino.com%2F%3Fp%3D6436&amp;t=Objectif_3280%20%23%2019_%20Sur%20une%20branche%2C%20perch%C3%A9e%20avec%20Camille%20Ganivet%20\" id=\"facebook_share_both_6436\" style=\"font-size:11px; line-height:13px; font-family:'lucida grande',tahoma,verdana,arial,sans-serif; text-decoration:none; padding:2px 0 0 20px; height:16px; background:url(http:\/\/b.static.ak.fbcdn.net\/images\/share\/facebook_share_icon.gif) no-repeat top left;\">Share on Facebook<\/a><br \/>\n\t<script type=\"text\/javascript\">\n\t<!--\n\tvar button = document.getElementById('facebook_share_link_6436') || document.getElementById('facebook_share_icon_6436') || document.getElementById('facebook_share_both_6436') || document.getElementById('facebook_share_button_6436');\n\tif (button) {\n\t\tbutton.onclick = function(e) {\n\t\t\tvar url = this.href.replace(\/share\\.php\/, 'sharer.php');\n\t\t\twindow.open(url,'sharer','toolbar=0,status=0,width=626,height=436');\n\t\t\treturn false;\n\t\t}\n\t\n\t\tif (button.id === 'facebook_share_button_6436') {\n\t\t\tbutton.onmouseover = function(){\n\t\t\t\tthis.style.color='#fff';\n\t\t\t\tthis.style.borderColor = '#295582';\n\t\t\t\tthis.style.backgroundColor = '#3b5998';\n\t\t\t}\n\t\t\tbutton.onmouseout = function(){\n\t\t\t\tthis.style.color = '#3b5998';\n\t\t\t\tthis.style.borderColor = '#d8dfea';\n\t\t\t\tthis.style.backgroundColor = '#fff';\n\t\t\t}\n\t\t}\n\t}\n\t-->\n\t<\/script><\/p>\n","protected":false},"excerpt":{"rendered":"<p>\u201cSur une branche, perch\u00e9e avec\u2026\u201d, un rendez-vous quotidien avec un membre de l\u2019\u00e9chomunaut\u00e9\u2026 Au tour de Camille Ganivet. Quelle est la place de la photographie dans ta vie ? Pour moi c\u2019est : les amis, les vacances, les souvenirs, les voyages, les rencontres, etc. J\u2019adore faire des albums avec mes photos : retranscrire par l\u2019image [&hellip;]<\/p>\n<a href=\"http:\/\/www.facebook.com\/share.php?u=https%3A%2F%2Fwww.loucamino.com%2F%3Fp%3D6436&amp;t=Objectif_3280%20%23%2019_%20Sur%20une%20branche%2C%20perch%C3%A9e%20avec%20Camille%20Ganivet%20\" id=\"facebook_share_both_6436\" style=\"font-size:11px; line-height:13px; font-family:'lucida grande',tahoma,verdana,arial,sans-serif; text-decoration:none; padding:2px 0 0 20px; height:16px; background:url(http:\/\/b.static.ak.fbcdn.net\/images\/share\/facebook_share_icon.gif) no-repeat top left;\">Share on Facebook<\/a>\r\n\t<script type=\"text\/javascript\">\r\n\t<!--\r\n\tvar button = document.getElementById('facebook_share_link_6436') || document.getElementById('facebook_share_icon_6436') || document.getElementById('facebook_share_both_6436') || document.getElementById('facebook_share_button_6436');\r\n\tif (button) {\r\n\t\tbutton.onclick = function(e) {\r\n\t\t\tvar url = this.href.replace(\/share\\.php\/, 'sharer.php');\r\n\t\t\twindow.open(url,'sharer','toolbar=0,status=0,width=626,height=436');\r\n\t\t\treturn false;\r\n\t\t}\r\n\t\r\n\t\tif (button.id === 'facebook_share_button_6436') {\r\n\t\t\tbutton.onmouseover = function(){\r\n\t\t\t\tthis.style.color='#fff';\r\n\t\t\t\tthis.style.borderColor = '#295582';\r\n\t\t\t\tthis.style.backgroundColor = '#3b5998';\r\n\t\t\t}\r\n\t\t\tbutton.onmouseout = function(){\r\n\t\t\t\tthis.style.color = '#3b5998';\r\n\t\t\t\tthis.style.borderColor = '#d8dfea';\r\n\t\t\t\tthis.style.backgroundColor = '#fff';\r\n\t\t\t}\r\n\t\t}\r\n\t}\r\n\t-->\r\n\t<\/script>\r\n\t","protected":false},"author":1,"featured_media":0,"comment_status":"open","ping_status":"closed","sticky":false,"template":"","format":"standard","meta":{"ngg_post_thumbnail":0},"categories":[1,1203],"tags":[1256,1209,765,952,272,1208],"_links":{"self":[{"href":"https:\/\/www.loucamino.com\/index.php?rest_route=\/wp\/v2\/posts\/6436"}],"collection":[{"href":"https:\/\/www.loucamino.com\/index.php?rest_route=\/wp\/v2\/posts"}],"about":[{"href":"https:\/\/www.loucamino.com\/index.php?rest_route=\/wp\/v2\/types\/post"}],"author":[{"embeddable":true,"href":"https:\/\/www.loucamino.com\/index.php?rest_route=\/wp\/v2\/users\/1"}],"replies":[{"embeddable":true,"href":"https:\/\/www.loucamino.com\/index.php?rest_route=%2Fwp%2Fv2%2Fcomments&post=6436"}],"version-history":[{"count":0,"href":"https:\/\/www.loucamino.com\/index.php?rest_route=\/wp\/v2\/posts\/6436\/revisions"}],"wp:attachment":[{"href":"https:\/\/www.loucamino.com\/index.php?rest_route=%2Fwp%2Fv2%2Fmedia&parent=6436"}],"wp:term":[{"taxonomy":"category","embeddable":true,"href":"https:\/\/www.loucamino.com\/index.php?rest_route=%2Fwp%2Fv2%2Fcategories&post=6436"},{"taxonomy":"post_tag","embeddable":true,"href":"https:\/\/www.loucamino.com\/index.php?rest_route=%2Fwp%2Fv2%2Ftags&post=6436"}],"curies":[{"name":"wp","href":"https:\/\/api.w.org\/{rel}","templated":true}]}}