{"id":6417,"date":"2011-06-12T10:41:17","date_gmt":"2011-06-12T17:41:17","guid":{"rendered":"http:\/\/www.loucamino.com\/?p=6417"},"modified":"2011-06-12T10:41:17","modified_gmt":"2011-06-12T17:41:17","slug":"objectif_3280-18_-sur-une-branche-perchee-avec-julien-peigney","status":"publish","type":"post","link":"https:\/\/www.loucamino.com\/?p=6417","title":{"rendered":"Objectif_3280 # 18_ Sur une branche, perch\u00e9e avec Julien Peigney"},"content":{"rendered":"<ul class=\"wpsocialite social-buttons large\"><\/ul><p style=\"text-align: justify;\"><a title=\"Sur une branche, perch\u00e9e avec...\" href=\"..\/?p=6172\" target=\"_blank\">\u201cSur une      branche, perch\u00e9e avec\u2026\u201d<\/a>,  un rendez-vous quotidien avec un membre de      l\u2019\u00e9chomunaut\u00e9\u2026 Tout de suite, Julien Peigney.<\/p>\n<p style=\"text-align: justify;\"><strong>Quelle est la place de la photographie dans ta vie ? <\/strong>La photographie reste pour moi un moment de souvenirs. Je prends peu de photos et ne poss\u00e8de d&rsquo;ailleurs aucun appareil pour le moment hormis l&rsquo;APN de mon t\u00e9l\u00e9phone portable. J&rsquo;ai malgr\u00e9 tout toujours appr\u00e9ci\u00e9 les belles photographies, artistiques ou purement techniques, et admir\u00e9 le talent de ceux qui les prenaient. Je compte d&rsquo;ailleurs bien un jour consacrer du temps au plaisir de la photographie.<\/p>\n<p style=\"text-align: justify;\"><strong>Quelle est l\u2019histoire de cette photo (<em>Raviver les couleurs, <a title=\"Objectif_3280 : G\u00e9n\u00e9ration 6\" href=\"http:\/\/www.loucamino.com\/?page_id=6018&amp;ligne=6&amp;img=131\" target=\"_blank\">G6-131<\/a><\/em><\/strong><strong>) ?<\/strong><strong> <\/strong>Un voyage au Maroc et la visite d&rsquo;une ville splendide o\u00f9 la couleur est omnipr\u00e9sente et apporte une grande qui\u00e9tude au lieu. Cet homme qui peint la porte de sa maison t\u00e9moigne d&rsquo;une participation collective \u00e0 rendre plus beau et plus joyeux leur lieu de vie et j&rsquo;avoue avoir particuli\u00e8rement aim\u00e9 \u00e7a.<\/p>\n<p style=\"text-align: justify;\"><strong>Quelle association d&rsquo;id\u00e9e t&rsquo;a pouss\u00e9 \u00e0 choisir cette photo ? <\/strong>Je ferai r\u00e9f\u00e9rence \u00e0 ma r\u00e9ponse pr\u00e9c\u00e9dente en ajoutant qu&rsquo;il suffit parfois d&rsquo;un peu de couleur pour bannir la tristesse.<\/p>\n<p style=\"text-align: justify;\">Camille Ganivet sera la prochaine, et pour le moment la derni\u00e8re, \u00e0 monter sur la branche&#8230; Donc, chers participants, n&rsquo;h\u00e9sitez pas \u00e0 partager votre prose, si le coeur vous en dit&#8230;<\/p>\n<div id=\"iLikeThis-6417\" class=\"iLikeThis\"><span class=\"counter\"><a onclick=\"likeThis(6417);\" class=\"image\">3<\/a><\/span><\/div>\n<p><a href=\"http:\/\/www.facebook.com\/share.php?u=https%3A%2F%2Fwww.loucamino.com%2F%3Fp%3D6417&amp;t=Objectif_3280%20%23%2018_%20Sur%20une%20branche%2C%20perch%C3%A9e%20avec%20Julien%20Peigney%20\" id=\"facebook_share_both_6417\" style=\"font-size:11px; line-height:13px; font-family:'lucida grande',tahoma,verdana,arial,sans-serif; text-decoration:none; padding:2px 0 0 20px; height:16px; background:url(http:\/\/b.static.ak.fbcdn.net\/images\/share\/facebook_share_icon.gif) no-repeat top left;\">Share on Facebook<\/a><br \/>\n\t<script type=\"text\/javascript\">\n\t<!--\n\tvar button = document.getElementById('facebook_share_link_6417') || document.getElementById('facebook_share_icon_6417') || document.getElementById('facebook_share_both_6417') || document.getElementById('facebook_share_button_6417');\n\tif (button) {\n\t\tbutton.onclick = function(e) {\n\t\t\tvar url = this.href.replace(\/share\\.php\/, 'sharer.php');\n\t\t\twindow.open(url,'sharer','toolbar=0,status=0,width=626,height=436');\n\t\t\treturn false;\n\t\t}\n\t\n\t\tif (button.id === 'facebook_share_button_6417') {\n\t\t\tbutton.onmouseover = function(){\n\t\t\t\tthis.style.color='#fff';\n\t\t\t\tthis.style.borderColor = '#295582';\n\t\t\t\tthis.style.backgroundColor = '#3b5998';\n\t\t\t}\n\t\t\tbutton.onmouseout = function(){\n\t\t\t\tthis.style.color = '#3b5998';\n\t\t\t\tthis.style.borderColor = '#d8dfea';\n\t\t\t\tthis.style.backgroundColor = '#fff';\n\t\t\t}\n\t\t}\n\t}\n\t-->\n\t<\/script><\/p>\n","protected":false},"excerpt":{"rendered":"<p>\u201cSur une branche, perch\u00e9e avec\u2026\u201d, un rendez-vous quotidien avec un membre de l\u2019\u00e9chomunaut\u00e9\u2026 Tout de suite, Julien Peigney. Quelle est la place de la photographie dans ta vie ? La photographie reste pour moi un moment de souvenirs. Je prends peu de photos et ne poss\u00e8de d&rsquo;ailleurs aucun appareil pour le moment hormis l&rsquo;APN de [&hellip;]<\/p>\n<a href=\"http:\/\/www.facebook.com\/share.php?u=https%3A%2F%2Fwww.loucamino.com%2F%3Fp%3D6417&amp;t=Objectif_3280%20%23%2018_%20Sur%20une%20branche%2C%20perch%C3%A9e%20avec%20Julien%20Peigney%20\" id=\"facebook_share_both_6417\" style=\"font-size:11px; line-height:13px; font-family:'lucida grande',tahoma,verdana,arial,sans-serif; text-decoration:none; padding:2px 0 0 20px; height:16px; background:url(http:\/\/b.static.ak.fbcdn.net\/images\/share\/facebook_share_icon.gif) no-repeat top left;\">Share on Facebook<\/a>\r\n\t<script type=\"text\/javascript\">\r\n\t<!--\r\n\tvar button = document.getElementById('facebook_share_link_6417') || document.getElementById('facebook_share_icon_6417') || document.getElementById('facebook_share_both_6417') || document.getElementById('facebook_share_button_6417');\r\n\tif (button) {\r\n\t\tbutton.onclick = function(e) {\r\n\t\t\tvar url = this.href.replace(\/share\\.php\/, 'sharer.php');\r\n\t\t\twindow.open(url,'sharer','toolbar=0,status=0,width=626,height=436');\r\n\t\t\treturn false;\r\n\t\t}\r\n\t\r\n\t\tif (button.id === 'facebook_share_button_6417') {\r\n\t\t\tbutton.onmouseover = function(){\r\n\t\t\t\tthis.style.color='#fff';\r\n\t\t\t\tthis.style.borderColor = '#295582';\r\n\t\t\t\tthis.style.backgroundColor = '#3b5998';\r\n\t\t\t}\r\n\t\t\tbutton.onmouseout = function(){\r\n\t\t\t\tthis.style.color = '#3b5998';\r\n\t\t\t\tthis.style.borderColor = '#d8dfea';\r\n\t\t\t\tthis.style.backgroundColor = '#fff';\r\n\t\t\t}\r\n\t\t}\r\n\t}\r\n\t-->\r\n\t<\/script>\r\n\t","protected":false},"author":1,"featured_media":0,"comment_status":"open","ping_status":"closed","sticky":false,"template":"","format":"standard","meta":{"ngg_post_thumbnail":0},"categories":[1,1203],"tags":[1209,1252,765,272,1208],"_links":{"self":[{"href":"https:\/\/www.loucamino.com\/index.php?rest_route=\/wp\/v2\/posts\/6417"}],"collection":[{"href":"https:\/\/www.loucamino.com\/index.php?rest_route=\/wp\/v2\/posts"}],"about":[{"href":"https:\/\/www.loucamino.com\/index.php?rest_route=\/wp\/v2\/types\/post"}],"author":[{"embeddable":true,"href":"https:\/\/www.loucamino.com\/index.php?rest_route=\/wp\/v2\/users\/1"}],"replies":[{"embeddable":true,"href":"https:\/\/www.loucamino.com\/index.php?rest_route=%2Fwp%2Fv2%2Fcomments&post=6417"}],"version-history":[{"count":0,"href":"https:\/\/www.loucamino.com\/index.php?rest_route=\/wp\/v2\/posts\/6417\/revisions"}],"wp:attachment":[{"href":"https:\/\/www.loucamino.com\/index.php?rest_route=%2Fwp%2Fv2%2Fmedia&parent=6417"}],"wp:term":[{"taxonomy":"category","embeddable":true,"href":"https:\/\/www.loucamino.com\/index.php?rest_route=%2Fwp%2Fv2%2Fcategories&post=6417"},{"taxonomy":"post_tag","embeddable":true,"href":"https:\/\/www.loucamino.com\/index.php?rest_route=%2Fwp%2Fv2%2Ftags&post=6417"}],"curies":[{"name":"wp","href":"https:\/\/api.w.org\/{rel}","templated":true}]}}