{"id":6407,"date":"2011-06-11T15:22:13","date_gmt":"2011-06-11T22:22:13","guid":{"rendered":"http:\/\/www.loucamino.com\/?p=6407"},"modified":"2011-06-11T15:22:40","modified_gmt":"2011-06-11T22:22:40","slug":"objectif_3280-17_-sur-une-branche-perchee-avec-bartlomiej-woznica","status":"publish","type":"post","link":"https:\/\/www.loucamino.com\/?p=6407","title":{"rendered":"Objectif_3280 # 17_ Sur une branche, perch\u00e9e avec Bartlomiej Woznica"},"content":{"rendered":"<ul class=\"wpsocialite social-buttons large\"><\/ul><p style=\"text-align: justify;\"><a title=\"Sur une branche, perch\u00e9e avec...\" href=\"..\/?p=6172\" target=\"_blank\">\u201cSur une      branche, perch\u00e9e avec\u2026\u201d<\/a>,  un rendez-vous quotidien avec un membre de      l\u2019\u00e9chomunaut\u00e9\u2026 Tout de suite, Bartlomiej Woznica.<\/p>\n<p style=\"text-align: justify;\"><strong>Quelle est la place de la photographie dans ta vie ? <\/strong>La photo, pour moi, c\u2019est d\u2019abord le silence. Celui du moment o\u00f9 on la prend. Celui aussi du moment o\u00f9 on la re\u00e7oit. Un silence rare. Un moment suspendu, hors du monde. Mais paradoxalement la photo c\u2019est aussi une tension, un mouvement vers ce monde. C\u2019est dans une ville \u00e9trang\u00e8re o\u00f9 je venais de m\u2019installer pour y rester quelques ann\u00e9es que je l\u2019ai ressenti pour la premi\u00e8re fois avec force. Il m\u2019\u00e9tait difficile d\u2019y trouver v\u00e9ritablement une place et l\u2019appareil que j\u2019avais emprunt\u00e9 est devenu pour moi un v\u00e9ritable d\u00e9clencheur, ou mieux, une cl\u00e9. C&rsquo;\u00e9tait, offert, le moyen pour moi de nouer un dialogue avec ce qui m\u2019entourait et me paraissait pourtant, \u00e0 certaines heures, si lointain. Des textures d\u2019abord sont venues, des lignes, des formes, et bient\u00f4t des corps, des visages. Et peu \u00e0 peu, comme un cadeau, la ville s\u2019est ouverte \u00e0 moi et j\u2019ai pu l\u2019habiter. La photo, c\u2019est donc aussi, comme sur ton arbre, une mani\u00e8re de m\u00ealer son chant \u00e0 celui d\u2019autres oiseaux avec qui nous partageons la m\u00eame branche, une mani\u00e8re de dire la lumi\u00e8re qui nous baigne et que l\u2019on voit, parfois.<\/p>\n<p style=\"text-align: justify;\"><strong>Quelle est l\u2019histoire de cette photo (si loin si proche, <a title=\"Objectif_3280 : G\u00e9n\u00e9ration 6\" href=\"http:\/\/www.loucamino.com\/?page_id=6018&amp;ligne=6&amp;img=101\" target=\"_blank\">G6-101<\/a>) ? <\/strong>Depuis quelques mois fleurissaient sur les murs de ma ville des visages, des silhouettes. Pas ceux que l\u2019on voit habituellement placard\u00e9s en 4 par 3. Des visages d\u2019anonymes n\u2019ayant rien \u00e0 nous vendre que leur simple pr\u00e9sence et qui donnaient ainsi une vie secr\u00e8te \u00e0 des espaces d\u2019ordinaire invisibles. Un matin d\u2019octobre, il faisait un peu froid, j\u2019ai parcouru les rues pour essayer d\u2019entendre comme je le pouvais ce que, tout bas, ils racontaient.<\/p>\n<p style=\"text-align: justify;\"><strong>Quelle association d\u2019id\u00e9e t\u2019a pouss\u00e9 \u00e0 choisir cette photo ?<\/strong> La m\u00e9lancolie d\u2019un soir, et la m\u00eame, le matin suivant. Et le souvenir soudain d\u2019une partie de la voix qu\u2019on entend dire dans <em>La jet\u00e9e<\/em> de Chris Marker\u00a0: \u00ab\u00a0Le temps s&rsquo;enroule \u00e0 nouveau, l&rsquo;instant repasse. Cette fois, il est pr\u00e8s d&rsquo;elle, il lui parle. Elle l&rsquo;accueille sans \u00e9tonnement. Ils sont sans souvenirs, sans projets. Leur temps se construit simplement autour d&rsquo;eux, avec pour seuls rep\u00e8res le go\u00fbt du moment qu&rsquo;ils vivent, et les signes sur les murs. Plus tard, ils sont dans un jardin. Il se souvient qu&rsquo;il existait des jardins. (\u2026) Ils marchent. (\u2026) Puis une autre vague du Temps le soul\u00e8ve. (\u2026) Maintenant, elle dort au soleil. (\u2026) Est-ce le m\u00eame jour ? Il ne sait plus. Ils vont faire comme cela une infinit\u00e9 de promenades semblables, o\u00f9 se creusera entre eux une confiance muette, une confiance \u00e0 l&rsquo;\u00e9tat pur. Sans souvenirs, sans projets. (\u2026) Elle accepte comme un ph\u00e9nom\u00e8ne naturel les passages de ce visiteur qui appara\u00eet et dispara\u00eet, qui existe, parle, rit avec elle, se tait, l&rsquo;\u00e9coute et s&rsquo;en va.\u00a0\u00bb<\/p>\n<p style=\"text-align: justify;\">Julien Peigney sera le prochain \u00e0 se poser sur la branche.<\/p>\n<div id=\"iLikeThis-6407\" class=\"iLikeThis\"><span class=\"counter\"><a onclick=\"likeThis(6407);\" class=\"image\">7<\/a><\/span><\/div>\n<p><a href=\"http:\/\/www.facebook.com\/share.php?u=https%3A%2F%2Fwww.loucamino.com%2F%3Fp%3D6407&amp;t=Objectif_3280%20%23%2017_%20Sur%20une%20branche%2C%20perch%C3%A9e%20avec%20Bartlomiej%20Woznica\" id=\"facebook_share_both_6407\" style=\"font-size:11px; line-height:13px; font-family:'lucida grande',tahoma,verdana,arial,sans-serif; text-decoration:none; padding:2px 0 0 20px; height:16px; background:url(http:\/\/b.static.ak.fbcdn.net\/images\/share\/facebook_share_icon.gif) no-repeat top left;\">Share on Facebook<\/a><br \/>\n\t<script type=\"text\/javascript\">\n\t<!--\n\tvar button = document.getElementById('facebook_share_link_6407') || document.getElementById('facebook_share_icon_6407') || document.getElementById('facebook_share_both_6407') || document.getElementById('facebook_share_button_6407');\n\tif (button) {\n\t\tbutton.onclick = function(e) {\n\t\t\tvar url = this.href.replace(\/share\\.php\/, 'sharer.php');\n\t\t\twindow.open(url,'sharer','toolbar=0,status=0,width=626,height=436');\n\t\t\treturn false;\n\t\t}\n\t\n\t\tif (button.id === 'facebook_share_button_6407') {\n\t\t\tbutton.onmouseover = function(){\n\t\t\t\tthis.style.color='#fff';\n\t\t\t\tthis.style.borderColor = '#295582';\n\t\t\t\tthis.style.backgroundColor = '#3b5998';\n\t\t\t}\n\t\t\tbutton.onmouseout = function(){\n\t\t\t\tthis.style.color = '#3b5998';\n\t\t\t\tthis.style.borderColor = '#d8dfea';\n\t\t\t\tthis.style.backgroundColor = '#fff';\n\t\t\t}\n\t\t}\n\t}\n\t-->\n\t<\/script><\/p>\n","protected":false},"excerpt":{"rendered":"<p>\u201cSur une branche, perch\u00e9e avec\u2026\u201d, un rendez-vous quotidien avec un membre de l\u2019\u00e9chomunaut\u00e9\u2026 Tout de suite, Bartlomiej Woznica. Quelle est la place de la photographie dans ta vie ? La photo, pour moi, c\u2019est d\u2019abord le silence. Celui du moment o\u00f9 on la prend. Celui aussi du moment o\u00f9 on la re\u00e7oit. Un silence rare. [&hellip;]<\/p>\n<a href=\"http:\/\/www.facebook.com\/share.php?u=https%3A%2F%2Fwww.loucamino.com%2F%3Fp%3D6407&amp;t=Objectif_3280%20%23%2017_%20Sur%20une%20branche%2C%20perch%C3%A9e%20avec%20Bartlomiej%20Woznica\" id=\"facebook_share_both_6407\" style=\"font-size:11px; line-height:13px; font-family:'lucida grande',tahoma,verdana,arial,sans-serif; text-decoration:none; padding:2px 0 0 20px; height:16px; background:url(http:\/\/b.static.ak.fbcdn.net\/images\/share\/facebook_share_icon.gif) no-repeat top left;\">Share on Facebook<\/a>\r\n\t<script type=\"text\/javascript\">\r\n\t<!--\r\n\tvar button = document.getElementById('facebook_share_link_6407') || document.getElementById('facebook_share_icon_6407') || document.getElementById('facebook_share_both_6407') || document.getElementById('facebook_share_button_6407');\r\n\tif (button) {\r\n\t\tbutton.onclick = function(e) {\r\n\t\t\tvar url = this.href.replace(\/share\\.php\/, 'sharer.php');\r\n\t\t\twindow.open(url,'sharer','toolbar=0,status=0,width=626,height=436');\r\n\t\t\treturn false;\r\n\t\t}\r\n\t\r\n\t\tif (button.id === 'facebook_share_button_6407') {\r\n\t\t\tbutton.onmouseover = function(){\r\n\t\t\t\tthis.style.color='#fff';\r\n\t\t\t\tthis.style.borderColor = '#295582';\r\n\t\t\t\tthis.style.backgroundColor = '#3b5998';\r\n\t\t\t}\r\n\t\t\tbutton.onmouseout = function(){\r\n\t\t\t\tthis.style.color = '#3b5998';\r\n\t\t\t\tthis.style.borderColor = '#d8dfea';\r\n\t\t\t\tthis.style.backgroundColor = '#fff';\r\n\t\t\t}\r\n\t\t}\r\n\t}\r\n\t-->\r\n\t<\/script>\r\n\t","protected":false},"author":1,"featured_media":0,"comment_status":"open","ping_status":"open","sticky":false,"template":"","format":"standard","meta":{"ngg_post_thumbnail":0},"categories":[1,1203],"tags":[1249,1251,1209,1250,765,272,1208],"_links":{"self":[{"href":"https:\/\/www.loucamino.com\/index.php?rest_route=\/wp\/v2\/posts\/6407"}],"collection":[{"href":"https:\/\/www.loucamino.com\/index.php?rest_route=\/wp\/v2\/posts"}],"about":[{"href":"https:\/\/www.loucamino.com\/index.php?rest_route=\/wp\/v2\/types\/post"}],"author":[{"embeddable":true,"href":"https:\/\/www.loucamino.com\/index.php?rest_route=\/wp\/v2\/users\/1"}],"replies":[{"embeddable":true,"href":"https:\/\/www.loucamino.com\/index.php?rest_route=%2Fwp%2Fv2%2Fcomments&post=6407"}],"version-history":[{"count":0,"href":"https:\/\/www.loucamino.com\/index.php?rest_route=\/wp\/v2\/posts\/6407\/revisions"}],"wp:attachment":[{"href":"https:\/\/www.loucamino.com\/index.php?rest_route=%2Fwp%2Fv2%2Fmedia&parent=6407"}],"wp:term":[{"taxonomy":"category","embeddable":true,"href":"https:\/\/www.loucamino.com\/index.php?rest_route=%2Fwp%2Fv2%2Fcategories&post=6407"},{"taxonomy":"post_tag","embeddable":true,"href":"https:\/\/www.loucamino.com\/index.php?rest_route=%2Fwp%2Fv2%2Ftags&post=6407"}],"curies":[{"name":"wp","href":"https:\/\/api.w.org\/{rel}","templated":true}]}}