{"id":6360,"date":"2011-06-10T23:18:31","date_gmt":"2011-06-11T06:18:31","guid":{"rendered":"http:\/\/www.loucamino.com\/?p=6360"},"modified":"2011-06-11T10:16:36","modified_gmt":"2011-06-11T17:16:36","slug":"objectif_3280-16_-sur-une-branche-perchee-avec-alain-boegner","status":"publish","type":"post","link":"https:\/\/www.loucamino.com\/?p=6360","title":{"rendered":"Objectif_3280 # 16_ Sur une branche, perch\u00e9e avec Alain Boegner"},"content":{"rendered":"<ul class=\"wpsocialite social-buttons large\"><\/ul><p style=\"text-align: justify;\"><a title=\"Sur une branche, perch\u00e9e avec...\" href=\"..\/?p=6172\" target=\"_blank\">\u201cSur une      branche, perch\u00e9e avec\u2026\u201d<\/a>,  un rendez-vous quotidien avec un membre de      l\u2019\u00e9chomunaut\u00e9\u2026 On d\u00e9bute la journ\u00e9e avec Alain Boegner.<\/p>\n<p style=\"text-align: justify;\"><strong>Quelle est la place de la photographie dans ta vie\u00a0?<\/strong> Je ne suis pas un photographe particuli\u00e8rement aguerri et n\u2019ai pas en permanence un appareil avec moi. J\u2019ai n\u00e9anmoins toujours \u00e9t\u00e9 sensible \u00e0 la force que d\u00e9gage un clich\u00e9, \u00e0 la fois par ce que le photographe veut montrer et par ce qu\u2019on peut y voir en tant que spectateur, deux choses souvent diff\u00e9rentes. Etant un homme d\u2019images en mouvement, de profession (r\u00e9alisateur) et de formation, je suis de plus en plus fascin\u00e9 par la fixit\u00e9, le cadrage, la lumi\u00e8re, et s\u00e9duit par ce qu\u2019une photo apporte par comparaison au film.\u00a0 Probablement est-ce l\u2019absence de montage, \u00e9l\u00e9ment souvent tr\u00e8s directif pour le spectateur.\u00a0 C\u2019est pourquoi \u00e0 certains moments de ma vie, je ressens le besoin de fixer, saisir et partager comme un t\u00e9moignage.<\/p>\n<p style=\"text-align: justify;\"><strong>Quelle est l\u2019histoire de cette photo (Lumi\u00e8re du Nord, <a title=\"Objectif_3280 : G\u00e9n\u00e9ration 6\" href=\"http:\/\/www.loucamino.com\/?page_id=6018&amp;ligne=6&amp;img=36\" target=\"_blank\">G6-36<\/a>)\u00a0? <\/strong> C\u2019est une histoire de homard\u2026 Je suis en train de terminer un documentaire <em>Northern Sounds<\/em> sur la cr\u00e9ation musicale dans les pays du Nord de l\u2019Europe. J\u2019avais promis \u00e0 mon \u00e9quipe, apr\u00e8s une longue journ\u00e9e de tournage \u00e0 travers les grands espaces islandais de les inviter \u00e0 d\u00e9guster un homard, sp\u00e9cialit\u00e9 reconnue du petit port o\u00f9 nous faisions escale. Nous avons fait durer le plaisir et sommes sortis repus \u00e0 une heure tardive. Sur le chemin de l\u2019h\u00f4tel nous sommes tomb\u00e9s sur cette vue \u00e9poustouflante, dont on ne voit ici qu\u2019une petite partie\u2026 Une des choses le plus fascinantes en Scandinavie est certainement la lumi\u00e8re, notamment en fin de journ\u00e9e, car le soleil ne se couche jamais vraiment, offrant \u00e0 l\u2019\u0153il un spectre de couleur d\u2019un raffinement rare.<\/p>\n<p style=\"text-align: justify;\"><strong>Quelle association d\u2019id\u00e9e t\u2019a pouss\u00e9 \u00e0 choisir cette photo ?<\/strong> J\u2019ai beaucoup aim\u00e9 le clich\u00e9 pr\u00e9c\u00e9dent avec ces deux silhouettes au soleil couchant, au bord de l\u2019immensit\u00e9 n\u00e9buleuse. J\u2019ai tout de suite pens\u00e9 \u00e0 ma photo, car on y aper\u00e7oit un couple au loin qui marche paisiblement vers la nuit. J\u2019aime aussi l\u2019id\u00e9e que cette g\u00e9n\u00e9ration, au fil des contributions progresse vers le cr\u00e9puscule (vers l\u2019aube?).<\/p>\n<p style=\"text-align: justify;\"><em>Deux liens utiles ! D&rsquo;abord, le site du documentaire <a title=\"Northern Sounds\" href=\"http:\/\/www.northernsoundsfilm.com\" target=\"_blank\">Northern Sounds<\/a> et celui du film sur <a title=\"Northern Sounds sur Kisskissbankbank\" href=\"http:\/\/www.kisskissbankbank.com\/projects\/northern-sounds\" target=\"_blank\">Kisskissbankbank<\/a>, un site de \u201ccrowdfunding\u201d permettant \u00e0 chacun de contribuer \u00e0 sa fabrication finale moyennant diverses contreparties (dvd, avant-premi\u00e8re, livres\u2026). N&rsquo;h\u00e9sitez pas \u00e0 aller y faire un tour et peut-\u00eatre, \u00e0\u00a0 faire que ce documentaire s&rsquo;ach\u00e8ve dans les meilleures conditions possibles !<\/em><\/p>\n<p style=\"text-align: left;\">Tout \u00e0 l&rsquo;heure, Bartlomiej Wiznica se posera sur la branche.<strong> <\/strong><\/p>\n<div id=\"iLikeThis-6360\" class=\"iLikeThis\"><span class=\"counter\"><a onclick=\"likeThis(6360);\" class=\"image\">5<\/a><\/span><\/div>\n<p><a href=\"http:\/\/www.facebook.com\/share.php?u=https%3A%2F%2Fwww.loucamino.com%2F%3Fp%3D6360&amp;t=%20Objectif_3280%20%23%2016_%20Sur%20une%20branche%2C%20perch%C3%A9e%20avec%20Alain%20Boegner\" id=\"facebook_share_both_6360\" style=\"font-size:11px; line-height:13px; font-family:'lucida grande',tahoma,verdana,arial,sans-serif; text-decoration:none; padding:2px 0 0 20px; height:16px; background:url(http:\/\/b.static.ak.fbcdn.net\/images\/share\/facebook_share_icon.gif) no-repeat top left;\">Share on Facebook<\/a><br \/>\n\t<script type=\"text\/javascript\">\n\t<!--\n\tvar button = document.getElementById('facebook_share_link_6360') || document.getElementById('facebook_share_icon_6360') || document.getElementById('facebook_share_both_6360') || document.getElementById('facebook_share_button_6360');\n\tif (button) {\n\t\tbutton.onclick = function(e) {\n\t\t\tvar url = this.href.replace(\/share\\.php\/, 'sharer.php');\n\t\t\twindow.open(url,'sharer','toolbar=0,status=0,width=626,height=436');\n\t\t\treturn false;\n\t\t}\n\t\n\t\tif (button.id === 'facebook_share_button_6360') {\n\t\t\tbutton.onmouseover = function(){\n\t\t\t\tthis.style.color='#fff';\n\t\t\t\tthis.style.borderColor = '#295582';\n\t\t\t\tthis.style.backgroundColor = '#3b5998';\n\t\t\t}\n\t\t\tbutton.onmouseout = function(){\n\t\t\t\tthis.style.color = '#3b5998';\n\t\t\t\tthis.style.borderColor = '#d8dfea';\n\t\t\t\tthis.style.backgroundColor = '#fff';\n\t\t\t}\n\t\t}\n\t}\n\t-->\n\t<\/script><\/p>\n","protected":false},"excerpt":{"rendered":"<p>\u201cSur une branche, perch\u00e9e avec\u2026\u201d, un rendez-vous quotidien avec un membre de l\u2019\u00e9chomunaut\u00e9\u2026 On d\u00e9bute la journ\u00e9e avec Alain Boegner. Quelle est la place de la photographie dans ta vie\u00a0? Je ne suis pas un photographe particuli\u00e8rement aguerri et n\u2019ai pas en permanence un appareil avec moi. J\u2019ai n\u00e9anmoins toujours \u00e9t\u00e9 sensible \u00e0 la force [&hellip;]<\/p>\n<a href=\"http:\/\/www.facebook.com\/share.php?u=https%3A%2F%2Fwww.loucamino.com%2F%3Fp%3D6360&amp;t=%20Objectif_3280%20%23%2016_%20Sur%20une%20branche%2C%20perch%C3%A9e%20avec%20Alain%20Boegner\" id=\"facebook_share_both_6360\" style=\"font-size:11px; line-height:13px; font-family:'lucida grande',tahoma,verdana,arial,sans-serif; text-decoration:none; padding:2px 0 0 20px; height:16px; background:url(http:\/\/b.static.ak.fbcdn.net\/images\/share\/facebook_share_icon.gif) no-repeat top left;\">Share on Facebook<\/a>\r\n\t<script type=\"text\/javascript\">\r\n\t<!--\r\n\tvar button = document.getElementById('facebook_share_link_6360') || document.getElementById('facebook_share_icon_6360') || document.getElementById('facebook_share_both_6360') || document.getElementById('facebook_share_button_6360');\r\n\tif (button) {\r\n\t\tbutton.onclick = function(e) {\r\n\t\t\tvar url = this.href.replace(\/share\\.php\/, 'sharer.php');\r\n\t\t\twindow.open(url,'sharer','toolbar=0,status=0,width=626,height=436');\r\n\t\t\treturn false;\r\n\t\t}\r\n\t\r\n\t\tif (button.id === 'facebook_share_button_6360') {\r\n\t\t\tbutton.onmouseover = function(){\r\n\t\t\t\tthis.style.color='#fff';\r\n\t\t\t\tthis.style.borderColor = '#295582';\r\n\t\t\t\tthis.style.backgroundColor = '#3b5998';\r\n\t\t\t}\r\n\t\t\tbutton.onmouseout = function(){\r\n\t\t\t\tthis.style.color = '#3b5998';\r\n\t\t\t\tthis.style.borderColor = '#d8dfea';\r\n\t\t\t\tthis.style.backgroundColor = '#fff';\r\n\t\t\t}\r\n\t\t}\r\n\t}\r\n\t-->\r\n\t<\/script>\r\n\t","protected":false},"author":1,"featured_media":0,"comment_status":"open","ping_status":"open","sticky":false,"template":"","format":"standard","meta":{"ngg_post_thumbnail":0},"categories":[1,1203],"tags":[1244,1209,1246,1245,765,272,1208],"_links":{"self":[{"href":"https:\/\/www.loucamino.com\/index.php?rest_route=\/wp\/v2\/posts\/6360"}],"collection":[{"href":"https:\/\/www.loucamino.com\/index.php?rest_route=\/wp\/v2\/posts"}],"about":[{"href":"https:\/\/www.loucamino.com\/index.php?rest_route=\/wp\/v2\/types\/post"}],"author":[{"embeddable":true,"href":"https:\/\/www.loucamino.com\/index.php?rest_route=\/wp\/v2\/users\/1"}],"replies":[{"embeddable":true,"href":"https:\/\/www.loucamino.com\/index.php?rest_route=%2Fwp%2Fv2%2Fcomments&post=6360"}],"version-history":[{"count":0,"href":"https:\/\/www.loucamino.com\/index.php?rest_route=\/wp\/v2\/posts\/6360\/revisions"}],"wp:attachment":[{"href":"https:\/\/www.loucamino.com\/index.php?rest_route=%2Fwp%2Fv2%2Fmedia&parent=6360"}],"wp:term":[{"taxonomy":"category","embeddable":true,"href":"https:\/\/www.loucamino.com\/index.php?rest_route=%2Fwp%2Fv2%2Fcategories&post=6360"},{"taxonomy":"post_tag","embeddable":true,"href":"https:\/\/www.loucamino.com\/index.php?rest_route=%2Fwp%2Fv2%2Ftags&post=6360"}],"curies":[{"name":"wp","href":"https:\/\/api.w.org\/{rel}","templated":true}]}}