{"id":6356,"date":"2011-06-10T09:46:13","date_gmt":"2011-06-10T16:46:13","guid":{"rendered":"http:\/\/www.loucamino.com\/?p=6356"},"modified":"2011-06-10T09:46:58","modified_gmt":"2011-06-10T16:46:58","slug":"objectif_3280-15_-sur-une-branche-perchee-avec-jean-charles-queffelec","status":"publish","type":"post","link":"https:\/\/www.loucamino.com\/?p=6356","title":{"rendered":"Objectif_3280 # 15_ Sur une branche, perch\u00e9e avec Jean-Charles Queffelec"},"content":{"rendered":"<ul class=\"wpsocialite social-buttons large\"><\/ul><p style=\"text-align: justify;\"><a title=\"Sur une branche, perch\u00e9e avec...\" href=\"..\/?p=6172\" target=\"_blank\">\u201cSur une      branche, perch\u00e9e avec\u2026\u201d<\/a>,  un rendez-vous quotidien avec un membre de      l\u2019\u00e9chomunaut\u00e9\u2026 On poursuit la journ\u00e9e avec Jean-Charles Queffelec&#8230;<\/p>\n<p style=\"text-align: justify;\"><strong>Quelle est la place de la photographie dans ta vie ?<\/strong> Initialement musicien, la photo est arriv\u00e9e dans ma vie \u00e0 la fin de l&rsquo;ann\u00e9e 2006 suite \u00e0 l&rsquo;arr\u00eat de mon projet musical de l&rsquo;\u00e9poque. J&rsquo;ai trouv\u00e9 dans la photo un autre moyen d&rsquo;exprimer ma sensibilit\u00e9 qu&rsquo;\u00e0 travers les divers instruments que je pratique\u2026\u2026 et \u00e7a m&rsquo;a tellement plu que je ne peux plus m&rsquo;en passer. Je vois vraiment la vie diff\u00e9remment qu&rsquo;avant, je ne regarde pas les choses, les gens, les paysages qui m&rsquo;entourent avec les m\u00eames yeux !!! Je suis en permanence accompagn\u00e9 d&rsquo;un de mes compagnons num\u00e9riques par peur de louper une belle photo. J&rsquo;ai maintenant une envie, et ce serait de r\u00e9ussir \u00e0 m\u00ealer mes deux passions que sont la musique et la photo&#8230;<\/p>\n<p style=\"text-align: justify;\"><strong>Quelle est l\u2019histoire de cette photo (<em>Chasseur de r\u00eave<\/em><\/strong><strong>, <\/strong><a title=\"Objectif_3280 : g\u00e9n\u00e9ration 5\" href=\"http:\/\/www.loucamino.com\/?page_id=6018&amp;ligne=5&amp;img=48\" target=\"_blank\"><strong><em>G5-48<\/em><\/strong><\/a><strong>) ?<\/strong> Cette photo est prise au mus\u00e9e oc\u00e9anographique de Monaco. J&rsquo;\u00e9tais en vacances avec ma famille et lors de cette visite nous \u00e9tions proche de la sortie quand j&rsquo;ai vu ma fille se diriger vers les escaliers, j&rsquo;ai eu un tilt et je lui ai demand\u00e9 un instant de venir au centre de ce hall sous cet \u00e9norme poulpe. Ce qui donne une atmosph\u00e8re imaginaire et po\u00e9tique&#8230;<\/p>\n<p style=\"text-align: justify;\"><strong>Quelle association d&rsquo;id\u00e9e t&rsquo;a pouss\u00e9 \u00e0 choisir cette photo ?<\/strong> Ce qui m&rsquo;a donn\u00e9 l&rsquo;id\u00e9e de cette association avec la photo G4-16, c&rsquo;est b\u00eatement la position de ce jouet immense les bras le long du corps qui m&rsquo;ont tout de suite fait penser \u00e0 la position de ma fille\u2026<\/p>\n<p style=\"text-align: justify;\">Et tout \u00e0 l&rsquo;heure, Alain Boegner se posera sur la branche.<\/p>\n<div id=\"iLikeThis-6356\" class=\"iLikeThis\"><span class=\"counter\"><a onclick=\"likeThis(6356);\" class=\"image\">4<\/a><\/span><\/div>\n<p><a href=\"http:\/\/www.facebook.com\/share.php?u=https%3A%2F%2Fwww.loucamino.com%2F%3Fp%3D6356&amp;t=Objectif_3280%20%23%2015_%20Sur%20une%20branche%2C%20perch%C3%A9e%20avec%20Jean-Charles%20Queffelec\" id=\"facebook_share_both_6356\" style=\"font-size:11px; line-height:13px; font-family:'lucida grande',tahoma,verdana,arial,sans-serif; text-decoration:none; padding:2px 0 0 20px; height:16px; background:url(http:\/\/b.static.ak.fbcdn.net\/images\/share\/facebook_share_icon.gif) no-repeat top left;\">Share on Facebook<\/a><br \/>\n\t<script type=\"text\/javascript\">\n\t<!--\n\tvar button = document.getElementById('facebook_share_link_6356') || document.getElementById('facebook_share_icon_6356') || document.getElementById('facebook_share_both_6356') || document.getElementById('facebook_share_button_6356');\n\tif (button) {\n\t\tbutton.onclick = function(e) {\n\t\t\tvar url = this.href.replace(\/share\\.php\/, 'sharer.php');\n\t\t\twindow.open(url,'sharer','toolbar=0,status=0,width=626,height=436');\n\t\t\treturn false;\n\t\t}\n\t\n\t\tif (button.id === 'facebook_share_button_6356') {\n\t\t\tbutton.onmouseover = function(){\n\t\t\t\tthis.style.color='#fff';\n\t\t\t\tthis.style.borderColor = '#295582';\n\t\t\t\tthis.style.backgroundColor = '#3b5998';\n\t\t\t}\n\t\t\tbutton.onmouseout = function(){\n\t\t\t\tthis.style.color = '#3b5998';\n\t\t\t\tthis.style.borderColor = '#d8dfea';\n\t\t\t\tthis.style.backgroundColor = '#fff';\n\t\t\t}\n\t\t}\n\t}\n\t-->\n\t<\/script><\/p>\n","protected":false},"excerpt":{"rendered":"<p>\u201cSur une branche, perch\u00e9e avec\u2026\u201d, un rendez-vous quotidien avec un membre de l\u2019\u00e9chomunaut\u00e9\u2026 On poursuit la journ\u00e9e avec Jean-Charles Queffelec&#8230; Quelle est la place de la photographie dans ta vie ? Initialement musicien, la photo est arriv\u00e9e dans ma vie \u00e0 la fin de l&rsquo;ann\u00e9e 2006 suite \u00e0 l&rsquo;arr\u00eat de mon projet musical de l&rsquo;\u00e9poque. [&hellip;]<\/p>\n<a href=\"http:\/\/www.facebook.com\/share.php?u=https%3A%2F%2Fwww.loucamino.com%2F%3Fp%3D6356&amp;t=Objectif_3280%20%23%2015_%20Sur%20une%20branche%2C%20perch%C3%A9e%20avec%20Jean-Charles%20Queffelec\" id=\"facebook_share_both_6356\" style=\"font-size:11px; line-height:13px; font-family:'lucida grande',tahoma,verdana,arial,sans-serif; text-decoration:none; padding:2px 0 0 20px; height:16px; background:url(http:\/\/b.static.ak.fbcdn.net\/images\/share\/facebook_share_icon.gif) no-repeat top left;\">Share on Facebook<\/a>\r\n\t<script type=\"text\/javascript\">\r\n\t<!--\r\n\tvar button = document.getElementById('facebook_share_link_6356') || document.getElementById('facebook_share_icon_6356') || document.getElementById('facebook_share_both_6356') || document.getElementById('facebook_share_button_6356');\r\n\tif (button) {\r\n\t\tbutton.onclick = function(e) {\r\n\t\t\tvar url = this.href.replace(\/share\\.php\/, 'sharer.php');\r\n\t\t\twindow.open(url,'sharer','toolbar=0,status=0,width=626,height=436');\r\n\t\t\treturn false;\r\n\t\t}\r\n\t\r\n\t\tif (button.id === 'facebook_share_button_6356') {\r\n\t\t\tbutton.onmouseover = function(){\r\n\t\t\t\tthis.style.color='#fff';\r\n\t\t\t\tthis.style.borderColor = '#295582';\r\n\t\t\t\tthis.style.backgroundColor = '#3b5998';\r\n\t\t\t}\r\n\t\t\tbutton.onmouseout = function(){\r\n\t\t\t\tthis.style.color = '#3b5998';\r\n\t\t\t\tthis.style.borderColor = '#d8dfea';\r\n\t\t\t\tthis.style.backgroundColor = '#fff';\r\n\t\t\t}\r\n\t\t}\r\n\t}\r\n\t-->\r\n\t<\/script>\r\n\t","protected":false},"author":1,"featured_media":0,"comment_status":"open","ping_status":"closed","sticky":false,"template":"","format":"standard","meta":{"ngg_post_thumbnail":0},"categories":[1,1203],"tags":[1209,1243,765,272,1208],"_links":{"self":[{"href":"https:\/\/www.loucamino.com\/index.php?rest_route=\/wp\/v2\/posts\/6356"}],"collection":[{"href":"https:\/\/www.loucamino.com\/index.php?rest_route=\/wp\/v2\/posts"}],"about":[{"href":"https:\/\/www.loucamino.com\/index.php?rest_route=\/wp\/v2\/types\/post"}],"author":[{"embeddable":true,"href":"https:\/\/www.loucamino.com\/index.php?rest_route=\/wp\/v2\/users\/1"}],"replies":[{"embeddable":true,"href":"https:\/\/www.loucamino.com\/index.php?rest_route=%2Fwp%2Fv2%2Fcomments&post=6356"}],"version-history":[{"count":0,"href":"https:\/\/www.loucamino.com\/index.php?rest_route=\/wp\/v2\/posts\/6356\/revisions"}],"wp:attachment":[{"href":"https:\/\/www.loucamino.com\/index.php?rest_route=%2Fwp%2Fv2%2Fmedia&parent=6356"}],"wp:term":[{"taxonomy":"category","embeddable":true,"href":"https:\/\/www.loucamino.com\/index.php?rest_route=%2Fwp%2Fv2%2Fcategories&post=6356"},{"taxonomy":"post_tag","embeddable":true,"href":"https:\/\/www.loucamino.com\/index.php?rest_route=%2Fwp%2Fv2%2Ftags&post=6356"}],"curies":[{"name":"wp","href":"https:\/\/api.w.org\/{rel}","templated":true}]}}