{"id":6351,"date":"2011-06-09T21:41:16","date_gmt":"2011-06-10T04:41:16","guid":{"rendered":"http:\/\/www.loucamino.com\/?p=6351"},"modified":"2011-06-09T23:00:28","modified_gmt":"2011-06-10T06:00:28","slug":"objectif_3280-14_-sur-une-branche-perchee-avec-celine-blin","status":"publish","type":"post","link":"https:\/\/www.loucamino.com\/?p=6351","title":{"rendered":"Objectif_3280 # 14_ Sur une branche, perch\u00e9e avec C\u00e9line Blin"},"content":{"rendered":"<ul class=\"wpsocialite social-buttons large\"><\/ul><p style=\"text-align: justify;\"><a title=\"Sur une branche, perch\u00e9e avec...\" href=\"..\/?p=6172\" target=\"_blank\">\u201cSur une     branche, perch\u00e9e avec\u2026\u201d<\/a>,  un rendez-vous quotidien avec un membre de     l\u2019\u00e9chomunaut\u00e9\u2026 Tout de suite, C\u00e9line Blin.<\/p>\n<p style=\"text-align: justify;\"><strong>Quelle est la place de la photographie dans ta vie ?<\/strong> C&rsquo;est une place variable&#8230; Mon appareil, c&rsquo;est le prolongement de mon bras quand je suis en vadrouille (surtout dans les paysages urbains), une extension de mes yeux. En r\u00e9union, j&rsquo;aime bien me cacher derri\u00e8re. Je sais regarder sans lui aussi. J&rsquo;aime bien d\u00e9busquer le \u00ab\u00a0beau\u00a0\u00bb l\u00e0 o\u00f9 on ne l&rsquo;attend pas.<\/p>\n<p style=\"text-align: justify;\">Mon premier appareil photo c&rsquo;\u00e9tait un canon argentique que m&rsquo;avait pr\u00eat\u00e9 mon p\u00e8re, pour les r\u00e9glages, il fallait faire co\u00efncider une aiguille dans une boucle&#8230; Gamine, il nous projetait les diapos des vacances, j&rsquo;aimais \u00e7a. J&rsquo;ai toujours aim\u00e9 son regard sur les choses via ce grand \u00e9cran blanc.<\/p>\n<p style=\"text-align: justify;\">Et puis je me suis \u00e9quip\u00e9e, j&rsquo;ai continu\u00e9, toute seule. A un moment de ma vie, j&rsquo;ai trouv\u00e9 dans la photo, le moyen de dire ce que les mots ne pouvaient pas.<\/p>\n<p style=\"text-align: justify;\"><strong>Quelle est l\u2019histoire de cette photo (Araign\u00e9e du matin&#8230;, <a title=\"Objectif_3280 : G\u00e9n\u00e9ration 5\" href=\"http:\/\/www.loucamino.com\/?page_id=6018&amp;ligne=5&amp;img=13\" target=\"_blank\">G5-13<\/a>) ?<\/strong> Chez des copains, en Corr\u00e8ze, r\u00e9veill\u00e9e trop t\u00f4t, je suis all\u00e9e faire un tour dans la campagne. C&rsquo;\u00e9tait Novembre, mais le froid n&rsquo;\u00e9tait pas encore install\u00e9, juste l&rsquo;humidit\u00e9 de la ros\u00e9e, et un silence immense, de ceux qui te comblent, et te redonnent souffle.<\/p>\n<p style=\"text-align: justify;\"><strong>Quelle association d&rsquo;id\u00e9e t&rsquo;a pouss\u00e9e \u00e0 choisir cette photo ?<\/strong> Le matin, le froid, un peu de solitude, mais tout plein de promesses. Une expression dit \u00ab\u00a0Araign\u00e9e du matin, chagrin\u00a0\u00bb, par temp\u00e9rament, je lui pr\u00e9f\u00e8re cet autre adage \u00ab\u00a0Araign\u00e9e du matin, nouvelle en chemin\u00a0\u00bb.<\/p>\n<p style=\"text-align: justify;\">Un peu plus tard dans la journ\u00e9e, Jean-Charles Queffelec se posera sur la branche.<\/p>\n<div id=\"iLikeThis-6351\" class=\"iLikeThis\"><span class=\"counter\"><a onclick=\"likeThis(6351);\" class=\"image\">5<\/a><\/span><\/div>\n<p><a href=\"http:\/\/www.facebook.com\/share.php?u=https%3A%2F%2Fwww.loucamino.com%2F%3Fp%3D6351&amp;t=Objectif_3280%20%23%2014_%20Sur%20une%20branche%2C%20perch%C3%A9e%20avec%20C%C3%A9line%20Blin\" id=\"facebook_share_both_6351\" style=\"font-size:11px; line-height:13px; font-family:'lucida grande',tahoma,verdana,arial,sans-serif; text-decoration:none; padding:2px 0 0 20px; height:16px; background:url(http:\/\/b.static.ak.fbcdn.net\/images\/share\/facebook_share_icon.gif) no-repeat top left;\">Share on Facebook<\/a><br \/>\n\t<script type=\"text\/javascript\">\n\t<!--\n\tvar button = document.getElementById('facebook_share_link_6351') || document.getElementById('facebook_share_icon_6351') || document.getElementById('facebook_share_both_6351') || document.getElementById('facebook_share_button_6351');\n\tif (button) {\n\t\tbutton.onclick = function(e) {\n\t\t\tvar url = this.href.replace(\/share\\.php\/, 'sharer.php');\n\t\t\twindow.open(url,'sharer','toolbar=0,status=0,width=626,height=436');\n\t\t\treturn false;\n\t\t}\n\t\n\t\tif (button.id === 'facebook_share_button_6351') {\n\t\t\tbutton.onmouseover = function(){\n\t\t\t\tthis.style.color='#fff';\n\t\t\t\tthis.style.borderColor = '#295582';\n\t\t\t\tthis.style.backgroundColor = '#3b5998';\n\t\t\t}\n\t\t\tbutton.onmouseout = function(){\n\t\t\t\tthis.style.color = '#3b5998';\n\t\t\t\tthis.style.borderColor = '#d8dfea';\n\t\t\t\tthis.style.backgroundColor = '#fff';\n\t\t\t}\n\t\t}\n\t}\n\t-->\n\t<\/script><\/p>\n","protected":false},"excerpt":{"rendered":"<p>\u201cSur une branche, perch\u00e9e avec\u2026\u201d, un rendez-vous quotidien avec un membre de l\u2019\u00e9chomunaut\u00e9\u2026 Tout de suite, C\u00e9line Blin. Quelle est la place de la photographie dans ta vie ? C&rsquo;est une place variable&#8230; Mon appareil, c&rsquo;est le prolongement de mon bras quand je suis en vadrouille (surtout dans les paysages urbains), une extension de mes [&hellip;]<\/p>\n<a href=\"http:\/\/www.facebook.com\/share.php?u=https%3A%2F%2Fwww.loucamino.com%2F%3Fp%3D6351&amp;t=Objectif_3280%20%23%2014_%20Sur%20une%20branche%2C%20perch%C3%A9e%20avec%20C%C3%A9line%20Blin\" id=\"facebook_share_both_6351\" style=\"font-size:11px; line-height:13px; font-family:'lucida grande',tahoma,verdana,arial,sans-serif; text-decoration:none; padding:2px 0 0 20px; height:16px; background:url(http:\/\/b.static.ak.fbcdn.net\/images\/share\/facebook_share_icon.gif) no-repeat top left;\">Share on Facebook<\/a>\r\n\t<script type=\"text\/javascript\">\r\n\t<!--\r\n\tvar button = document.getElementById('facebook_share_link_6351') || document.getElementById('facebook_share_icon_6351') || document.getElementById('facebook_share_both_6351') || document.getElementById('facebook_share_button_6351');\r\n\tif (button) {\r\n\t\tbutton.onclick = function(e) {\r\n\t\t\tvar url = this.href.replace(\/share\\.php\/, 'sharer.php');\r\n\t\t\twindow.open(url,'sharer','toolbar=0,status=0,width=626,height=436');\r\n\t\t\treturn false;\r\n\t\t}\r\n\t\r\n\t\tif (button.id === 'facebook_share_button_6351') {\r\n\t\t\tbutton.onmouseover = function(){\r\n\t\t\t\tthis.style.color='#fff';\r\n\t\t\t\tthis.style.borderColor = '#295582';\r\n\t\t\t\tthis.style.backgroundColor = '#3b5998';\r\n\t\t\t}\r\n\t\t\tbutton.onmouseout = function(){\r\n\t\t\t\tthis.style.color = '#3b5998';\r\n\t\t\t\tthis.style.borderColor = '#d8dfea';\r\n\t\t\t\tthis.style.backgroundColor = '#fff';\r\n\t\t\t}\r\n\t\t}\r\n\t}\r\n\t-->\r\n\t<\/script>\r\n\t","protected":false},"author":1,"featured_media":0,"comment_status":"open","ping_status":"closed","sticky":false,"template":"","format":"standard","meta":{"ngg_post_thumbnail":0},"categories":[1,1203],"tags":[1242,1209,765,272,1208],"_links":{"self":[{"href":"https:\/\/www.loucamino.com\/index.php?rest_route=\/wp\/v2\/posts\/6351"}],"collection":[{"href":"https:\/\/www.loucamino.com\/index.php?rest_route=\/wp\/v2\/posts"}],"about":[{"href":"https:\/\/www.loucamino.com\/index.php?rest_route=\/wp\/v2\/types\/post"}],"author":[{"embeddable":true,"href":"https:\/\/www.loucamino.com\/index.php?rest_route=\/wp\/v2\/users\/1"}],"replies":[{"embeddable":true,"href":"https:\/\/www.loucamino.com\/index.php?rest_route=%2Fwp%2Fv2%2Fcomments&post=6351"}],"version-history":[{"count":0,"href":"https:\/\/www.loucamino.com\/index.php?rest_route=\/wp\/v2\/posts\/6351\/revisions"}],"wp:attachment":[{"href":"https:\/\/www.loucamino.com\/index.php?rest_route=%2Fwp%2Fv2%2Fmedia&parent=6351"}],"wp:term":[{"taxonomy":"category","embeddable":true,"href":"https:\/\/www.loucamino.com\/index.php?rest_route=%2Fwp%2Fv2%2Fcategories&post=6351"},{"taxonomy":"post_tag","embeddable":true,"href":"https:\/\/www.loucamino.com\/index.php?rest_route=%2Fwp%2Fv2%2Ftags&post=6351"}],"curies":[{"name":"wp","href":"https:\/\/api.w.org\/{rel}","templated":true}]}}