{"id":6283,"date":"2011-06-06T22:20:04","date_gmt":"2011-06-07T05:20:04","guid":{"rendered":"http:\/\/www.loucamino.com\/?p=6283"},"modified":"2011-08-10T01:08:43","modified_gmt":"2011-08-10T08:08:43","slug":"objectif_3280-8_-sur-une-branche-perchee-avec-matthieu-fargeas","status":"publish","type":"post","link":"https:\/\/www.loucamino.com\/?p=6283","title":{"rendered":"Objectif_3280 # 8_ Sur une branche, perch\u00e9e avec Matthieu Fargeas"},"content":{"rendered":"<ul class=\"wpsocialite social-buttons large\"><\/ul><p style=\"text-align: justify;\"><a title=\"Sur une branche, perch\u00e9e avec...\" href=\"..\/?p=6172\" target=\"_blank\">\u201cSur une  branche, perch\u00e9e avec\u2026\u201d<\/a>, un nouveau rendez-vous avec un membre de  l\u2019\u00e9cho-munaut\u00e9\u2026 Pour bien commencer la journ\u00e9e, un peu de lecture avec Matthieu Fargeas.<\/p>\n<p style=\"text-align: justify;\"><strong>Quelle est la place de la photographie dans ta vie ? <\/strong>Une grande place. Enorme en fait\u00a0! En r\u00e9fl\u00e9chissant \u00e0 ta question, je me suis aper\u00e7u que je pourrais en parler des pages. Tellement il y a dans ma vie d\u2019\u00e9v\u00e8nement, de souvenir, de rencontre, d\u2019amiti\u00e9 o\u00f9 la photographie a sa place.<\/p>\n<p style=\"text-align: justify;\">Je ne sais plus \u00e0 quel \u00e2ge j&rsquo;ai eu mon premier appareil photo. Mon grand-p\u00e8re avait un petit sac qu&rsquo;il avait am\u00e9nag\u00e9 pour tout son mat\u00e9riel photo. Il faisait des albums photos avec l\u00e9gende, num\u00e9rotait toutes les photos, conservait tout \u00e7a soigneusement. Et surtout, nous montrait les photos et racontait les histoires qui entouraient les photos. Je crois qu&rsquo;il faisait de bonnes photos en dehors des classiques photos de famille. Je pense qu&rsquo;il m&rsquo;a beaucoup influenc\u00e9. Ca a toujours \u00e9t\u00e9 la personne \u00e0 qui j&rsquo;\u00e9tais le plus fier de montrer mes photos. Je me demande ce qu&rsquo;il penserait en voyant mes photos num\u00e9riques class\u00e9es dans l&rsquo;iphoto de mon ordi.\u00a0 Je fais donc des photos tout le temps mais avec des hauts et des bas. Il peut m&rsquo;arriver de ne pas en faire pendant des mois et puis d&rsquo;en faire des centaines en une journ\u00e9e. Il faut que je sois dans un certain \u00e9tat d&rsquo;esprit pour avoir l&rsquo;envie. J\u2019aime aussi bien prendre une photo \u00ab souvenir\u00a0\u00bb qu\u2019une photo \u00ab\u00a0artistique\u00a0\u00bb. L\u2019aspect \u00ab\u00a0m\u00e9moriel\u00a0\u00bb est tr\u00e8s important aussi. Par exemple quand je quitte une ville sans y avoir fait de photo, j\u2019ai un sentiment de frustration. J\u2019ai l\u2019impression que je n\u2019aurais plus de trace dans ma m\u00e9moire de ce lieu.<\/p>\n<p style=\"text-align: justify;\">L&rsquo;arriv\u00e9e du num\u00e9rique a \u00e9t\u00e9 perturbante, je voulais rester \u00e0 l&rsquo;argentique. Je continuais de faire tirer mes photos en labo puis est arriv\u00e9 le moment o\u00f9 j&rsquo;\u00e9tais toujours m\u00e9content des tirages. J&rsquo;ai failli arr\u00eater.<\/p>\n<p style=\"text-align: justify;\">Il y a bient\u00f4t dix ans, dans mon boulot, j&rsquo;ai eu \u00e0 utiliser les premiers num\u00e9riques de ma vie tout en d\u00e9couvrant l&rsquo;univers Mac. J&rsquo;ai vite \u00e9t\u00e9 converti. Quand j&rsquo;ai d\u00fb partir au Congo, pays humide, poussi\u00e9reux et o\u00f9 les photos ne sont pas toujours les bienvenues, un petit num\u00e9rique \u00e9tanche et discret \u00e9tait une \u00e9vidence et j&rsquo;ai saut\u00e9 dans cet univers pratique, rapide, communicatif. Tout en continuant de faire de l&rsquo;argentique. Depuis plus d&rsquo;un an, j&rsquo;ai toujours un appareil sur moi. Je ne fais pas plus de photos qu&rsquo;avant ! Mais mes photos finissent sur disques plus ou moins durs et, \u00e7a, je n&rsquo;aime toujours pas. Merci \u00e0 toi de leur donner une occasion de promenade\u00a0!<\/p>\n<p style=\"text-align: justify;\">En dehors de cette pratique, j&rsquo;ai toujours lu de la presse photo. Je profite d&rsquo;ailleurs de cette discussion sur la branche pour conseiller \u00e0 tous ceux qui s&rsquo;int\u00e9ressent \u00e0 l&rsquo;actualit\u00e9 et \u00e0 la photographie de lire <a title=\"Polka Magazine\" href=\"http:\/\/www.polkamagazine.com\/\" target=\"_blank\">Polka magazine<\/a> (qui se trouve aussi partiellement sur le net pour ceux qui ne sont pas en France). Ma p\u00e9riode parisienne a \u00e9t\u00e9 envahie de visite d&rsquo;expositions (comme Paris peut l&rsquo;offrir \u00e0 l&rsquo;envi) ce n&rsquo;est pas toi qui va me contredire. En revanche j&rsquo;ai peu de bouquins sur la photo et malgr\u00e9 la chance que j&rsquo;ai de travailler depuis un certain temps en contact plus ou moins fr\u00e9quent avec des photographes connus (ou non !) je n&rsquo;en ai pas profit\u00e9 pour collectionner les d\u00e9dicaces ou les cartes de visite. En revanche il y a un an, je suis devenu, \u00e0 ma grande surprise, collectionneur de tirages. Si cinq photos, du m\u00eame photographe, peuvent \u00eatre consid\u00e9r\u00e9es comme une collection\u2026<\/p>\n<p style=\"text-align: justify;\"><strong>Quelle est l\u2019histoire de cette photo (<em>Porte ferm\u00e9e, intrigante, <a title=\"Objectif_3280 : G\u00e9n\u00e9ration 4\" href=\"http:\/\/www.loucamino.com\/?page_id=6018&amp;ligne=4&amp;img=2\" target=\"_blank\">G4-2<\/a><\/em><\/strong><strong>) ? <\/strong>J&rsquo;\u00e9tais all\u00e9 \u00e0 Essaouira en solitaire. Meilleur moyen de faire des photos. Je me promenais donc dans la vieille ville, une apr\u00e8s-midi, et beaucoup de magasins \u00e9taient ferm\u00e9s. Je me suis aventur\u00e9 dans un derb pour faire des photos d&rsquo;une porte mur\u00e9e et surmont\u00e9e d&rsquo;une arche en pierre. En arrivant au fond de l\u2019impasse, j&rsquo;ai d\u00e9couvert un passage couvert o\u00f9 se trouve cette taverne. Je n&rsquo;avais pas beaucoup de recul pour prendre la porte en entier. La lumi\u00e8re \u00e9tait faible. Mais la porte me plaisait, l\u2019inscription aussi. Alors j&rsquo;ai essay\u00e9 de faire au mieux. Je n&rsquo;\u00e9tais pas trop content\u00a0 de moi, mais quand j&rsquo;ai r\u00e9alis\u00e9 qu\u2019il y avait une faute d&rsquo;orthographe je me suis dis que \u00e7a valait quand m\u00eame le coup de la garder. A l&rsquo;heure actuelle je ne sais toujours pas ce qu&rsquo;est cette taverne. Une excellente raison de retourner l\u00e0-bas!<\/p>\n<p style=\"text-align: justify;\"><strong>Quelle association d&rsquo;id\u00e9e t&rsquo;a pouss\u00e9 \u00e0 choisir cette photo ? <\/strong>A chaque fois que j&rsquo;accroche une photo dans l&rsquo;arbre, je fouille dans ma m\u00e9moire la photo qui peut faire \u00e9cho \u00e0 l&rsquo;une de celle ayant retenue mon attention. Et j&rsquo;essaye de publier une photo que je trouve bonne. Je ne suis pas sp\u00e9cialement satisfait de celle l\u00e0 d&rsquo;ailleurs comme je l&rsquo;ai dis, mais elle s\u2019est impos\u00e9e. Le d\u00e9tail du cadenas sur la porte de la photo de la g\u00e9n\u00e9ration pr\u00e9c\u00e9dente a retenu mon attention. Je ne me souvenais pas si j&rsquo;avais une photo d&rsquo;un d\u00e9tail qui pourrait faire \u00e9chos mais je savais que j&rsquo;avais des photos de porte. Et quand j&rsquo;ai vu celle de la \u00ab\u00a0taverne des p\u00eacheures\u00a0\u00bb je me suis dis que c&rsquo;\u00e9tait la bonne. Les couleurs, les multiples ferrailles fermant la porte. De plus, je me dis que les autres d\u00e9tails de la photo ouvrent de multiples portes pour la g\u00e9n\u00e9ration suivante.<\/p>\n<p style=\"text-align: justify;\">Dans quelques heures, Fr\u00e9d\u00e9ric Blin montera sur la branche&#8230;<\/p>\n<div id=\"iLikeThis-6283\" class=\"iLikeThis\"><span class=\"counter\"><a onclick=\"likeThis(6283);\" class=\"image\">7<\/a><\/span><\/div>\n<p><a href=\"http:\/\/www.facebook.com\/share.php?u=https%3A%2F%2Fwww.loucamino.com%2F%3Fp%3D6283&amp;t=Objectif_3280%20%23%208_%20Sur%20une%20branche%2C%20perch%C3%A9e%20avec%20Matthieu%20Fargeas\" id=\"facebook_share_both_6283\" style=\"font-size:11px; line-height:13px; font-family:'lucida grande',tahoma,verdana,arial,sans-serif; text-decoration:none; padding:2px 0 0 20px; height:16px; background:url(http:\/\/b.static.ak.fbcdn.net\/images\/share\/facebook_share_icon.gif) no-repeat top left;\">Share on Facebook<\/a><br \/>\n\t<script type=\"text\/javascript\">\n\t<!--\n\tvar button = document.getElementById('facebook_share_link_6283') || document.getElementById('facebook_share_icon_6283') || document.getElementById('facebook_share_both_6283') || document.getElementById('facebook_share_button_6283');\n\tif (button) {\n\t\tbutton.onclick = function(e) {\n\t\t\tvar url = this.href.replace(\/share\\.php\/, 'sharer.php');\n\t\t\twindow.open(url,'sharer','toolbar=0,status=0,width=626,height=436');\n\t\t\treturn false;\n\t\t}\n\t\n\t\tif (button.id === 'facebook_share_button_6283') {\n\t\t\tbutton.onmouseover = function(){\n\t\t\t\tthis.style.color='#fff';\n\t\t\t\tthis.style.borderColor = '#295582';\n\t\t\t\tthis.style.backgroundColor = '#3b5998';\n\t\t\t}\n\t\t\tbutton.onmouseout = function(){\n\t\t\t\tthis.style.color = '#3b5998';\n\t\t\t\tthis.style.borderColor = '#d8dfea';\n\t\t\t\tthis.style.backgroundColor = '#fff';\n\t\t\t}\n\t\t}\n\t}\n\t-->\n\t<\/script><\/p>\n","protected":false},"excerpt":{"rendered":"<p>\u201cSur une branche, perch\u00e9e avec\u2026\u201d, un nouveau rendez-vous avec un membre de l\u2019\u00e9cho-munaut\u00e9\u2026 Pour bien commencer la journ\u00e9e, un peu de lecture avec Matthieu Fargeas. Quelle est la place de la photographie dans ta vie ? Une grande place. Enorme en fait\u00a0! En r\u00e9fl\u00e9chissant \u00e0 ta question, je me suis aper\u00e7u que je pourrais en [&hellip;]<\/p>\n<a href=\"http:\/\/www.facebook.com\/share.php?u=https%3A%2F%2Fwww.loucamino.com%2F%3Fp%3D6283&amp;t=Objectif_3280%20%23%208_%20Sur%20une%20branche%2C%20perch%C3%A9e%20avec%20Matthieu%20Fargeas\" id=\"facebook_share_both_6283\" style=\"font-size:11px; line-height:13px; font-family:'lucida grande',tahoma,verdana,arial,sans-serif; text-decoration:none; padding:2px 0 0 20px; height:16px; background:url(http:\/\/b.static.ak.fbcdn.net\/images\/share\/facebook_share_icon.gif) no-repeat top left;\">Share on Facebook<\/a>\r\n\t<script type=\"text\/javascript\">\r\n\t<!--\r\n\tvar button = document.getElementById('facebook_share_link_6283') || document.getElementById('facebook_share_icon_6283') || document.getElementById('facebook_share_both_6283') || document.getElementById('facebook_share_button_6283');\r\n\tif (button) {\r\n\t\tbutton.onclick = function(e) {\r\n\t\t\tvar url = this.href.replace(\/share\\.php\/, 'sharer.php');\r\n\t\t\twindow.open(url,'sharer','toolbar=0,status=0,width=626,height=436');\r\n\t\t\treturn false;\r\n\t\t}\r\n\t\r\n\t\tif (button.id === 'facebook_share_button_6283') {\r\n\t\t\tbutton.onmouseover = function(){\r\n\t\t\t\tthis.style.color='#fff';\r\n\t\t\t\tthis.style.borderColor = '#295582';\r\n\t\t\t\tthis.style.backgroundColor = '#3b5998';\r\n\t\t\t}\r\n\t\t\tbutton.onmouseout = function(){\r\n\t\t\t\tthis.style.color = '#3b5998';\r\n\t\t\t\tthis.style.borderColor = '#d8dfea';\r\n\t\t\t\tthis.style.backgroundColor = '#fff';\r\n\t\t\t}\r\n\t\t}\r\n\t}\r\n\t-->\r\n\t<\/script>\r\n\t","protected":false},"author":1,"featured_media":0,"comment_status":"open","ping_status":"closed","sticky":false,"template":"","format":"standard","meta":{"ngg_post_thumbnail":0},"categories":[1,1203],"tags":[1209,765,272,1232,1208],"_links":{"self":[{"href":"https:\/\/www.loucamino.com\/index.php?rest_route=\/wp\/v2\/posts\/6283"}],"collection":[{"href":"https:\/\/www.loucamino.com\/index.php?rest_route=\/wp\/v2\/posts"}],"about":[{"href":"https:\/\/www.loucamino.com\/index.php?rest_route=\/wp\/v2\/types\/post"}],"author":[{"embeddable":true,"href":"https:\/\/www.loucamino.com\/index.php?rest_route=\/wp\/v2\/users\/1"}],"replies":[{"embeddable":true,"href":"https:\/\/www.loucamino.com\/index.php?rest_route=%2Fwp%2Fv2%2Fcomments&post=6283"}],"version-history":[{"count":0,"href":"https:\/\/www.loucamino.com\/index.php?rest_route=\/wp\/v2\/posts\/6283\/revisions"}],"wp:attachment":[{"href":"https:\/\/www.loucamino.com\/index.php?rest_route=%2Fwp%2Fv2%2Fmedia&parent=6283"}],"wp:term":[{"taxonomy":"category","embeddable":true,"href":"https:\/\/www.loucamino.com\/index.php?rest_route=%2Fwp%2Fv2%2Fcategories&post=6283"},{"taxonomy":"post_tag","embeddable":true,"href":"https:\/\/www.loucamino.com\/index.php?rest_route=%2Fwp%2Fv2%2Ftags&post=6283"}],"curies":[{"name":"wp","href":"https:\/\/api.w.org\/{rel}","templated":true}]}}