{"id":6272,"date":"2011-06-06T10:21:54","date_gmt":"2011-06-06T17:21:54","guid":{"rendered":"http:\/\/www.loucamino.com\/?p=6272"},"modified":"2011-06-09T15:41:14","modified_gmt":"2011-06-09T22:41:14","slug":"objectif_3280-7_-sur-une-branche-perchee-avec-caroline-rossignol","status":"publish","type":"post","link":"https:\/\/www.loucamino.com\/?p=6272","title":{"rendered":"Objectif_3280 # 7_ Sur une branche, perch\u00e9e avec Caroline Rossignol"},"content":{"rendered":"<ul class=\"wpsocialite social-buttons large\"><\/ul><p style=\"text-align: justify;\"><a title=\"Sur une branche, perch\u00e9e avec...\" href=\"..\/?p=6172\" target=\"_blank\">\u201cSur une  branche, perch\u00e9e avec\u2026\u201d<\/a>, un nouveau rendez-vous avec un membre de  l\u2019\u00e9cho-munaut\u00e9\u2026 Pour poursuivre la journ\u00e9e, Caroline Rossignol.<\/p>\n<p style=\"text-align: justify;\"><strong>Quelle est la place de la photographie dans ta vie ?<\/strong> Je photographiais en voyage avec un appareil argentique. Maintenant, je me suis faite au num\u00e9rique et photographie tous les jours mon enfant !!!<\/p>\n<p style=\"text-align: justify;\"><strong>Quelle est l\u2019histoire de cette photo (<em>Toujours plus fort ce Kapoor, <a title=\"Objectif_3280 : g\u00e9n\u00e9ration 4\" href=\"http:\/\/www.loucamino.com\/?page_id=6018&amp;ligne=4&amp;img=20\" target=\"_blank\">G4-20<\/a><\/em><\/strong><strong>) ?<\/strong> En visite\u00a0 autour du L\u00e9viathan d&rsquo;Anish Kapoor, j&rsquo;ai essay\u00e9 de capter la monstruosit\u00e9 de l&rsquo;\u0153uvre, son c\u00f4t\u00e9\u00a0\u00bb je vais vous \u00e9craser\u00a0\u00bb. Cette photo met en sc\u00e8ne le contraste entre le plein, le lisse, le noir et l&rsquo;impression de\u00a0 lourdeur\u00a0 de l&rsquo;\u0153uvre d&rsquo;Anish Kapoor avec la dentelle et la luminosit\u00e9 du toit du Grand Palais.<\/p>\n<p style=\"text-align: justify;\"><strong>Quelle association d&rsquo;id\u00e9e t&rsquo;a pouss\u00e9e \u00e0 choisir cette photo ? <\/strong>Tout simplement le titre de la photo de la g\u00e9n\u00e9ration pr\u00e9c\u00e9dente: \u00ab\u00a0Toujours plus haut\u00a0\u00bb&#8230;\u00e7a m&rsquo;a fait penser au d\u00e9fi qu&rsquo;Anish Kapoor et les autres artistes invit\u00e9s rel\u00e8vent tous les ans, depuis 4 ans ,\u00a0 \u00e0 Monumenta au Grand Palais: \u00ab\u00a0Toujours plus fort&#8230;\u00a0\u00bb<\/p>\n<p style=\"text-align: justify;\">Demain, Matthieu Fargeas sera l&rsquo;invit\u00e9 de la branche&#8230;<\/p>\n<div id=\"iLikeThis-6272\" class=\"iLikeThis\"><span class=\"counter\"><a onclick=\"likeThis(6272);\" class=\"image\">3<\/a><\/span><\/div>\n<p><a href=\"http:\/\/www.facebook.com\/share.php?u=https%3A%2F%2Fwww.loucamino.com%2F%3Fp%3D6272&amp;t=Objectif_3280%20%23%207_%20Sur%20une%20branche%2C%20perch%C3%A9e%20avec%20Caroline%20Rossignol\" id=\"facebook_share_both_6272\" style=\"font-size:11px; line-height:13px; font-family:'lucida grande',tahoma,verdana,arial,sans-serif; text-decoration:none; padding:2px 0 0 20px; height:16px; background:url(http:\/\/b.static.ak.fbcdn.net\/images\/share\/facebook_share_icon.gif) no-repeat top left;\">Share on Facebook<\/a><br \/>\n\t<script type=\"text\/javascript\">\n\t<!--\n\tvar button = document.getElementById('facebook_share_link_6272') || document.getElementById('facebook_share_icon_6272') || document.getElementById('facebook_share_both_6272') || document.getElementById('facebook_share_button_6272');\n\tif (button) {\n\t\tbutton.onclick = function(e) {\n\t\t\tvar url = this.href.replace(\/share\\.php\/, 'sharer.php');\n\t\t\twindow.open(url,'sharer','toolbar=0,status=0,width=626,height=436');\n\t\t\treturn false;\n\t\t}\n\t\n\t\tif (button.id === 'facebook_share_button_6272') {\n\t\t\tbutton.onmouseover = function(){\n\t\t\t\tthis.style.color='#fff';\n\t\t\t\tthis.style.borderColor = '#295582';\n\t\t\t\tthis.style.backgroundColor = '#3b5998';\n\t\t\t}\n\t\t\tbutton.onmouseout = function(){\n\t\t\t\tthis.style.color = '#3b5998';\n\t\t\t\tthis.style.borderColor = '#d8dfea';\n\t\t\t\tthis.style.backgroundColor = '#fff';\n\t\t\t}\n\t\t}\n\t}\n\t-->\n\t<\/script><\/p>\n","protected":false},"excerpt":{"rendered":"<p>\u201cSur une branche, perch\u00e9e avec\u2026\u201d, un nouveau rendez-vous avec un membre de l\u2019\u00e9cho-munaut\u00e9\u2026 Pour poursuivre la journ\u00e9e, Caroline Rossignol. Quelle est la place de la photographie dans ta vie ? Je photographiais en voyage avec un appareil argentique. Maintenant, je me suis faite au num\u00e9rique et photographie tous les jours mon enfant !!! Quelle est [&hellip;]<\/p>\n<a href=\"http:\/\/www.facebook.com\/share.php?u=https%3A%2F%2Fwww.loucamino.com%2F%3Fp%3D6272&amp;t=Objectif_3280%20%23%207_%20Sur%20une%20branche%2C%20perch%C3%A9e%20avec%20Caroline%20Rossignol\" id=\"facebook_share_both_6272\" style=\"font-size:11px; line-height:13px; font-family:'lucida grande',tahoma,verdana,arial,sans-serif; text-decoration:none; padding:2px 0 0 20px; height:16px; background:url(http:\/\/b.static.ak.fbcdn.net\/images\/share\/facebook_share_icon.gif) no-repeat top left;\">Share on Facebook<\/a>\r\n\t<script type=\"text\/javascript\">\r\n\t<!--\r\n\tvar button = document.getElementById('facebook_share_link_6272') || document.getElementById('facebook_share_icon_6272') || document.getElementById('facebook_share_both_6272') || document.getElementById('facebook_share_button_6272');\r\n\tif (button) {\r\n\t\tbutton.onclick = function(e) {\r\n\t\t\tvar url = this.href.replace(\/share\\.php\/, 'sharer.php');\r\n\t\t\twindow.open(url,'sharer','toolbar=0,status=0,width=626,height=436');\r\n\t\t\treturn false;\r\n\t\t}\r\n\t\r\n\t\tif (button.id === 'facebook_share_button_6272') {\r\n\t\t\tbutton.onmouseover = function(){\r\n\t\t\t\tthis.style.color='#fff';\r\n\t\t\t\tthis.style.borderColor = '#295582';\r\n\t\t\t\tthis.style.backgroundColor = '#3b5998';\r\n\t\t\t}\r\n\t\t\tbutton.onmouseout = function(){\r\n\t\t\t\tthis.style.color = '#3b5998';\r\n\t\t\t\tthis.style.borderColor = '#d8dfea';\r\n\t\t\t\tthis.style.backgroundColor = '#fff';\r\n\t\t\t}\r\n\t\t}\r\n\t}\r\n\t-->\r\n\t<\/script>\r\n\t","protected":false},"author":1,"featured_media":0,"comment_status":"open","ping_status":"closed","sticky":false,"template":"","format":"standard","meta":{"ngg_post_thumbnail":0},"categories":[1,1203],"tags":[1226,1225,1209,584,272,1208],"_links":{"self":[{"href":"https:\/\/www.loucamino.com\/index.php?rest_route=\/wp\/v2\/posts\/6272"}],"collection":[{"href":"https:\/\/www.loucamino.com\/index.php?rest_route=\/wp\/v2\/posts"}],"about":[{"href":"https:\/\/www.loucamino.com\/index.php?rest_route=\/wp\/v2\/types\/post"}],"author":[{"embeddable":true,"href":"https:\/\/www.loucamino.com\/index.php?rest_route=\/wp\/v2\/users\/1"}],"replies":[{"embeddable":true,"href":"https:\/\/www.loucamino.com\/index.php?rest_route=%2Fwp%2Fv2%2Fcomments&post=6272"}],"version-history":[{"count":0,"href":"https:\/\/www.loucamino.com\/index.php?rest_route=\/wp\/v2\/posts\/6272\/revisions"}],"wp:attachment":[{"href":"https:\/\/www.loucamino.com\/index.php?rest_route=%2Fwp%2Fv2%2Fmedia&parent=6272"}],"wp:term":[{"taxonomy":"category","embeddable":true,"href":"https:\/\/www.loucamino.com\/index.php?rest_route=%2Fwp%2Fv2%2Fcategories&post=6272"},{"taxonomy":"post_tag","embeddable":true,"href":"https:\/\/www.loucamino.com\/index.php?rest_route=%2Fwp%2Fv2%2Ftags&post=6272"}],"curies":[{"name":"wp","href":"https:\/\/api.w.org\/{rel}","templated":true}]}}