{"id":6268,"date":"2011-06-05T21:45:29","date_gmt":"2011-06-06T04:45:29","guid":{"rendered":"http:\/\/www.loucamino.com\/?p=6268"},"modified":"2011-06-09T15:41:25","modified_gmt":"2011-06-09T22:41:25","slug":"objectif_3280-6_-sur-une-branche-perchee-avec%e2%80%a6-caroline-rousseau-coste","status":"publish","type":"post","link":"https:\/\/www.loucamino.com\/?p=6268","title":{"rendered":"Objectif_3280 # 6_ Sur une branche, perch\u00e9e avec Caroline Rousseau-Coste"},"content":{"rendered":"<ul class=\"wpsocialite social-buttons large\"><\/ul><p><a title=\"Sur une branche, perch\u00e9e avec...\" href=\"..\/?p=6172\" target=\"_blank\">\u201cSur une branche, perch\u00e9e avec\u2026\u201d<\/a>, un nouveau rendez-vous avec un membre de l\u2019\u00e9cho-munaut\u00e9\u2026 Pour d\u00e9buter la journ\u00e9e, Caroline Rousseau-Coste.<\/p>\n<p><strong>Quelle est la place de la photographie dans ta vie ? <\/strong>Je dirais une place familiale et sentimentale ! C&rsquo;est surtout pour moi une envie de souvenirs et de partages&#8230; J&rsquo;ai gard\u00e9 mon premier appareil, un petit Kodak blanc qui m&rsquo;a \u00e9t\u00e9 offert par mes grands-parents quand j&rsquo;\u00e9tais enfant&#8230; Et pendant des ann\u00e9es, beaucoup de photos de ma famille et de mes amis&#8230; J&rsquo;ai h\u00e9rit\u00e9 du reflex de mon p\u00e8re, un vieux Z\u00e9nith, qui a donc une valeur inestimable, et que j&rsquo;utilise encore un peu! il m&rsquo;a aussi donn\u00e9 deux livres sur la pratique de la photo, qu&rsquo;il utilisait pour comprendre la magnifique technique de l&rsquo;entr\u00e9e de la lumi\u00e8re dans cette chambre noire&#8230; Enfin, je partage aujourd&rsquo;hui la photo avec mon homme; notre premier achat en commun a \u00e9t\u00e9 un appareil photo, et mon principal sujet ces deux derni\u00e8res ann\u00e9es a \u00e9t\u00e9 ma fille ! \u00a0C&rsquo;est dire si c&rsquo;est une histoire de famille&#8230;<\/p>\n<p><strong>Quelle est l\u2019histoire de cette photo (<em>Un message sur ton mur, <a title=\"Objectif_3280 : G\u00e9n\u00e9ration 4\" href=\"http:\/\/www.loucamino.com\/?page_id=6018&amp;ligne=4&amp;img=13\" target=\"_blank\">G4-13<\/a><\/em><\/strong><strong>) ? <\/strong>Notre premier nid avec mon homme, un petit deux pi\u00e8ces qu&rsquo;on a voulu remettre \u00e0 notre go\u00fbt&#8230; Un message que je lui ai \u00e9crit, destin\u00e9 \u00e0 \u00eatre effac\u00e9, et qui fatalement allait tomber dans l&rsquo;oubli ! C&rsquo;\u00e9tait trop dur pour moi, il fallait que j&rsquo;en garde le t\u00e9moignage, la trace&#8230; Et puis faire partager ce message intime \u00e0 la terre enti\u00e8re gr\u00e2ce \u00e0 la photo, c&rsquo;est le top non ?!<\/p>\n<p><strong>Quelle association d&rsquo;id\u00e9e t&rsquo;a pouss\u00e9e \u00e0 choisir cette photo ? <\/strong>Les messages ou dessins ou peintures faits sur les murs des villes sont fatalement destin\u00e9s \u00e0 dispara\u00eetre&#8230; J&rsquo;aime l&rsquo;id\u00e9e qu&rsquo;une sc\u00e8ne, un dessin, un message, soit \u00ab\u00a0sauv\u00e9\u00a0\u00bb de l&rsquo;oubli gr\u00e2ce \u00e0 la photo ou la vid\u00e9o&#8230;<\/p>\n<p>Dans quelques heures, Caroline Rossignol grimpera sur la branche&#8230;<\/p>\n<div id=\"iLikeThis-6268\" class=\"iLikeThis\"><span class=\"counter\"><a onclick=\"likeThis(6268);\" class=\"image\">3<\/a><\/span><\/div>\n<p><a href=\"http:\/\/www.facebook.com\/share.php?u=https%3A%2F%2Fwww.loucamino.com%2F%3Fp%3D6268&amp;t=Objectif_3280%20%23%206_%20Sur%20une%20branche%2C%20perch%C3%A9e%20avec%20Caroline%20Rousseau-Coste\" id=\"facebook_share_both_6268\" style=\"font-size:11px; line-height:13px; font-family:'lucida grande',tahoma,verdana,arial,sans-serif; text-decoration:none; padding:2px 0 0 20px; height:16px; background:url(http:\/\/b.static.ak.fbcdn.net\/images\/share\/facebook_share_icon.gif) no-repeat top left;\">Share on Facebook<\/a><br \/>\n\t<script type=\"text\/javascript\">\n\t<!--\n\tvar button = document.getElementById('facebook_share_link_6268') || document.getElementById('facebook_share_icon_6268') || document.getElementById('facebook_share_both_6268') || document.getElementById('facebook_share_button_6268');\n\tif (button) {\n\t\tbutton.onclick = function(e) {\n\t\t\tvar url = this.href.replace(\/share\\.php\/, 'sharer.php');\n\t\t\twindow.open(url,'sharer','toolbar=0,status=0,width=626,height=436');\n\t\t\treturn false;\n\t\t}\n\t\n\t\tif (button.id === 'facebook_share_button_6268') {\n\t\t\tbutton.onmouseover = function(){\n\t\t\t\tthis.style.color='#fff';\n\t\t\t\tthis.style.borderColor = '#295582';\n\t\t\t\tthis.style.backgroundColor = '#3b5998';\n\t\t\t}\n\t\t\tbutton.onmouseout = function(){\n\t\t\t\tthis.style.color = '#3b5998';\n\t\t\t\tthis.style.borderColor = '#d8dfea';\n\t\t\t\tthis.style.backgroundColor = '#fff';\n\t\t\t}\n\t\t}\n\t}\n\t-->\n\t<\/script><\/p>\n","protected":false},"excerpt":{"rendered":"<p>\u201cSur une branche, perch\u00e9e avec\u2026\u201d, un nouveau rendez-vous avec un membre de l\u2019\u00e9cho-munaut\u00e9\u2026 Pour d\u00e9buter la journ\u00e9e, Caroline Rousseau-Coste. Quelle est la place de la photographie dans ta vie ? Je dirais une place familiale et sentimentale ! C&rsquo;est surtout pour moi une envie de souvenirs et de partages&#8230; J&rsquo;ai gard\u00e9 mon premier appareil, un [&hellip;]<\/p>\n<a href=\"http:\/\/www.facebook.com\/share.php?u=https%3A%2F%2Fwww.loucamino.com%2F%3Fp%3D6268&amp;t=Objectif_3280%20%23%206_%20Sur%20une%20branche%2C%20perch%C3%A9e%20avec%20Caroline%20Rousseau-Coste\" id=\"facebook_share_both_6268\" style=\"font-size:11px; line-height:13px; font-family:'lucida grande',tahoma,verdana,arial,sans-serif; text-decoration:none; padding:2px 0 0 20px; height:16px; background:url(http:\/\/b.static.ak.fbcdn.net\/images\/share\/facebook_share_icon.gif) no-repeat top left;\">Share on Facebook<\/a>\r\n\t<script type=\"text\/javascript\">\r\n\t<!--\r\n\tvar button = document.getElementById('facebook_share_link_6268') || document.getElementById('facebook_share_icon_6268') || document.getElementById('facebook_share_both_6268') || document.getElementById('facebook_share_button_6268');\r\n\tif (button) {\r\n\t\tbutton.onclick = function(e) {\r\n\t\t\tvar url = this.href.replace(\/share\\.php\/, 'sharer.php');\r\n\t\t\twindow.open(url,'sharer','toolbar=0,status=0,width=626,height=436');\r\n\t\t\treturn false;\r\n\t\t}\r\n\t\r\n\t\tif (button.id === 'facebook_share_button_6268') {\r\n\t\t\tbutton.onmouseover = function(){\r\n\t\t\t\tthis.style.color='#fff';\r\n\t\t\t\tthis.style.borderColor = '#295582';\r\n\t\t\t\tthis.style.backgroundColor = '#3b5998';\r\n\t\t\t}\r\n\t\t\tbutton.onmouseout = function(){\r\n\t\t\t\tthis.style.color = '#3b5998';\r\n\t\t\t\tthis.style.borderColor = '#d8dfea';\r\n\t\t\t\tthis.style.backgroundColor = '#fff';\r\n\t\t\t}\r\n\t\t}\r\n\t}\r\n\t-->\r\n\t<\/script>\r\n\t","protected":false},"author":1,"featured_media":0,"comment_status":"open","ping_status":"open","sticky":false,"template":"","format":"standard","meta":{"ngg_post_thumbnail":0},"categories":[1,1203],"tags":[1224,1209,765,272,1208],"_links":{"self":[{"href":"https:\/\/www.loucamino.com\/index.php?rest_route=\/wp\/v2\/posts\/6268"}],"collection":[{"href":"https:\/\/www.loucamino.com\/index.php?rest_route=\/wp\/v2\/posts"}],"about":[{"href":"https:\/\/www.loucamino.com\/index.php?rest_route=\/wp\/v2\/types\/post"}],"author":[{"embeddable":true,"href":"https:\/\/www.loucamino.com\/index.php?rest_route=\/wp\/v2\/users\/1"}],"replies":[{"embeddable":true,"href":"https:\/\/www.loucamino.com\/index.php?rest_route=%2Fwp%2Fv2%2Fcomments&post=6268"}],"version-history":[{"count":0,"href":"https:\/\/www.loucamino.com\/index.php?rest_route=\/wp\/v2\/posts\/6268\/revisions"}],"wp:attachment":[{"href":"https:\/\/www.loucamino.com\/index.php?rest_route=%2Fwp%2Fv2%2Fmedia&parent=6268"}],"wp:term":[{"taxonomy":"category","embeddable":true,"href":"https:\/\/www.loucamino.com\/index.php?rest_route=%2Fwp%2Fv2%2Fcategories&post=6268"},{"taxonomy":"post_tag","embeddable":true,"href":"https:\/\/www.loucamino.com\/index.php?rest_route=%2Fwp%2Fv2%2Ftags&post=6268"}],"curies":[{"name":"wp","href":"https:\/\/api.w.org\/{rel}","templated":true}]}}