{"id":6236,"date":"2011-06-05T01:17:52","date_gmt":"2011-06-05T08:17:52","guid":{"rendered":"http:\/\/www.loucamino.com\/?p=6236"},"modified":"2011-06-09T15:41:50","modified_gmt":"2011-06-09T22:41:50","slug":"objectif_3280-4_-sur-une-branche-perchee-avec-ludovic-ligot","status":"publish","type":"post","link":"https:\/\/www.loucamino.com\/?p=6236","title":{"rendered":"Objectif_3280 # 4_ Sur une branche, perch\u00e9e avec Ludovic Ligot"},"content":{"rendered":"<ul class=\"wpsocialite social-buttons large\"><\/ul><p style=\"text-align: justify;\"><a title=\"Sur une branche, perch\u00e9e avec...\" href=\"..\/?p=6172\" target=\"_blank\">\u201cSur une branche, perch\u00e9e avec\u2026\u201d<\/a>, un nouveau rendez-vous avec un membre de l\u2019\u00e9cho-munaut\u00e9\u2026 Aujourd\u2019hui, rendez-vous avec Ludovic Ligot.<\/p>\n<p style=\"text-align: justify;\"><strong>Quelle est la place de la photographie dans ta vie ? <\/strong>Je prends tr\u00e8s peu de clich\u00e9s au quotidien, mais l&rsquo;envie me reprend souvent lorsque\u00a0je m&rsquo;\u00e9loigne assez de mon cadre parisien habituel. Pour autant, je ne suis pas du genre \u00e0 \u00ab\u00a0mitrailler\u00a0\u00bb monuments et paysages :\u00a0je ne sors un appareil photo (celui de mon t\u00e9l\u00e9phone portable, actuellement) que si j&rsquo;ai la ferme impression de pouvoir obtenir une composition int\u00e9ressante&#8230; et\u00a0cela ne\u00a0m&rsquo;arrive pas toutes les cinq minutes !\u00a0Je\u00a0ne suis donc au final qu&rsquo;un photographe occasionnel et bien conscient de ses limites en la mati\u00e8re&#8230;<\/p>\n<p style=\"text-align: justify;\"><strong>Quelle est l\u2019histoire de cette photo (<\/strong><em><strong>Le pont du Lowry,<\/strong><\/em><strong> <a title=\"Objectif_3280 : G\u00e9n\u00e9ration 4\" href=\"http:\/\/www.loucamino.com\/?page_id=6018&amp;ligne=4&amp;img=10\" target=\"_blank\">G4-10<\/a>) ? <\/strong>Tr\u00e8s r\u00e9cemment, je suis parti en week-end \u00e0 Manchester, notamment pour assister \u00e0 un concert de Tangerine Dream, un c\u00e9l\u00e8bre groupe allemand de musique \u00e9lectronique fond\u00e9 dans les ann\u00e9es 1960 (je profite de cette occasion pour leur faire un peu de publicit\u00e9)&#8230; Ce pont, qui enjambe le Manchester\u00a0Ship Canal au niveau de la ville de Salford, arrive juste \u00e0 c\u00f4t\u00e9 du Lowry, le centre d&rsquo;arts o\u00f9 le concert a eu lieu. Observ\u00e9 depuis l&rsquo;une de ses extr\u00e9mit\u00e9s,\u00a0il m&rsquo;a paru vraiment impressionnant car il a presque\u00a0l&rsquo;air de vouloir \u00e9craser les b\u00e2timents situ\u00e9s sur l&rsquo;autre rive&#8230;<\/p>\n<p style=\"text-align: justify;\"><strong>Quelle association d&rsquo;id\u00e9e t&rsquo;a pouss\u00e9 \u00e0 choisir cette photo ? <\/strong>J&rsquo;ai simplement vu que la photo de la Tour Eiffel avait \u00e9t\u00e9 prise depuis l&rsquo;un des\u00a0ponts de la Seine\u00a0et que l&rsquo;eau du fleuve n&rsquo;\u00e9tait visible que tout \u00e0 droite, \u00e0 travers le rebord de ce pont. De la m\u00eame fa\u00e7on, sur ma photo, l&rsquo;eau du Manchester\u00a0Ship Canal n&rsquo;est visible que tout \u00e0 gauche, \u00e0 travers le rebord du Lowry Bridge.<\/p>\n<p style=\"text-align: justify;\">Dans quelques heures, Ludo Coste montera sur la branche&#8230;<\/p>\n<div id=\"iLikeThis-6236\" class=\"iLikeThis\"><span class=\"counter\"><a onclick=\"likeThis(6236);\" class=\"image\">3<\/a><\/span><\/div>\n<p><a href=\"http:\/\/www.facebook.com\/share.php?u=https%3A%2F%2Fwww.loucamino.com%2F%3Fp%3D6236&amp;t=Objectif_3280%20%23%204_%20Sur%20une%20branche%2C%20perch%C3%A9e%20avec%20Ludovic%20Ligot\" id=\"facebook_share_both_6236\" style=\"font-size:11px; line-height:13px; font-family:'lucida grande',tahoma,verdana,arial,sans-serif; text-decoration:none; padding:2px 0 0 20px; height:16px; background:url(http:\/\/b.static.ak.fbcdn.net\/images\/share\/facebook_share_icon.gif) no-repeat top left;\">Share on Facebook<\/a><br \/>\n\t<script type=\"text\/javascript\">\n\t<!--\n\tvar button = document.getElementById('facebook_share_link_6236') || document.getElementById('facebook_share_icon_6236') || document.getElementById('facebook_share_both_6236') || document.getElementById('facebook_share_button_6236');\n\tif (button) {\n\t\tbutton.onclick = function(e) {\n\t\t\tvar url = this.href.replace(\/share\\.php\/, 'sharer.php');\n\t\t\twindow.open(url,'sharer','toolbar=0,status=0,width=626,height=436');\n\t\t\treturn false;\n\t\t}\n\t\n\t\tif (button.id === 'facebook_share_button_6236') {\n\t\t\tbutton.onmouseover = function(){\n\t\t\t\tthis.style.color='#fff';\n\t\t\t\tthis.style.borderColor = '#295582';\n\t\t\t\tthis.style.backgroundColor = '#3b5998';\n\t\t\t}\n\t\t\tbutton.onmouseout = function(){\n\t\t\t\tthis.style.color = '#3b5998';\n\t\t\t\tthis.style.borderColor = '#d8dfea';\n\t\t\t\tthis.style.backgroundColor = '#fff';\n\t\t\t}\n\t\t}\n\t}\n\t-->\n\t<\/script><\/p>\n","protected":false},"excerpt":{"rendered":"<p>\u201cSur une branche, perch\u00e9e avec\u2026\u201d, un nouveau rendez-vous avec un membre de l\u2019\u00e9cho-munaut\u00e9\u2026 Aujourd\u2019hui, rendez-vous avec Ludovic Ligot. Quelle est la place de la photographie dans ta vie ? Je prends tr\u00e8s peu de clich\u00e9s au quotidien, mais l&rsquo;envie me reprend souvent lorsque\u00a0je m&rsquo;\u00e9loigne assez de mon cadre parisien habituel. Pour autant, je ne suis [&hellip;]<\/p>\n<a href=\"http:\/\/www.facebook.com\/share.php?u=https%3A%2F%2Fwww.loucamino.com%2F%3Fp%3D6236&amp;t=Objectif_3280%20%23%204_%20Sur%20une%20branche%2C%20perch%C3%A9e%20avec%20Ludovic%20Ligot\" id=\"facebook_share_both_6236\" style=\"font-size:11px; line-height:13px; font-family:'lucida grande',tahoma,verdana,arial,sans-serif; text-decoration:none; padding:2px 0 0 20px; height:16px; background:url(http:\/\/b.static.ak.fbcdn.net\/images\/share\/facebook_share_icon.gif) no-repeat top left;\">Share on Facebook<\/a>\r\n\t<script type=\"text\/javascript\">\r\n\t<!--\r\n\tvar button = document.getElementById('facebook_share_link_6236') || document.getElementById('facebook_share_icon_6236') || document.getElementById('facebook_share_both_6236') || document.getElementById('facebook_share_button_6236');\r\n\tif (button) {\r\n\t\tbutton.onclick = function(e) {\r\n\t\t\tvar url = this.href.replace(\/share\\.php\/, 'sharer.php');\r\n\t\t\twindow.open(url,'sharer','toolbar=0,status=0,width=626,height=436');\r\n\t\t\treturn false;\r\n\t\t}\r\n\t\r\n\t\tif (button.id === 'facebook_share_button_6236') {\r\n\t\t\tbutton.onmouseover = function(){\r\n\t\t\t\tthis.style.color='#fff';\r\n\t\t\t\tthis.style.borderColor = '#295582';\r\n\t\t\t\tthis.style.backgroundColor = '#3b5998';\r\n\t\t\t}\r\n\t\t\tbutton.onmouseout = function(){\r\n\t\t\t\tthis.style.color = '#3b5998';\r\n\t\t\t\tthis.style.borderColor = '#d8dfea';\r\n\t\t\t\tthis.style.backgroundColor = '#fff';\r\n\t\t\t}\r\n\t\t}\r\n\t}\r\n\t-->\r\n\t<\/script>\r\n\t","protected":false},"author":1,"featured_media":0,"comment_status":"open","ping_status":"closed","sticky":false,"template":"","format":"standard","meta":{"ngg_post_thumbnail":0},"categories":[1,1203],"tags":[1195,1209,1217,765,1208],"_links":{"self":[{"href":"https:\/\/www.loucamino.com\/index.php?rest_route=\/wp\/v2\/posts\/6236"}],"collection":[{"href":"https:\/\/www.loucamino.com\/index.php?rest_route=\/wp\/v2\/posts"}],"about":[{"href":"https:\/\/www.loucamino.com\/index.php?rest_route=\/wp\/v2\/types\/post"}],"author":[{"embeddable":true,"href":"https:\/\/www.loucamino.com\/index.php?rest_route=\/wp\/v2\/users\/1"}],"replies":[{"embeddable":true,"href":"https:\/\/www.loucamino.com\/index.php?rest_route=%2Fwp%2Fv2%2Fcomments&post=6236"}],"version-history":[{"count":0,"href":"https:\/\/www.loucamino.com\/index.php?rest_route=\/wp\/v2\/posts\/6236\/revisions"}],"wp:attachment":[{"href":"https:\/\/www.loucamino.com\/index.php?rest_route=%2Fwp%2Fv2%2Fmedia&parent=6236"}],"wp:term":[{"taxonomy":"category","embeddable":true,"href":"https:\/\/www.loucamino.com\/index.php?rest_route=%2Fwp%2Fv2%2Fcategories&post=6236"},{"taxonomy":"post_tag","embeddable":true,"href":"https:\/\/www.loucamino.com\/index.php?rest_route=%2Fwp%2Fv2%2Ftags&post=6236"}],"curies":[{"name":"wp","href":"https:\/\/api.w.org\/{rel}","templated":true}]}}