{"id":6230,"date":"2011-06-04T09:25:52","date_gmt":"2011-06-04T16:25:52","guid":{"rendered":"http:\/\/www.loucamino.com\/?p=6230"},"modified":"2011-06-09T15:42:11","modified_gmt":"2011-06-09T22:42:11","slug":"objectif_3280-3_-sur-une-branche-perchee-avec-anne-bleuzen","status":"publish","type":"post","link":"https:\/\/www.loucamino.com\/?p=6230","title":{"rendered":"Objectif_3280 # 3_ Sur une branche, perch\u00e9e avec Anne Bleuzen"},"content":{"rendered":"<ul class=\"wpsocialite social-buttons large\"><\/ul><p style=\"text-align: justify;\"><a title=\"Sur une branche, perch\u00e9e avec...\" href=\"..\/?p=6172\" target=\"_blank\">\u201cSur une branche, perch\u00e9e avec\u2026\u201d<\/a>, un nouveau rendez-vous avec un membre de l\u2019\u00e9cho-munaut\u00e9\u2026 Aujourd\u2019hui, c\u2019est donc Anne Bleuzen.<\/p>\n<p style=\"text-align: justify;\"><strong>Quelle est la place de la photographie dans ta vie ?<\/strong> Ce n&rsquo;est qu&rsquo;une mani\u00e8re de voler quelques moments app\u00e9ciables ou remarquables au flot du temps qui passe. Je ne me d\u00e9place gu\u00e8re avec mon appareil photo, m\u00eame si je le regrette r\u00e9guli\u00e8rement car ces moments appr\u00e9ciables ou remarquables ne sont (heureusement) pas toujours pr\u00e9visibles !<\/p>\n<p style=\"text-align: justify;\"><strong>Quelle est l\u2019histoire de cette photo (Groix apr\u00e8s la grisaille, <a title=\"Objectif_3280 : G\u00e9n\u00e9ration 2\" href=\"http:\/\/www.loucamino.com\/?page_id=6018&amp;ligne=2&amp;img=1\" target=\"_blank\">G2-1<\/a>) ?<\/strong> Cette photo a \u00e9t\u00e9 prise en juillet 2009 lors d&rsquo;un s\u00e9jour \u00e0 l&rsquo;\u00eele de Groix, qui est un peu mon \u00e9ternel retour : enfant, j&rsquo;ai pass\u00e9 de nombreux \u00e9t\u00e9s en famille sur cette \u00eele situ\u00e9e en face de Lorient. J&rsquo;y retourne de temps \u00e0 autre depuis une dizaine d&rsquo;ann\u00e9es et certaines images du temps jadis sont alors toujours r\u00e9activ\u00e9es d&rsquo;une mani\u00e8re qui me surprend. Cette photo est un d\u00e9tail de la plage des Grands Sables : apr\u00e8s une matin\u00e9e de grisaille &#8211; comme souvent &#8211; le ciel est soudain devenu tr\u00e8s clair, donnant \u00e0 cette plage quasi d\u00e9serte une allure d&rsquo;Eden. En quelques minutes, le soleil a fait \u00e9clater les couleurs : le bleu du ciel, blanc du sable, les couleurs vives de ce modeste poste de secours en\u00a0bois, le vert des arbres en surplomb de la plage.<\/p>\n<p style=\"text-align: justify;\"><strong> <\/strong><\/p>\n<p style=\"text-align: justify;\"><strong>Quelle association d&rsquo;id\u00e9e t&rsquo;a pouss\u00e9e \u00e0 choisir cette photo ?<\/strong> La composition de la photo de Vancouver, toute en couches horizontales, m&rsquo;a imm\u00e9diatement fait penser \u00e0 cette photo de Groix. Son titre aussi, \u00ab\u00a0apr\u00e8s la pluie\u00a0\u00bb. Sans oublier le clin d&rsquo;oeil oc\u00e9anique.<\/p>\n<p style=\"text-align: justify;\">Demain, Ludovic Ligot se posera sur la branche.<\/p>\n<div id=\"iLikeThis-6230\" class=\"iLikeThis\"><span class=\"counter\"><a onclick=\"likeThis(6230);\" class=\"image\">3<\/a><\/span><\/div>\n<p><a href=\"http:\/\/www.facebook.com\/share.php?u=https%3A%2F%2Fwww.loucamino.com%2F%3Fp%3D6230&amp;t=%20Objectif_3280%20%23%203_%20Sur%20une%20branche%2C%20perch%C3%A9e%20avec%20Anne%20Bleuzen\" id=\"facebook_share_both_6230\" style=\"font-size:11px; line-height:13px; font-family:'lucida grande',tahoma,verdana,arial,sans-serif; text-decoration:none; padding:2px 0 0 20px; height:16px; background:url(http:\/\/b.static.ak.fbcdn.net\/images\/share\/facebook_share_icon.gif) no-repeat top left;\">Share on Facebook<\/a><br \/>\n\t<script type=\"text\/javascript\">\n\t<!--\n\tvar button = document.getElementById('facebook_share_link_6230') || document.getElementById('facebook_share_icon_6230') || document.getElementById('facebook_share_both_6230') || document.getElementById('facebook_share_button_6230');\n\tif (button) {\n\t\tbutton.onclick = function(e) {\n\t\t\tvar url = this.href.replace(\/share\\.php\/, 'sharer.php');\n\t\t\twindow.open(url,'sharer','toolbar=0,status=0,width=626,height=436');\n\t\t\treturn false;\n\t\t}\n\t\n\t\tif (button.id === 'facebook_share_button_6230') {\n\t\t\tbutton.onmouseover = function(){\n\t\t\t\tthis.style.color='#fff';\n\t\t\t\tthis.style.borderColor = '#295582';\n\t\t\t\tthis.style.backgroundColor = '#3b5998';\n\t\t\t}\n\t\t\tbutton.onmouseout = function(){\n\t\t\t\tthis.style.color = '#3b5998';\n\t\t\t\tthis.style.borderColor = '#d8dfea';\n\t\t\t\tthis.style.backgroundColor = '#fff';\n\t\t\t}\n\t\t}\n\t}\n\t-->\n\t<\/script><\/p>\n","protected":false},"excerpt":{"rendered":"<p>\u201cSur une branche, perch\u00e9e avec\u2026\u201d, un nouveau rendez-vous avec un membre de l\u2019\u00e9cho-munaut\u00e9\u2026 Aujourd\u2019hui, c\u2019est donc Anne Bleuzen. Quelle est la place de la photographie dans ta vie ? Ce n&rsquo;est qu&rsquo;une mani\u00e8re de voler quelques moments app\u00e9ciables ou remarquables au flot du temps qui passe. Je ne me d\u00e9place gu\u00e8re avec mon appareil photo, [&hellip;]<\/p>\n<a href=\"http:\/\/www.facebook.com\/share.php?u=https%3A%2F%2Fwww.loucamino.com%2F%3Fp%3D6230&amp;t=%20Objectif_3280%20%23%203_%20Sur%20une%20branche%2C%20perch%C3%A9e%20avec%20Anne%20Bleuzen\" id=\"facebook_share_both_6230\" style=\"font-size:11px; line-height:13px; font-family:'lucida grande',tahoma,verdana,arial,sans-serif; text-decoration:none; padding:2px 0 0 20px; height:16px; background:url(http:\/\/b.static.ak.fbcdn.net\/images\/share\/facebook_share_icon.gif) no-repeat top left;\">Share on Facebook<\/a>\r\n\t<script type=\"text\/javascript\">\r\n\t<!--\r\n\tvar button = document.getElementById('facebook_share_link_6230') || document.getElementById('facebook_share_icon_6230') || document.getElementById('facebook_share_both_6230') || document.getElementById('facebook_share_button_6230');\r\n\tif (button) {\r\n\t\tbutton.onclick = function(e) {\r\n\t\t\tvar url = this.href.replace(\/share\\.php\/, 'sharer.php');\r\n\t\t\twindow.open(url,'sharer','toolbar=0,status=0,width=626,height=436');\r\n\t\t\treturn false;\r\n\t\t}\r\n\t\r\n\t\tif (button.id === 'facebook_share_button_6230') {\r\n\t\t\tbutton.onmouseover = function(){\r\n\t\t\t\tthis.style.color='#fff';\r\n\t\t\t\tthis.style.borderColor = '#295582';\r\n\t\t\t\tthis.style.backgroundColor = '#3b5998';\r\n\t\t\t}\r\n\t\t\tbutton.onmouseout = function(){\r\n\t\t\t\tthis.style.color = '#3b5998';\r\n\t\t\t\tthis.style.borderColor = '#d8dfea';\r\n\t\t\t\tthis.style.backgroundColor = '#fff';\r\n\t\t\t}\r\n\t\t}\r\n\t}\r\n\t-->\r\n\t<\/script>\r\n\t","protected":false},"author":1,"featured_media":0,"comment_status":"open","ping_status":"closed","sticky":false,"template":"","format":"standard","meta":{"ngg_post_thumbnail":0},"categories":[1,1203],"tags":[1216,19,765,272,1208],"_links":{"self":[{"href":"https:\/\/www.loucamino.com\/index.php?rest_route=\/wp\/v2\/posts\/6230"}],"collection":[{"href":"https:\/\/www.loucamino.com\/index.php?rest_route=\/wp\/v2\/posts"}],"about":[{"href":"https:\/\/www.loucamino.com\/index.php?rest_route=\/wp\/v2\/types\/post"}],"author":[{"embeddable":true,"href":"https:\/\/www.loucamino.com\/index.php?rest_route=\/wp\/v2\/users\/1"}],"replies":[{"embeddable":true,"href":"https:\/\/www.loucamino.com\/index.php?rest_route=%2Fwp%2Fv2%2Fcomments&post=6230"}],"version-history":[{"count":0,"href":"https:\/\/www.loucamino.com\/index.php?rest_route=\/wp\/v2\/posts\/6230\/revisions"}],"wp:attachment":[{"href":"https:\/\/www.loucamino.com\/index.php?rest_route=%2Fwp%2Fv2%2Fmedia&parent=6230"}],"wp:term":[{"taxonomy":"category","embeddable":true,"href":"https:\/\/www.loucamino.com\/index.php?rest_route=%2Fwp%2Fv2%2Fcategories&post=6230"},{"taxonomy":"post_tag","embeddable":true,"href":"https:\/\/www.loucamino.com\/index.php?rest_route=%2Fwp%2Fv2%2Ftags&post=6230"}],"curies":[{"name":"wp","href":"https:\/\/api.w.org\/{rel}","templated":true}]}}