{"id":6179,"date":"2011-06-02T17:34:44","date_gmt":"2011-06-03T00:34:44","guid":{"rendered":"http:\/\/www.loucamino.com\/?p=6179"},"modified":"2011-06-09T15:42:44","modified_gmt":"2011-06-09T22:42:44","slug":"objectif_3280-1_sur-une-branche-perchee-avec-laurence-serfaty","status":"publish","type":"post","link":"https:\/\/www.loucamino.com\/?p=6179","title":{"rendered":"Objectif_3280 # 1_Sur une branche, perch\u00e9e avec Laurence Serfaty"},"content":{"rendered":"<ul class=\"wpsocialite social-buttons large\"><\/ul><p style=\"text-align: justify;\"><a title=\"Sur une branche, perch\u00e9e avec...\" href=\"http:\/\/www.loucamino.com\/?p=6172\" target=\"_blank\">\u00ab\u00a0Sur une branche, perch\u00e9e avec&#8230;\u00a0\u00bb<\/a> ou 3 questions pos\u00e9es \u00e0 un membre de l&rsquo;\u00e9cho-munaut\u00e9&#8230; Pour ouvrir la s\u00e9rie, Laurence Serfaty.<\/p>\n<p style=\"text-align: justify;\"><strong>Quelle est la place de la photographie dans ta vie ?<\/strong><br \/>\nJ\u2019ai eu mon premier Instamatic Kodak \u00e0 12 ans, un cadeau de mon p\u00e8re pour mon anniversaire, je crois. Je n\u2019avais pas du tout le sens du cadre. J\u2019ai commenc\u00e9 \u00e0 comprendre comment composer une photo en visitant les ch\u00e2teaux de la Loire. C\u2019est l\u00e0 que j\u2019ai r\u00e9alis\u00e9 qu\u2019il fallait chercher des angles originaux, des points de vue diff\u00e9rents et ne pas se contenter de faire \u201cclic\u201d face au monument. Je ne prends pas de photos r\u00e9guli\u00e8rement, je ne pars pas en chasse \u00e0 la bonne photo et je n\u2019ai jamais eu un excellent mat\u00e9riel. D\u2019ailleurs, l\u2019envie d\u2019acqu\u00e9rir un meilleur \u00e9quipement commence \u00e0 me d\u00e9manger. Aujourd\u2019hui, je fais pas mal de photos avec mon Iphone et avec un petit Canon num\u00e9rique. J\u2019ai du mal \u00e0 prendre des photos quand les \u00e9motions que je ressens sont intenses parce que je pr\u00e9f\u00e8re vivre le moment plut\u00f4t que de chercher \u00e0 en pr\u00e9server une trace en image. L\u2019autre jour, je suis all\u00e9e voir Anish Kapoor au Grand Palais, et la sensation, \u00e0 l\u2019int\u00e9rieur de son \u0153uvre, \u00e9tait si forte que je ne pouvais me r\u00e9soudre \u00e0 prendre mon appareil pour la transformer en clich\u00e9. Une fois sortie des \u201centrailles de la b\u00eate\u201d dans la Nef du Grand Palais, l\u2019aspect graphique a pris le dessus et j\u2019ai pu faire quelques clich\u00e9s. Quand j\u2019observe les gens et leur appareil photo, je me demande souvent combien de photos sont prises chaque jour dans le monde, surtout depuis l\u2019invention du num\u00e9rique. Je me demande ce que deviennent ces clich\u00e9s, s\u2019ils sont regard\u00e9s au retour des voyages. Je me demande aussi parfois sur combien de photos de touristes nous figurons puisqu\u2019il nous arrive si souvent de passer dans le champ d\u2019un appareil. Les photographes que j\u2019aime dans le d\u00e9sordre : Salgado, Reza, les deux photographes qui ont provoqu\u00e9 les \u00e9motions les plus fortes et Riboud, Dorothea Lange, Depardon, Capa. M\u00eame si je suis sensible \u00e0 la composition graphique d\u2019une photo, ce sont toujours les photos de gens qui me touchent le plus.<\/p>\n<p style=\"text-align: justify;\"><strong> <\/strong><\/p>\n<p style=\"text-align: justify;\"><strong> <\/strong><\/p>\n<p style=\"text-align: justify;\"><strong>Quelle est l\u2019histoire de cette photo (<em>Graphisme, mati\u00e8res et couleurs<\/em><\/strong><strong>, <a title=\"Objectif_3280 : G\u00e9n\u00e9ration 2\" href=\"http:\/\/www.loucamino.com\/?page_id=6018&amp;ligne=2&amp;img=3\" target=\"_blank\">G2-3<\/a>) ?<\/strong><strong><br \/>\n<\/strong>Lors de mon tournage \u00e0 Pittsburgh pour mon documentaire sur le <a title=\"Blog de Laurence Serfaty : Neuromarketing, des citoyens sous influence ?\" href=\"http:\/\/laurenceserfaty.unblog.fr\/2010\/05\/25\/neuromarketing-des-citoyens-sous-influence\/\" target=\"_blank\">neuromarketing<\/a>, nous avons fait quelques ext\u00e9rieurs, ce que nous appelons dans notre jargon des \u00ab\u00a0Dallas\u00a0\u00bb. Ce sont des plans de situation ext\u00e9rieurs pour situer le lieu o\u00f9 se d\u00e9roule l&rsquo;action, comme dans la s\u00e9rie Dallas&#8230;, donc \u00e0 Houston, \u00e0 Pittsburgh ou encore \u00e0 Trifouilly les Oies, on fait des Dallas. L\u2019expression vient du temps o\u00f9 Capa TV produisait le magazine <em>24 heures<\/em> entre les ann\u00e9es 89 et la fin des ann\u00e9es 90 pour Canal. Plusieurs \u00e9quipes de tournage filmaient un m\u00eame \u00e9v\u00e9nement depuis des points de vue diff\u00e9rents. Chacune devait penser \u00e0 \u00ab\u00a0faire des Dallas\u00a0\u00bb pour que l\u2019on puisse facilement passer d\u2019un lieu \u00e0 l\u2019autre en sachant toujours o\u00f9 on est\u2026 J&rsquo;en ai profit\u00e9 pour faire cette photo. Pittsburgh n\u2019est pas une tr\u00e8s jolie ville. Dynamique sur le plan universitaire, elle est encore tr\u00e8s marqu\u00e9e par son pass\u00e9 industriel, sid\u00e9rurgique. L\u2019enchev\u00eatrement des lignes, entre la voie de chemin de fer, le pont, la route, le fleuve et les buildings m\u2019a pourtant paru d\u2019une grande po\u00e9sie.<\/p>\n<p style=\"text-align: justify;\"><strong>Quelle association d&rsquo;id\u00e9e t&rsquo;a pouss\u00e9e \u00e0 choisir cette photo ?<\/strong> J\u2019ai h\u00e9sit\u00e9 un tr\u00e8s court instant avec deux ou trois autres clich\u00e9s, du fait des couleurs (le bleu intense), des lignes horizontales et verticales, des courbes. La photo de Pittsburgh, n\u00e9anmoins, a \u00e9t\u00e9 ma premi\u00e8re intuition quand j\u2019ai vu celle de Vancouver. Difficile \u00e0 expliquer, c\u2019est comme une \u00e9vidence. Je pense que le cerveau associe des images comme il associe des mots. Je relis ta question et je me dis : c\u2019est davantage une association d\u2019images que d\u2019id\u00e9es, l\u2019aspect g\u00e9om\u00e9trique des deux clich\u00e9s, les lignes qui s\u2019entrecoupent, et les couleurs.<\/p>\n<p style=\"text-align: justify;\">\n<p style=\"text-align: justify;\">Demain, ce sera au tour de S\u00e9bastien Gonnet de s&rsquo;asseoir sur la branche&#8230;<\/p>\n<div id=\"iLikeThis-6179\" class=\"iLikeThis\"><span class=\"counter\"><a onclick=\"likeThis(6179);\" class=\"image\">5<\/a><\/span><\/div>\n<p><a href=\"http:\/\/www.facebook.com\/share.php?u=https%3A%2F%2Fwww.loucamino.com%2F%3Fp%3D6179&amp;t=Objectif_3280%20%23%201_Sur%20une%20branche%2C%20perch%C3%A9e%20avec%20Laurence%20Serfaty\" id=\"facebook_share_both_6179\" style=\"font-size:11px; line-height:13px; font-family:'lucida grande',tahoma,verdana,arial,sans-serif; text-decoration:none; padding:2px 0 0 20px; height:16px; background:url(http:\/\/b.static.ak.fbcdn.net\/images\/share\/facebook_share_icon.gif) no-repeat top left;\">Share on Facebook<\/a><br \/>\n\t<script type=\"text\/javascript\">\n\t<!--\n\tvar button = document.getElementById('facebook_share_link_6179') || document.getElementById('facebook_share_icon_6179') || document.getElementById('facebook_share_both_6179') || document.getElementById('facebook_share_button_6179');\n\tif (button) {\n\t\tbutton.onclick = function(e) {\n\t\t\tvar url = this.href.replace(\/share\\.php\/, 'sharer.php');\n\t\t\twindow.open(url,'sharer','toolbar=0,status=0,width=626,height=436');\n\t\t\treturn false;\n\t\t}\n\t\n\t\tif (button.id === 'facebook_share_button_6179') {\n\t\t\tbutton.onmouseover = function(){\n\t\t\t\tthis.style.color='#fff';\n\t\t\t\tthis.style.borderColor = '#295582';\n\t\t\t\tthis.style.backgroundColor = '#3b5998';\n\t\t\t}\n\t\t\tbutton.onmouseout = function(){\n\t\t\t\tthis.style.color = '#3b5998';\n\t\t\t\tthis.style.borderColor = '#d8dfea';\n\t\t\t\tthis.style.backgroundColor = '#fff';\n\t\t\t}\n\t\t}\n\t}\n\t-->\n\t<\/script><\/p>\n","protected":false},"excerpt":{"rendered":"<p>\u00ab\u00a0Sur une branche, perch\u00e9e avec&#8230;\u00a0\u00bb ou 3 questions pos\u00e9es \u00e0 un membre de l&rsquo;\u00e9cho-munaut\u00e9&#8230; Pour ouvrir la s\u00e9rie, Laurence Serfaty. Quelle est la place de la photographie dans ta vie ? J\u2019ai eu mon premier Instamatic Kodak \u00e0 12 ans, un cadeau de mon p\u00e8re pour mon anniversaire, je crois. Je n\u2019avais pas du tout [&hellip;]<\/p>\n<a href=\"http:\/\/www.facebook.com\/share.php?u=https%3A%2F%2Fwww.loucamino.com%2F%3Fp%3D6179&amp;t=Objectif_3280%20%23%201_Sur%20une%20branche%2C%20perch%C3%A9e%20avec%20Laurence%20Serfaty\" id=\"facebook_share_both_6179\" style=\"font-size:11px; line-height:13px; font-family:'lucida grande',tahoma,verdana,arial,sans-serif; text-decoration:none; padding:2px 0 0 20px; height:16px; background:url(http:\/\/b.static.ak.fbcdn.net\/images\/share\/facebook_share_icon.gif) no-repeat top left;\">Share on Facebook<\/a>\r\n\t<script type=\"text\/javascript\">\r\n\t<!--\r\n\tvar button = document.getElementById('facebook_share_link_6179') || document.getElementById('facebook_share_icon_6179') || document.getElementById('facebook_share_both_6179') || document.getElementById('facebook_share_button_6179');\r\n\tif (button) {\r\n\t\tbutton.onclick = function(e) {\r\n\t\t\tvar url = this.href.replace(\/share\\.php\/, 'sharer.php');\r\n\t\t\twindow.open(url,'sharer','toolbar=0,status=0,width=626,height=436');\r\n\t\t\treturn false;\r\n\t\t}\r\n\t\r\n\t\tif (button.id === 'facebook_share_button_6179') {\r\n\t\t\tbutton.onmouseover = function(){\r\n\t\t\t\tthis.style.color='#fff';\r\n\t\t\t\tthis.style.borderColor = '#295582';\r\n\t\t\t\tthis.style.backgroundColor = '#3b5998';\r\n\t\t\t}\r\n\t\t\tbutton.onmouseout = function(){\r\n\t\t\t\tthis.style.color = '#3b5998';\r\n\t\t\t\tthis.style.borderColor = '#d8dfea';\r\n\t\t\t\tthis.style.backgroundColor = '#fff';\r\n\t\t\t}\r\n\t\t}\r\n\t}\r\n\t-->\r\n\t<\/script>\r\n\t","protected":false},"author":1,"featured_media":0,"comment_status":"open","ping_status":"open","sticky":false,"template":"","format":"standard","meta":{"ngg_post_thumbnail":0},"categories":[1,1203],"tags":[1209,775,1211,765,272,1210,1208],"_links":{"self":[{"href":"https:\/\/www.loucamino.com\/index.php?rest_route=\/wp\/v2\/posts\/6179"}],"collection":[{"href":"https:\/\/www.loucamino.com\/index.php?rest_route=\/wp\/v2\/posts"}],"about":[{"href":"https:\/\/www.loucamino.com\/index.php?rest_route=\/wp\/v2\/types\/post"}],"author":[{"embeddable":true,"href":"https:\/\/www.loucamino.com\/index.php?rest_route=\/wp\/v2\/users\/1"}],"replies":[{"embeddable":true,"href":"https:\/\/www.loucamino.com\/index.php?rest_route=%2Fwp%2Fv2%2Fcomments&post=6179"}],"version-history":[{"count":0,"href":"https:\/\/www.loucamino.com\/index.php?rest_route=\/wp\/v2\/posts\/6179\/revisions"}],"wp:attachment":[{"href":"https:\/\/www.loucamino.com\/index.php?rest_route=%2Fwp%2Fv2%2Fmedia&parent=6179"}],"wp:term":[{"taxonomy":"category","embeddable":true,"href":"https:\/\/www.loucamino.com\/index.php?rest_route=%2Fwp%2Fv2%2Fcategories&post=6179"},{"taxonomy":"post_tag","embeddable":true,"href":"https:\/\/www.loucamino.com\/index.php?rest_route=%2Fwp%2Fv2%2Ftags&post=6179"}],"curies":[{"name":"wp","href":"https:\/\/api.w.org\/{rel}","templated":true}]}}