{"id":280,"date":"2009-09-14T22:50:21","date_gmt":"2009-09-14T21:50:21","guid":{"rendered":"http:\/\/www.loucamino.com\/?p=280"},"modified":"2010-11-21T21:47:51","modified_gmt":"2010-11-22T02:47:51","slug":"fragments-de-viva-cites-a-artcite-2009","status":"publish","type":"post","link":"https:\/\/www.loucamino.com\/?p=280","title":{"rendered":"Fragments de Viva Cit\u00e9s \u00e0 ArtCit\u00e9 2009"},"content":{"rendered":"<ul class=\"wpsocialite social-buttons large\"><\/ul><p style=\"text-align: justify;\"><img loading=\"lazy\" class=\"size-full wp-image-281 alignright\" style=\"border: 10px solid white;\" title=\"affiche_artcite_site\" src=\"http:\/\/www.loucamino.com\/wp-content\/uploads\/2009\/09\/affiche_artcite_site.jpg\" alt=\"affiche_artcite_site\" width=\"283\" height=\"402\" srcset=\"https:\/\/www.loucamino.com\/wp-content\/uploads\/2009\/09\/affiche_artcite_site.jpg 283w, https:\/\/www.loucamino.com\/wp-content\/uploads\/2009\/09\/affiche_artcite_site-211x300.jpg 211w\" sizes=\"(max-width: 283px) 100vw, 283px\" \/>Trois photo-graphismes extraits de <a title=\"Viva Cit\u00e9s\" href=\"http:\/\/www.loucamino.com\/?page_id=146\" target=\"_blank\">Viva Cit\u00e9s<\/a> ont la chance de donner une suite \u00e0 leur aventure \u00ab\u00a0martienne\u00a0\u00bb.<\/p>\n<p style=\"text-align: justify;\">Ils seront en effet expos\u00e9s du 28 septembre au 17 octobre lors de l&rsquo;exposition collective ArtCit\u00e9 2009, 8\u00e8me du nom.<\/p>\n<p style=\"text-align: justify;\">Th\u00e9matique de l&rsquo;ann\u00e9e : Fragments<\/p>\n<p style=\"text-align: justify;\">O\u00f9 ? 4 lieux phares de Fontenay-Sous-Bois, le hall et le parc de l&rsquo;h\u00f4tel de ville, la poste, la m\u00e9diath\u00e8que Louis Aragon ainsi que la Maison du citoyen et de la vie associative.<\/p>\n<p style=\"text-align: left;\">Mais encore ? Tout se trouve sur le <a title=\"ArtCit\u00e9 2009\" href=\"http:\/\/www.art-cite.fr\/\" target=\"_blank\">site officiel de la manifestation<\/a>.<\/p>\n<div id=\"iLikeThis-280\" class=\"iLikeThis\"><span class=\"counter\"><a onclick=\"likeThis(280);\" class=\"image\">0<\/a><\/span><\/div>\n<p><a href=\"http:\/\/www.facebook.com\/share.php?u=https%3A%2F%2Fwww.loucamino.com%2F%3Fp%3D280&amp;t=Fragments%20de%20Viva%20Cit%C3%A9s%20%C3%A0%20ArtCit%C3%A9%202009\" id=\"facebook_share_both_280\" style=\"font-size:11px; line-height:13px; font-family:'lucida grande',tahoma,verdana,arial,sans-serif; text-decoration:none; padding:2px 0 0 20px; height:16px; background:url(http:\/\/b.static.ak.fbcdn.net\/images\/share\/facebook_share_icon.gif) no-repeat top left;\">Share on Facebook<\/a><br \/>\n\t<script type=\"text\/javascript\">\n\t<!--\n\tvar button = document.getElementById('facebook_share_link_280') || document.getElementById('facebook_share_icon_280') || document.getElementById('facebook_share_both_280') || document.getElementById('facebook_share_button_280');\n\tif (button) {\n\t\tbutton.onclick = function(e) {\n\t\t\tvar url = this.href.replace(\/share\\.php\/, 'sharer.php');\n\t\t\twindow.open(url,'sharer','toolbar=0,status=0,width=626,height=436');\n\t\t\treturn false;\n\t\t}\n\t\n\t\tif (button.id === 'facebook_share_button_280') {\n\t\t\tbutton.onmouseover = function(){\n\t\t\t\tthis.style.color='#fff';\n\t\t\t\tthis.style.borderColor = '#295582';\n\t\t\t\tthis.style.backgroundColor = '#3b5998';\n\t\t\t}\n\t\t\tbutton.onmouseout = function(){\n\t\t\t\tthis.style.color = '#3b5998';\n\t\t\t\tthis.style.borderColor = '#d8dfea';\n\t\t\t\tthis.style.backgroundColor = '#fff';\n\t\t\t}\n\t\t}\n\t}\n\t-->\n\t<\/script><\/p>\n","protected":false},"excerpt":{"rendered":"<p>Trois photo-graphismes extraits de Viva Cit\u00e9s ont la chance de donner une suite \u00e0 leur aventure \u00ab\u00a0martienne\u00a0\u00bb. Ils seront en effet expos\u00e9s du 28 septembre au 17 octobre lors de l&rsquo;exposition collective ArtCit\u00e9 2009, 8\u00e8me du nom. Th\u00e9matique de l&rsquo;ann\u00e9e : Fragments O\u00f9 ? 4 lieux phares de Fontenay-Sous-Bois, le hall et le parc de [&hellip;]<\/p>\n<a href=\"http:\/\/www.facebook.com\/share.php?u=https%3A%2F%2Fwww.loucamino.com%2F%3Fp%3D280&amp;t=Fragments%20de%20Viva%20Cit%C3%A9s%20%C3%A0%20ArtCit%C3%A9%202009\" id=\"facebook_share_both_280\" style=\"font-size:11px; line-height:13px; font-family:'lucida grande',tahoma,verdana,arial,sans-serif; text-decoration:none; padding:2px 0 0 20px; height:16px; background:url(http:\/\/b.static.ak.fbcdn.net\/images\/share\/facebook_share_icon.gif) no-repeat top left;\">Share on Facebook<\/a>\r\n\t<script type=\"text\/javascript\">\r\n\t<!--\r\n\tvar button = document.getElementById('facebook_share_link_280') || document.getElementById('facebook_share_icon_280') || document.getElementById('facebook_share_both_280') || document.getElementById('facebook_share_button_280');\r\n\tif (button) {\r\n\t\tbutton.onclick = function(e) {\r\n\t\t\tvar url = this.href.replace(\/share\\.php\/, 'sharer.php');\r\n\t\t\twindow.open(url,'sharer','toolbar=0,status=0,width=626,height=436');\r\n\t\t\treturn false;\r\n\t\t}\r\n\t\r\n\t\tif (button.id === 'facebook_share_button_280') {\r\n\t\t\tbutton.onmouseover = function(){\r\n\t\t\t\tthis.style.color='#fff';\r\n\t\t\t\tthis.style.borderColor = '#295582';\r\n\t\t\t\tthis.style.backgroundColor = '#3b5998';\r\n\t\t\t}\r\n\t\t\tbutton.onmouseout = function(){\r\n\t\t\t\tthis.style.color = '#3b5998';\r\n\t\t\t\tthis.style.borderColor = '#d8dfea';\r\n\t\t\t\tthis.style.backgroundColor = '#fff';\r\n\t\t\t}\r\n\t\t}\r\n\t}\r\n\t-->\r\n\t<\/script>\r\n\t","protected":false},"author":1,"featured_media":0,"comment_status":"closed","ping_status":"closed","sticky":false,"template":"","format":"standard","meta":{"ngg_post_thumbnail":0},"categories":[1],"tags":[110,109,112,111,113,108],"_links":{"self":[{"href":"https:\/\/www.loucamino.com\/index.php?rest_route=\/wp\/v2\/posts\/280"}],"collection":[{"href":"https:\/\/www.loucamino.com\/index.php?rest_route=\/wp\/v2\/posts"}],"about":[{"href":"https:\/\/www.loucamino.com\/index.php?rest_route=\/wp\/v2\/types\/post"}],"author":[{"embeddable":true,"href":"https:\/\/www.loucamino.com\/index.php?rest_route=\/wp\/v2\/users\/1"}],"replies":[{"embeddable":true,"href":"https:\/\/www.loucamino.com\/index.php?rest_route=%2Fwp%2Fv2%2Fcomments&post=280"}],"version-history":[{"count":0,"href":"https:\/\/www.loucamino.com\/index.php?rest_route=\/wp\/v2\/posts\/280\/revisions"}],"wp:attachment":[{"href":"https:\/\/www.loucamino.com\/index.php?rest_route=%2Fwp%2Fv2%2Fmedia&parent=280"}],"wp:term":[{"taxonomy":"category","embeddable":true,"href":"https:\/\/www.loucamino.com\/index.php?rest_route=%2Fwp%2Fv2%2Fcategories&post=280"},{"taxonomy":"post_tag","embeddable":true,"href":"https:\/\/www.loucamino.com\/index.php?rest_route=%2Fwp%2Fv2%2Ftags&post=280"}],"curies":[{"name":"wp","href":"https:\/\/api.w.org\/{rel}","templated":true}]}}