{"id":252,"date":"2009-09-01T08:00:29","date_gmt":"2009-09-01T07:00:29","guid":{"rendered":"http:\/\/www.loucamino.com\/?p=252"},"modified":"2010-03-20T10:00:06","modified_gmt":"2010-03-20T09:00:06","slug":"1958-2009","status":"publish","type":"post","link":"https:\/\/www.loucamino.com\/?p=252","title":{"rendered":"1958-2009"},"content":{"rendered":"<ul class=\"wpsocialite social-buttons large\"><\/ul><p>Hoooo !<\/p>\n<p style=\"text-align: justify;\"><img loading=\"lazy\" class=\"alignleft size-full wp-image-257\" style=\"border: 10px solid white;\" title=\"MJ cir\u00e9\" src=\"http:\/\/www.loucamino.com\/wp-content\/uploads\/2009\/08\/anim_1.gif\" alt=\"MJ cir\u00e9\" width=\"283\" height=\"372\" srcset=\"https:\/\/www.loucamino.com\/wp-content\/uploads\/2009\/08\/anim_1.gif 283w, https:\/\/www.loucamino.com\/wp-content\/uploads\/2009\/08\/anim_1-228x300.gif 228w\" sizes=\"(max-width: 283px) 100vw, 283px\" \/>Histoire d&rsquo;histoire de photos&#8230; L&rsquo;interrogation : une photo a-t-elle une histoire intrins\u00e8que, ou est-ce le contexte dans lequel la photo a \u00e9t\u00e9 prise qui constitue son histoire ? Les deux mon capitaine me r\u00e9pond Kloklo. Kloklo a raison.<\/p>\n<p style=\"text-align: justify;\">La preuve avec Michael Jackson. Sur les Grands Boulevards. Samedi soir. Le 29 ao\u00fbt. Il aurait eu 51 ans s&rsquo;il n&rsquo;\u00e9tait pas mort. Ce sont des choses qui arrivent. Tout un tas de gens se sont ainsi retrouv\u00e9s pour f\u00eater son non-anniversaire. Je passais par l\u00e0 un peu par hasard, entre deux \u00ab\u00a0positions interm\u00e9diaires\u00a0\u00bb, comme le claironnerait le GPS de la Volvo paternelle. Mais le hasard existe-t-il encore quand s&rsquo;ouvre, juste devant soi, une porte d&rsquo;immeuble et qu&rsquo;en sort un Michael Jackson fringant, quoiqu&rsquo;un peu fig\u00e9 ? Un Jackson de cire et d&rsquo;antan tout droit sorti du Mus\u00e9e Gr\u00e9vin&#8230; Epoque pas trop lointaine marqu\u00e9e par les stigmates du bistouri. Incr\u00e9dule, la foule. Elle s&rsquo;amasse autour du quatuor qui fait glisser le Roi de la Pop jusqu&rsquo;au Grand Rex. On y passe l&rsquo;int\u00e9grale de ses clips pour les plus que fans serr\u00e9s comme des sardines le long de la rue Poissonni\u00e8re. Passons sur l&rsquo;exploitation du morbide, qui n&rsquo;en est qu&rsquo;\u00e0 ses d\u00e9buts. L&rsquo;odyss\u00e9e est film\u00e9e, photographi\u00e9e, officiellement. Les \u00ab\u00a0l\u00e0 par hasard\u00a0\u00bb en profitent. Pour poser aux c\u00f4t\u00e9s de la poup\u00e9e de cire qui n&rsquo;\u00e9met plus aucun son. Et puis, la star dispara\u00eet derri\u00e8re un cycliste.<\/p>\n<p style=\"text-align: justify;\">La double histoire est boucl\u00e9e :  moi, ici au bon moment alors que tous les chemins m\u00e8nent \u00e0 des positions interm\u00e9diaires ; le sosie, exceptionnellement de sortie, car l&rsquo;original a rejoint ses partenaires de Thriller, les cr\u00e9atures d&rsquo;outre-tombe, sans y \u00eatre vraiment encore&#8230; dans la tombe.<\/p>\n<div id=\"iLikeThis-252\" class=\"iLikeThis\"><span class=\"counter\"><a onclick=\"likeThis(252);\" class=\"image\">2<\/a><\/span><\/div>\n<p><a href=\"http:\/\/www.facebook.com\/share.php?u=https%3A%2F%2Fwww.loucamino.com%2F%3Fp%3D252&amp;t=1958-2009\" id=\"facebook_share_both_252\" style=\"font-size:11px; line-height:13px; font-family:'lucida grande',tahoma,verdana,arial,sans-serif; text-decoration:none; padding:2px 0 0 20px; height:16px; background:url(http:\/\/b.static.ak.fbcdn.net\/images\/share\/facebook_share_icon.gif) no-repeat top left;\">Share on Facebook<\/a><br \/>\n\t<script type=\"text\/javascript\">\n\t<!--\n\tvar button = document.getElementById('facebook_share_link_252') || document.getElementById('facebook_share_icon_252') || document.getElementById('facebook_share_both_252') || document.getElementById('facebook_share_button_252');\n\tif (button) {\n\t\tbutton.onclick = function(e) {\n\t\t\tvar url = this.href.replace(\/share\\.php\/, 'sharer.php');\n\t\t\twindow.open(url,'sharer','toolbar=0,status=0,width=626,height=436');\n\t\t\treturn false;\n\t\t}\n\t\n\t\tif (button.id === 'facebook_share_button_252') {\n\t\t\tbutton.onmouseover = function(){\n\t\t\t\tthis.style.color='#fff';\n\t\t\t\tthis.style.borderColor = '#295582';\n\t\t\t\tthis.style.backgroundColor = '#3b5998';\n\t\t\t}\n\t\t\tbutton.onmouseout = function(){\n\t\t\t\tthis.style.color = '#3b5998';\n\t\t\t\tthis.style.borderColor = '#d8dfea';\n\t\t\t\tthis.style.backgroundColor = '#fff';\n\t\t\t}\n\t\t}\n\t}\n\t-->\n\t<\/script><\/p>\n","protected":false},"excerpt":{"rendered":"<p>Hoooo ! Histoire d&rsquo;histoire de photos&#8230; L&rsquo;interrogation : une photo a-t-elle une histoire intrins\u00e8que, ou est-ce le contexte dans lequel la photo a \u00e9t\u00e9 prise qui constitue son histoire ? Les deux mon capitaine me r\u00e9pond Kloklo. Kloklo a raison. La preuve avec Michael Jackson. Sur les Grands Boulevards. Samedi soir. Le 29 ao\u00fbt. Il [&hellip;]<\/p>\n<a href=\"http:\/\/www.facebook.com\/share.php?u=https%3A%2F%2Fwww.loucamino.com%2F%3Fp%3D252&amp;t=1958-2009\" id=\"facebook_share_both_252\" style=\"font-size:11px; line-height:13px; font-family:'lucida grande',tahoma,verdana,arial,sans-serif; text-decoration:none; padding:2px 0 0 20px; height:16px; background:url(http:\/\/b.static.ak.fbcdn.net\/images\/share\/facebook_share_icon.gif) no-repeat top left;\">Share on Facebook<\/a>\r\n\t<script type=\"text\/javascript\">\r\n\t<!--\r\n\tvar button = document.getElementById('facebook_share_link_252') || document.getElementById('facebook_share_icon_252') || document.getElementById('facebook_share_both_252') || document.getElementById('facebook_share_button_252');\r\n\tif (button) {\r\n\t\tbutton.onclick = function(e) {\r\n\t\t\tvar url = this.href.replace(\/share\\.php\/, 'sharer.php');\r\n\t\t\twindow.open(url,'sharer','toolbar=0,status=0,width=626,height=436');\r\n\t\t\treturn false;\r\n\t\t}\r\n\t\r\n\t\tif (button.id === 'facebook_share_button_252') {\r\n\t\t\tbutton.onmouseover = function(){\r\n\t\t\t\tthis.style.color='#fff';\r\n\t\t\t\tthis.style.borderColor = '#295582';\r\n\t\t\t\tthis.style.backgroundColor = '#3b5998';\r\n\t\t\t}\r\n\t\t\tbutton.onmouseout = function(){\r\n\t\t\t\tthis.style.color = '#3b5998';\r\n\t\t\t\tthis.style.borderColor = '#d8dfea';\r\n\t\t\t\tthis.style.backgroundColor = '#fff';\r\n\t\t\t}\r\n\t\t}\r\n\t}\r\n\t-->\r\n\t<\/script>\r\n\t","protected":false},"author":1,"featured_media":0,"comment_status":"closed","ping_status":"closed","sticky":false,"template":"","format":"standard","meta":{"ngg_post_thumbnail":0},"categories":[1],"tags":[37,115,117,118,53,125,27,116,4199],"_links":{"self":[{"href":"https:\/\/www.loucamino.com\/index.php?rest_route=\/wp\/v2\/posts\/252"}],"collection":[{"href":"https:\/\/www.loucamino.com\/index.php?rest_route=\/wp\/v2\/posts"}],"about":[{"href":"https:\/\/www.loucamino.com\/index.php?rest_route=\/wp\/v2\/types\/post"}],"author":[{"embeddable":true,"href":"https:\/\/www.loucamino.com\/index.php?rest_route=\/wp\/v2\/users\/1"}],"replies":[{"embeddable":true,"href":"https:\/\/www.loucamino.com\/index.php?rest_route=%2Fwp%2Fv2%2Fcomments&post=252"}],"version-history":[{"count":0,"href":"https:\/\/www.loucamino.com\/index.php?rest_route=\/wp\/v2\/posts\/252\/revisions"}],"wp:attachment":[{"href":"https:\/\/www.loucamino.com\/index.php?rest_route=%2Fwp%2Fv2%2Fmedia&parent=252"}],"wp:term":[{"taxonomy":"category","embeddable":true,"href":"https:\/\/www.loucamino.com\/index.php?rest_route=%2Fwp%2Fv2%2Fcategories&post=252"},{"taxonomy":"post_tag","embeddable":true,"href":"https:\/\/www.loucamino.com\/index.php?rest_route=%2Fwp%2Fv2%2Ftags&post=252"}],"curies":[{"name":"wp","href":"https:\/\/api.w.org\/{rel}","templated":true}]}}