{"id":22070,"date":"2020-05-10T21:52:26","date_gmt":"2020-05-10T19:52:26","guid":{"rendered":"http:\/\/www.loucamino.com\/?p=22070"},"modified":"2020-05-10T21:53:06","modified_gmt":"2020-05-10T19:53:06","slug":"carnet-de-confinement-en-france-jour-18-aux-symboles","status":"publish","type":"post","link":"https:\/\/www.loucamino.com\/?p=22070","title":{"rendered":"Carnet de confinement en France Jour 18 &#8211; Aux symboles\u00a0!"},"content":{"rendered":"<ul class=\"wpsocialite social-buttons large\"><\/ul><p><a href=\"http:\/\/www.loucamino.com\/wp-content\/uploads\/2020\/05\/JCF18_DSC7755-72-site.jpg\"><img loading=\"lazy\" class=\"alignnone size-full wp-image-22071 aligncenter\" src=\"http:\/\/www.loucamino.com\/wp-content\/uploads\/2020\/05\/JCF18_DSC7755-72-site.jpg\" alt=\"JCF18_DSC7755-72-site\" width=\"550\" height=\"367\" srcset=\"https:\/\/www.loucamino.com\/wp-content\/uploads\/2020\/05\/JCF18_DSC7755-72-site.jpg 550w, https:\/\/www.loucamino.com\/wp-content\/uploads\/2020\/05\/JCF18_DSC7755-72-site-300x200.jpg 300w\" sizes=\"(max-width: 550px) 100vw, 550px\" \/><\/a><\/p>\n<p style=\"text-align: justify;\">Hier soir et une bonne partie de la nuit, le ciel s\u2019est d\u00e9cha\u00een\u00e9 ici, \u00e0 Paris. Un orage incroyable, des pluies diluviennes, des lames d\u2019eau m\u00eame, de puissantes rafales de vent, de vibrants coups de tonnerre et des \u00e9clairs \u2013 des fulmineux, des ramifi\u00e9s, des sinueux \u2013 si puissants et nombreux qu\u2019ils donnaient la sensation qu\u2019un petit malin s\u2019amusait avec l\u2019interrupteur c\u00e9leste, jour nuit jour nuit jour\u2026 Le tout, au beau milieu d\u2019une discussion group\u00e9e et \u00e0 distance sur le chamanisme, les arbres, la nature, les anc\u00eatres, les esprits, les totems&#8230; Le tout, la veille du d\u00e9confinement tant esp\u00e9redout\u00e9. Tout pourrait \u00eatre d\u00e9connect\u00e9. Ou pas.<\/p>\n<p style=\"text-align: justify;\">J\u2019ai mon Encyclop\u00e9die des symboles sous les yeux, page 683 \u00e0 Tonnerre, \u00ab\u00a0Presque toutes les civilisations antiques voient dans le tonnerre un moyen utilis\u00e9 par les \u00eatres c\u00e9lestes pour indiquer leur pr\u00e9sence\u00a0: ce sont ces m\u00eames \u00eatres qui sont d\u2019ailleurs bien s\u00fbr \u00e0 l\u2019origine de la foudre. (\u2026) Le tonnerre est souvent interpr\u00e9t\u00e9 comme un signe de la col\u00e8re divine \u00e0 la suite d\u2019un bouleversement de l\u2019ordre cosmique\u00a0; il en allait ainsi chez les Celtes, et particuli\u00e8rement chez les Gaulois o\u00f9 le grand Taranis en \u00e9tait le ma\u00eetre. Toutefois, ce bouleversement du ciel et des \u00e9l\u00e9ments \u00e9tait g\u00e9n\u00e9ralement d\u00fb \u00e0 la mauvaise conduite des hommes, qui provoquaient ainsi la col\u00e8re de dieu\u00a0\u00bb (1). Les Indiens d\u2019Am\u00e9rique du Nord, les Yakoutes de Sib\u00e9rie, les Chinois, les Azt\u00e8ques, les habitants d\u2019Europe centrale, les Tib\u00e9tains, les Japonais en ont une autre approche. Les symboles \u00e9tant intimement li\u00e9s aux cultures, rien d\u2019\u00e9tonnant \u00e0 ce que les interpr\u00e9tations d\u2019une m\u00eame notion, d\u2019un m\u00eame \u00e9v\u00e9nement, d\u2019un m\u00eame objet, d\u2019un m\u00eame animal\u2026 diff\u00e8rent d\u2019un bout \u00e0 l\u2019autre de la plan\u00e8te. La France \u00e9tant un pays de tradition Celte \u2013 les irr\u00e9ductibles Gaulois \u2013, c\u2019est celle-ci que j\u2019ai retranscrite ici. De l\u2019autre c\u00f4t\u00e9, dans le m\u00eame dictionnaire, je lis, page 278, au rayon Foudre qu\u2019\u00ab\u00a0[elle] est, dans une conjonction d\u2019oppos\u00e9s, le principe de la vie et de celui de la mort (\u2026). D\u2019autre part, elle unit, le temps d\u2019un \u00e9clair, le Ciel \u00e0 la Terre\u00a0\u00bb. Cet \u00e9pisode orageux qui a travers\u00e9 le pays cette nuit et aujourd\u2019hui serait-il \u00e0 la fois une mort \u2013 celle de l\u2019ancien monde \u2013 et une naissance \u2013 celle d\u2019une \u00e8re nouvelle\u00a0? Ou juste la cons\u00e9quence logique de l\u2019instabilit\u00e9 de l\u2019atmosph\u00e8re, d\u2019un sol anormalement chaud et d\u2019un air anormalement froid, g\u00e9n\u00e9rant un diff\u00e9rentiel d\u2019\u00e9lectricit\u00e9 en altitude. Craaac, Scraaaatch, Braoum ! Evidemment, tout cela est tr\u00e8s symbolique.<\/p>\n<p style=\"text-align: justify;\">Mais les symboles font probablement\u00a0plus partie de notre vie que nous ne l\u2019imaginons\u00a0: \u00ab\u00a0les avanc\u00e9es dans la neurophysiologie qui ont eu lieu ces derni\u00e8res ann\u00e9es, et en particulier les travaux d\u2019Antonio Damasio (1994), confirment ce qui \u00e9tait jusque-l\u00e0 une intuition clinique\u00a0: nous pensons en symboles avant de penser en paroles\u00a0\u00bb rappelle le psychiatre Philippe Caill\u00e9 (2). On dit ainsi du symbole qu\u2019il montre, r\u00e9unit et enjoint. Pour Claude L\u00e9vi-Strauss \u2013 note pour moi-m\u00eame, lire son travail sur les mythes \u2013,\u00a0 le symbolisme est un \u00ab\u00a0m\u00e9canisme r\u00e9gulateur de la soci\u00e9t\u00e9, une condition indispensable de son \u00e9quilibre\u00a0\u00bb.<\/p>\n<p style=\"text-align: justify;\">Ah ah ah\u00a0! En ouvrant \u00ab\u00a0au hasard\u00a0\u00bb mon Encyclop\u00e9die, je tombe sur le mot Masque\u00a0! Ce n\u2019est pas une blague. J\u2019aime beaucoup le clin d\u2019\u0153il et je le per\u00e7ois comme une invitation \u00e0 poursuivre dans cette direction. Le masque est, \u00e0 plusieurs titres, lui-m\u00eame devenu un symbole de cette crise de coronavirus. Le masque comme symbole de l\u2019incurie des dirigeants pr\u00e9sents et pass\u00e9s \u2013 inutile quand il n\u2019y en avait pas, utile depuis qu\u2019il y en a, voire obligatoire bient\u00f4t dans certains cas \u2013, le masque comme symbole d\u2019une solidarit\u00e9 citoyenne \u2013 avec ces nombreuses initiatives spontan\u00e9es de confection de masques en tissu destin\u00e9s aux plus expos\u00e9s, les soignants, puis, progressivement, \u00e0 tous \u2013, le masque comme symbole de respect de l\u2019autre \u2013 en mettre, c\u2019est d\u2019abord prot\u00e9ger les autres, en particulier, les plus vuln\u00e9rables \u2013, le masque comme symbole iconique \u2013 en dessin, en photo, en pochoir, seul, sans t\u00eate autour, il sera, dans mon esprit, associ\u00e9 \u00e0 cet \u00e9v\u00e9nement pendant tr\u00e8s longtemps \u2013, le masque comme symbole de notre diversit\u00e9 culturelle \u2013 les pays ayant la culture du masque ont \u00e9t\u00e9 nettement moins touch\u00e9s que ceux qui ont commenc\u00e9 par le d\u00e9nigrer avant de l\u2019adopter, ce qui en fait \u00e9galement le symbole d\u2019une certaine forme d\u2019arrogance occidentale \u2013, le masque comme symbole d\u2019une r\u00e9sistance bienvenue \u2013 \u00e0 quoi vont servir toutes ces cam\u00e9ras maintenant que nous allons errer masqu\u00e9s et non identifiables\u00a0? \u2013, le masque comme symbole de cr\u00e9ativit\u00e9 \u2013 en tissu, en papier torchon, avec des bouts de chaussette, des intercalaires transparents, en wax, avec des sacs d\u2019aspirateur, des filtres \u00e0 caf\u00e9, des bandanas, cousus main, \u00e0 la machine, assembl\u00e9 avec des agrafes, et m\u00eame transparent pour que les personnes sourdes puissent lire sur les l\u00e8vres\u00a0! On est loin de l\u2019id\u00e9e classique du masque derri\u00e8re lequel on se cache\u2026 Aujourd\u2019hui, en nous masquant, nous montrons presque notre vrai visage. L\u2019anthropologue Fanny Parise, qui a initi\u00e9 une \u00e9tude sur l\u2019anthropologie du confinement, estime d\u2019ailleurs qu\u2019il est devenu un \u00ab\u00a0objet totem\u00a0\u00bb, au m\u00eame titre que le PQ ou le gel \u00e0 un moment (3). \u00ab\u00a0L\u2019objet totem ordonne les pratiques et les repr\u00e9sentations du monde autour de sa manipulation. Il permet d\u2019expliquer l\u2019ordre des choses et d\u2019affronter le quotidien\u00a0\u00bb (4). Et la boucle est boucl\u00e9e.<\/p>\n<p style=\"text-align: justify;\">Aujourd\u2019hui, 10 mai, c\u2019est certes la veille du d\u00e9confinement, mais c\u2019est aussi la fin de la 6<sup>e<\/sup>\u00e9dition d\u2019Objectif3280, que j\u2019\u00e9voquais au Jour 12 de mon confinement \u00e0 Wellington et qui a d\u00e9but\u00e9 le 8 avril. Il y a donc un peu plus d\u2019un mois. C\u2019est court un mois quand il faut r\u00e9unir 3280 photos, c\u2019est long un mois quand il faut maintenir l\u2019attention. Pour moi, c\u2019est toujours un moment de grande intensit\u00e9, car la rencontre entre un r\u00eave de communion \u2013 nous, ensemble, cr\u00e9ant une \u0153uvre unique \u2013 et la r\u00e9alit\u00e9 \u2013 parfois dure\u00a0: pas le temps, pas d\u2019id\u00e9e, pas envie\u00a0; souvent r\u00e9jouissante\u00a0: des images incroyables, des associations d\u2019id\u00e9es tr\u00e8s vari\u00e9es, des impatiences&#8230; Et une nouvelle fois, la magie a op\u00e9r\u00e9. 174 personnes vivant dans 21 pays ont particip\u00e9 et nous ont offert, se sont offert, de formidables \u00e9changes photographiques \u2013 logiquement et heureusement marqu\u00e9s par le confinement pour certains \u2013, composant ainsi plusieurs centaines de photopo\u00e8mes \u2013 j\u2019aurai le chiffre exact demain, une fois la fin officialis\u00e9e \u2013 que je r\u00eave d\u00e9sormais d\u2019accrocher \u00e0 des arbres, en pleine nature, pour que chacun puisse les d\u00e9couvrir au gr\u00e9 de ses errances, et ainsi, en une poign\u00e9e de minutes, rire, r\u00e9fl\u00e9chir, pleurer, \u00eatre surpris, boulevers\u00e9, \u00e9mu, amus\u00e9, \u00e9merveill\u00e9, inspir\u00e9\u2026 Merci \u00e0 vous de m\u2019avoir \u00e0 nouveau transport\u00e9e dans un monde o\u00f9 le r\u00eave a toute sa place. Alors, continuons\u00a0gaiement\u00a0! Demain est un autre jour\u00a0et nous l\u2019attendons !<\/p>\n<p style=\"text-align: justify;\">J\u2019ai d\u2019ailleurs choisi d\u2019illustrer ce texte avec la photographie que j\u2019ai prise comme point de d\u00e9part de cette 6<sup>e<\/sup>\u00e9dition un peu particuli\u00e8re. Ce matin-l\u00e0, apr\u00e8s avoir fait l\u2019ascension du Roys Peak sur l\u2019\u00eele du sud de la Nouvelle Z\u00e9lande \u00e0 la lueur de la Lune, j\u2019avais surtout pens\u00e9 \u00e0 l\u2019importance de vivre chaque instant intens\u00e9ment, \u00e0 ma chance d\u2019\u00eatre l\u00e0, m\u00eame si, finalement, l\u2019\u00e9v\u00e9nement est tout sauf rare\u00a0: le soleil se l\u00e8ve et se couche tous les jours depuis des milliards d\u2019ann\u00e9es et le fera encore pour autant d\u2019ann\u00e9es. Je regarde d\u00e9sormais cette image avec un autre \u0153il. De fa\u00e7on plus symbolique, comme l\u2019aube d\u2019une nouvelle \u00e8re \u00e0 laquelle nous avons, chacun \u00e0 notre \u00e9chelle, l\u2019opportunit\u00e9 de donner une direction plus juste, plus respectueuse et plus \u00e9quilibr\u00e9e\u2026<\/p>\n<p>&nbsp;<\/p>\n<ol>\n<li>Encyclop\u00e9die des symboles, Encyclop\u00e9die d\u2019aujourd\u2019hui, Le livre de poche<\/li>\n<li><a href=\"https:\/\/www.cairn.info\/revue-cahiers-critiques-de-therapie-familiale-2005-1-page-189.htm\">https:\/\/www.cairn.info\/revue-cahiers-critiques-de-therapie-familiale-2005-1-page-189.htm<\/a><\/li>\n<li><a href=\"https:\/\/anthropologieduconfinement.com\/\">https:\/\/anthropologieduconfinement.com<\/a><\/li>\n<li><a href=\"https:\/\/www.huffingtonpost.fr\/entry\/mon-masque-fait-maison-et-moi-comment-ce-nouvel-objet-totem-a-envahi-le-quotidien-des-francais_fr_5eb07dfec5b602af0b8c696e\">https:\/\/www.huffingtonpost.fr\/entry\/mon-masque-fait-maison-et-moi-comment-ce-nouvel-objet-totem-a-envahi-le-quotidien-des-francais_fr_5eb07dfec5b602af0b8c696e<\/a><\/li>\n<\/ol>\n<div id=\"iLikeThis-22070\" class=\"iLikeThis\"><span class=\"counter\"><a onclick=\"likeThis(22070);\" class=\"image\">3<\/a><\/span><\/div>\n<p><a href=\"http:\/\/www.facebook.com\/share.php?u=https%3A%2F%2Fwww.loucamino.com%2F%3Fp%3D22070&amp;t=Carnet%20de%20confinement%20en%20France%20Jour%2018%20-%20Aux%20symboles%C2%A0%21\" id=\"facebook_share_both_22070\" style=\"font-size:11px; line-height:13px; font-family:'lucida grande',tahoma,verdana,arial,sans-serif; text-decoration:none; padding:2px 0 0 20px; height:16px; background:url(http:\/\/b.static.ak.fbcdn.net\/images\/share\/facebook_share_icon.gif) no-repeat top left;\">Share on Facebook<\/a><br \/>\n\t<script type=\"text\/javascript\">\n\t<!--\n\tvar button = document.getElementById('facebook_share_link_22070') || document.getElementById('facebook_share_icon_22070') || document.getElementById('facebook_share_both_22070') || document.getElementById('facebook_share_button_22070');\n\tif (button) {\n\t\tbutton.onclick = function(e) {\n\t\t\tvar url = this.href.replace(\/share\\.php\/, 'sharer.php');\n\t\t\twindow.open(url,'sharer','toolbar=0,status=0,width=626,height=436');\n\t\t\treturn false;\n\t\t}\n\t\n\t\tif (button.id === 'facebook_share_button_22070') {\n\t\t\tbutton.onmouseover = function(){\n\t\t\t\tthis.style.color='#fff';\n\t\t\t\tthis.style.borderColor = '#295582';\n\t\t\t\tthis.style.backgroundColor = '#3b5998';\n\t\t\t}\n\t\t\tbutton.onmouseout = function(){\n\t\t\t\tthis.style.color = '#3b5998';\n\t\t\t\tthis.style.borderColor = '#d8dfea';\n\t\t\t\tthis.style.backgroundColor = '#fff';\n\t\t\t}\n\t\t}\n\t}\n\t-->\n\t<\/script><\/p>\n","protected":false},"excerpt":{"rendered":"<p>Hier soir et une bonne partie de la nuit, le ciel s\u2019est d\u00e9cha\u00een\u00e9 ici, \u00e0 Paris. Un orage incroyable, des pluies diluviennes, des lames d\u2019eau m\u00eame, de puissantes rafales de vent, de vibrants coups de tonnerre et des \u00e9clairs \u2013 des fulmineux, des ramifi\u00e9s, des sinueux \u2013 si puissants et nombreux qu\u2019ils donnaient la sensation [&hellip;]<\/p>\n<a href=\"http:\/\/www.facebook.com\/share.php?u=https%3A%2F%2Fwww.loucamino.com%2F%3Fp%3D22070&amp;t=Carnet%20de%20confinement%20en%20France%20Jour%2018%20-%20Aux%20symboles%C2%A0%21\" id=\"facebook_share_both_22070\" style=\"font-size:11px; line-height:13px; font-family:'lucida grande',tahoma,verdana,arial,sans-serif; text-decoration:none; padding:2px 0 0 20px; height:16px; background:url(http:\/\/b.static.ak.fbcdn.net\/images\/share\/facebook_share_icon.gif) no-repeat top left;\">Share on Facebook<\/a>\r\n\t<script type=\"text\/javascript\">\r\n\t<!--\r\n\tvar button = document.getElementById('facebook_share_link_22070') || document.getElementById('facebook_share_icon_22070') || document.getElementById('facebook_share_both_22070') || document.getElementById('facebook_share_button_22070');\r\n\tif (button) {\r\n\t\tbutton.onclick = function(e) {\r\n\t\t\tvar url = this.href.replace(\/share\\.php\/, 'sharer.php');\r\n\t\t\twindow.open(url,'sharer','toolbar=0,status=0,width=626,height=436');\r\n\t\t\treturn false;\r\n\t\t}\r\n\t\r\n\t\tif (button.id === 'facebook_share_button_22070') {\r\n\t\t\tbutton.onmouseover = function(){\r\n\t\t\t\tthis.style.color='#fff';\r\n\t\t\t\tthis.style.borderColor = '#295582';\r\n\t\t\t\tthis.style.backgroundColor = '#3b5998';\r\n\t\t\t}\r\n\t\t\tbutton.onmouseout = function(){\r\n\t\t\t\tthis.style.color = '#3b5998';\r\n\t\t\t\tthis.style.borderColor = '#d8dfea';\r\n\t\t\t\tthis.style.backgroundColor = '#fff';\r\n\t\t\t}\r\n\t\t}\r\n\t}\r\n\t-->\r\n\t<\/script>\r\n\t","protected":false},"author":1,"featured_media":0,"comment_status":"open","ping_status":"open","sticky":false,"template":"","format":"standard","meta":{"ngg_post_thumbnail":0},"categories":[1,4139],"tags":[3747,4132,4129,4128,503,2569,4224,4131,4191,502,295,1287,4134,4136],"_links":{"self":[{"href":"https:\/\/www.loucamino.com\/index.php?rest_route=\/wp\/v2\/posts\/22070"}],"collection":[{"href":"https:\/\/www.loucamino.com\/index.php?rest_route=\/wp\/v2\/posts"}],"about":[{"href":"https:\/\/www.loucamino.com\/index.php?rest_route=\/wp\/v2\/types\/post"}],"author":[{"embeddable":true,"href":"https:\/\/www.loucamino.com\/index.php?rest_route=\/wp\/v2\/users\/1"}],"replies":[{"embeddable":true,"href":"https:\/\/www.loucamino.com\/index.php?rest_route=%2Fwp%2Fv2%2Fcomments&post=22070"}],"version-history":[{"count":2,"href":"https:\/\/www.loucamino.com\/index.php?rest_route=\/wp\/v2\/posts\/22070\/revisions"}],"predecessor-version":[{"id":22073,"href":"https:\/\/www.loucamino.com\/index.php?rest_route=\/wp\/v2\/posts\/22070\/revisions\/22073"}],"wp:attachment":[{"href":"https:\/\/www.loucamino.com\/index.php?rest_route=%2Fwp%2Fv2%2Fmedia&parent=22070"}],"wp:term":[{"taxonomy":"category","embeddable":true,"href":"https:\/\/www.loucamino.com\/index.php?rest_route=%2Fwp%2Fv2%2Fcategories&post=22070"},{"taxonomy":"post_tag","embeddable":true,"href":"https:\/\/www.loucamino.com\/index.php?rest_route=%2Fwp%2Fv2%2Ftags&post=22070"}],"curies":[{"name":"wp","href":"https:\/\/api.w.org\/{rel}","templated":true}]}}