{"id":22046,"date":"2020-05-05T21:43:36","date_gmt":"2020-05-05T19:43:36","guid":{"rendered":"http:\/\/www.loucamino.com\/?p=22046"},"modified":"2020-05-05T21:43:36","modified_gmt":"2020-05-05T19:43:36","slug":"carnet-de-confinement-en-france-jour-13-reserve-de-liberte","status":"publish","type":"post","link":"https:\/\/www.loucamino.com\/?p=22046","title":{"rendered":"Carnet de confinement en France Jour 13 &#8211; R\u00e9serve de libert\u00e9"},"content":{"rendered":"<ul class=\"wpsocialite social-buttons large\"><\/ul><p><a href=\"http:\/\/www.loucamino.com\/wp-content\/uploads\/2020\/05\/JCF13_DSC8198-72-site.jpg\"><img loading=\"lazy\" class=\"size-full wp-image-22047 aligncenter\" src=\"http:\/\/www.loucamino.com\/wp-content\/uploads\/2020\/05\/JCF13_DSC8198-72-site.jpg\" alt=\"JCF13_DSC8198-72-site\" width=\"550\" height=\"367\" srcset=\"https:\/\/www.loucamino.com\/wp-content\/uploads\/2020\/05\/JCF13_DSC8198-72-site.jpg 550w, https:\/\/www.loucamino.com\/wp-content\/uploads\/2020\/05\/JCF13_DSC8198-72-site-300x200.jpg 300w\" sizes=\"(max-width: 550px) 100vw, 550px\" \/><\/a><\/p>\n<p style=\"text-align: justify;\">Peut-\u00eatre l\u2019avez-vous remarqu\u00e9 mais j\u2019ai beau \u00eatre rentr\u00e9e depuis bient\u00f4t deux semaines, j\u2019ai finalement tr\u00e8s peu illustr\u00e9 ces textes quotidiens par des images r\u00e9alis\u00e9es depuis. Pourtant, lors de mes sorties, qui, elles, se sont espac\u00e9es \u2013 par deux fois, je n\u2019ai pas ressenti le besoin de sortir pendant 2 jours de suite \u2013, j\u2019ai bien mon appareil photo en bandouli\u00e8re, pr\u00eate \u00e0 d\u00e9clencher le cas \u00e9ch\u00e9ant. Je ne le fais que tr\u00e8s rarement. Car, comme je l\u2019ai \u00e9crit la semaine derni\u00e8re, c\u2019est le c\u00f4t\u00e9 oppressant et contre nature de la ville que je continue \u00e0 voir depuis mon retour. Et c\u2019est ce qui finit par entrer dans ma bo\u00eete \u2013 encore que, finalement, je me suis aussi rapidement \u00e9pargn\u00e9 ce genre d\u2019images\u00a0: des photos de chantiers d\u2019immenses b\u00e2timents aux fa\u00e7ades \u00e9ventr\u00e9es laissant voir leurs entrailles climatiques, \u00e9lectriques, aqueuses en cours de greffe, des tubes, du m\u00e9tal, du b\u00e9ton et du verre partout, comme des corps malades et encore inertes, raccord\u00e9es \u00e0 une vie artificielle, alors qu\u2019en Ile-de-France, il y avait, fin 2018, d\u00e9j\u00e0 3,2 millions de m\u00e8tres carr\u00e9s de bureaux vides (1). Certes, depuis quelques ann\u00e9es, face \u00e0 cette ineptie, les programmes de transformation d\u2019une partie de ces espaces vacants en logement se multiplient, mais le plus simple ne serait-il pas de s\u2019interroger en amont sur la pertinence de lancer de tels chantiers\u00a0? Par cons\u00e9quent, je ne veux pas utiliser ces photos. Ceci dit, peut-\u00eatre serait-ce l\u2019occasion de le faire aujourd\u2019hui. Nous verrons \u00e0 la fin de l\u2019\u00e9tape d\u2019\u00e9criture, c\u2019est en g\u00e9n\u00e9ral \u00e0 ce moment l\u00e0 que je r\u00e9fl\u00e9chis \u00e0 la photo que je vais utiliser.<\/p>\n<p style=\"text-align: justify;\">Dans la continuit\u00e9 de cette remarque, quand je lis que les plages sont toujours ferm\u00e9es et le seront peut-\u00eatre jusqu\u2019\u00e0 cet \u00e9t\u00e9 \u2013 on peut pourtant se sentir tr\u00e8s tr\u00e8s seul sur les immenses plages atlantiques \u2013, que les chemins, sentiers, for\u00eats, parcs, lacs, rivi\u00e8res le sont aussi, que des drones et des h\u00e9licopt\u00e8res sont mobilis\u00e9s pour traquer, en collaboration avec des motards au sol, les randonneurs en montagne \u2013 entre 816 et 1690 \u20ac de l\u2019heure de vol d\u2019un h\u00e9licopt\u00e8re selon le S\u00e9nat soit a minima entre 6 et 13 contraventions par heure si l\u2019on part du principe, faux, que l\u00e0 se limitent les co\u00fbts (2) \u2013, j\u2019ai l\u2019impression que c\u2019est la Nature elle-m\u00eame qui est vis\u00e9e. La Nature, qui n\u2019est pas unique loin s\u2019en faut, dans ce qu\u2019elle offre de libert\u00e9, de bien-\u00eatre, de joie, de respiration, de fuite aussi, o\u00f9 l\u2019on se prom\u00e8ne, m\u00e9dite, se repose, contemple, se d\u00e9tend, se ressource, observe, ressens, se reconnecte \u00e0 plus grand que soi, au sacr\u00e9, se r\u00e9fugie, aime, s\u2019\u00e9veille, s\u2019initie\u2026<\/p>\n<p style=\"text-align: justify;\">\u00ab\u00a0Aucun homme n\u2019a jamais imagin\u00e9 \u00e0 quel point le dialogue avec la nature environnante affectait sa sant\u00e9 ou ses maux\u00a0\u00bb \u00e9crivait Henry David Thoreau (le revoil\u00e0\u00a0!). Ces derniers mois, combien de livres, d\u2019expositions, de conf\u00e9rences, sur les bienfaits de la Nature en g\u00e9n\u00e9ral, des arbres en particulier\u00a0? Combien de recherches, s\u00e9rieuses, se concluant par le fait que notre sant\u00e9 est intimement li\u00e9e \u00e0 notre rapport \u00e0 la Nature, que ses bienfaits augmentent avec le temps pass\u00e9 \u00e0 l\u2019ext\u00e9rieur (\u00e0 partir de 2h par semaine serait un minimum a priori)\u00a0? \u00ab\u00a0Un rapport privil\u00e9gi\u00e9 avec la Nature non seulement initie \u00e0 une autre \u00ab\u00a0fa\u00e7on\u00a0\u00bb de la voir (Gould, 2001), mais surtout constitue une rencontre avec soi-m\u00eame (Ormiston, 2003), un retour sur soi b\u00e9n\u00e9fique. Il permet dans certains cas une v\u00e9ritable transformation de soi\u00a0\u00bb \u00e9crivaient en 2011 les sociologues St\u00e9phanie Chanvallon et St\u00e9phane H\u00e9as (3). L\u2019acc\u00e8s \u00e0 la Nature, \u00ab\u00a0responsable\u00a0\u00bb bien s\u00fbr \u2013 c\u2019est le nouveau mot \u00e0 la mode \u2013, alors que nous traversons une situation d\u2019enfermement non naturelle, ne serait-ce pas un moyen de nous aider \u00e0 mieux la vivre\u00a0? Sous pr\u00e9texte qu\u2019un \u00e9ventuel accident mobiliserait des moyens logistiques plus utiles \u00e0 la lutte contre le coronavirus, l\u2019Etat percevrait donc cette Nature \u2013 pas plus dangereuse qu\u2019une casserole d\u2019eau bouillante renvers\u00e9e sur le visage ou qu\u2019une malencontreuse rencontre avec un camion sur un passage pi\u00e9ton \u2013 vers laquelle nous tendons instinctivement, comme une menace. Pourquoi\u00a0? Est-ce \u00ab\u00a0juste\u00a0\u00bb de l\u2019infantilisation, car les Fran\u00e7ais ne savent pas se tenir\u00a0? Y a-t-il une volont\u00e9 calcul\u00e9e de ne laisser aucun r\u00e9pit aux citoyens\u00a0en leur interdisant ces \u00e9vasions salutaires\u00a0?<\/p>\n<p style=\"text-align: justify;\">Je m\u2019\u00e9tais pourtant encourag\u00e9e \u00e0 essayer de ne pas chercher \u00e0 comprendre ce qui, de mon point de vue, n\u2019avait pas de sens&#8230; Mais pas de m\u2019interroger, donc tout va bien\u00a0! Je cherche cependant des r\u00e9f\u00e9rences historiques et solides allant dans le sens de l\u2019hypoth\u00e8se que cette conjonction d\u2019interdictions me fait formuler, \u00e0 savoir cette perception n\u00e9gative et quasi subversive de la Nature par l\u2019Etat de droit. La Nature, par opposition \u2013 simpliste et rapide \u2013 \u00e0 la ville, dans les fictions, c\u2019est l\u2019endroit o\u00f9 se r\u00e9fugient les groupes de r\u00e9sistants, les rebelles qui veulent \u00e9chapper au pouvoir autoritaire et dictatorial en place, \u00e0 un syst\u00e8me sans valeur \u00e0 leurs yeux, d\u2019o\u00f9 ils renaissent ou organisent la riposte. Des exemples de genres tr\u00e8s vari\u00e9s\u00a0? Fahrenheit 451,Les fils de l\u2019homme, The Lobster, Robin des bois, Captain Fantastic&#8230; En qu\u00eate d\u2019une r\u00e9f\u00e9rence sur Minority Report, l\u2019adaptation faite par Spielberg d\u2019une nouvelle de Philip K Dick, je relis des passages de mon m\u00e9moire r\u00e9dig\u00e9 il y a 15 ans sur la repr\u00e9sentation des manipulations g\u00e9n\u00e9tiques et du clonage dans le cin\u00e9ma am\u00e9ricain de 1986 \u00e0 2005, et la fa\u00e7on dont ils questionnent l\u2019humanit\u00e9. Un pr\u00e9texte, presque, pour me pencher sur un tas de sujets satellites comme le profil des soci\u00e9t\u00e9s dans lesquelles ces histoires \u00e9mergeaient, la mont\u00e9e des in\u00e9galit\u00e9s sociales, les rapports homme-femme, les relations entre science et religion, la virtualisation des rapports humains au service d\u2019une manipulation collective, la d\u00e9sexualisation purificatrice et prophylactique de la soci\u00e9t\u00e9\u2026 et il me semble que je parcours un livre d\u2019Histoire, tant tout ce que j\u2019y d\u00e9cris \u2013 sur la base de mon corpus de films de l\u2019\u00e9poque donc \u2013 s\u2019est v\u00e9rifi\u00e9 depuis\u2026 Je connais la force et la puissance de l\u2019anticipation mais c\u2019est toujours surprenant de constater \u00e0 quel point l\u2019humanit\u00e9 semble suivre un sc\u00e9nario d\u00e9j\u00e0 \u00e9crit depuis longtemps.<\/p>\n<p style=\"text-align: justify;\">Ah voil\u00e0 une piste int\u00e9ressante (merci Coralie\u00a0!). Dans l\u2019essai \u00ab\u00a0Fugitif, o\u00f9 cours-tu\u00a0?\u00a0\u00bb, l\u2019anthropologue D\u00e9n\u00e8tem Touam Bona\u00a0 \u00e9crivait en effet\u00a0: \u00ab\u00a0la for\u00eat est un espace stri\u00e9 de toutes parts, mais ses stries sont celles du z\u00e8bre, celles d\u2019une tenue de camouflage. Longtemps, les for\u00eats europ\u00e9ennes abriteront proscrits, brigands, outlaws (figure de Robin Hood), bandes et minorit\u00e9s en rupture de ban, de sorte qu\u2019en Occident la lutte contre les ill\u00e9galismes et jacqueries populaires prendra souvent la forme d\u2019une d\u00e9forestation\u00a0\u00bb (4). En est-on toujours \u00e0 raser les for\u00eats\u00a0pour y voir plus clair\u00a0et traquer les hors-la-loi, comme tendrait \u00e0 nous le faire penser la\u00a0mani\u00e8re dont les pouvoirs publics appr\u00e9hendent les ZAD\u00a0? La r\u00e9ponse est-elle dans la question\u00a0?<\/p>\n<p style=\"text-align: justify;\">\n<ol>\n<li><a href=\"http:\/\/www.driea.ile-de-france.developpement-durable.gouv.fr\/IMG\/pdf\/document_synthese_-_septembre_2019_-_web_.pdf\">http:\/\/www.driea.ile-de-france.developpement-durable.gouv.fr\/IMG\/pdf\/document_synthese_-_septembre_2019_-_web_.pdf<\/a><\/li>\n<li><a href=\"https:\/\/www.lepoint.fr\/societe\/gilets-jaunes-les-helicopteres-ont-deja-coute-un-million-d-euros-22-03-2019-2303127_23.php\">https:\/\/www.lepoint.fr\/societe\/gilets-jaunes-les-helicopteres-ont-deja-coute-un-million-d-euros-22-03-2019-2303127_23.php<\/a><\/li>\n<li><a href=\"https:\/\/www.cairn.info\/revue-natures-sciences-societes-2011-4-page-355.htm\">https:\/\/www.cairn.info\/revue-natures-sciences-societes-2011-4-page-355.htm<\/a><\/li>\n<li><a href=\"https:\/\/www.cairn.info\/fugitif-ou-cours-tu--9782130735571-page-79.htm\">https:\/\/www.cairn.info\/fugitif-ou-cours-tu&#8211;9782130735571-page-79.htm<\/a><\/li>\n<\/ol>\n<div id=\"iLikeThis-22046\" class=\"iLikeThis\"><span class=\"counter\"><a onclick=\"likeThis(22046);\" class=\"image\">2<\/a><\/span><\/div>\n<p><a href=\"http:\/\/www.facebook.com\/share.php?u=https%3A%2F%2Fwww.loucamino.com%2F%3Fp%3D22046&amp;t=Carnet%20de%20confinement%20en%20France%20Jour%2013%20-%20R%C3%A9serve%20de%20libert%C3%A9\" id=\"facebook_share_both_22046\" style=\"font-size:11px; line-height:13px; font-family:'lucida grande',tahoma,verdana,arial,sans-serif; text-decoration:none; padding:2px 0 0 20px; height:16px; background:url(http:\/\/b.static.ak.fbcdn.net\/images\/share\/facebook_share_icon.gif) no-repeat top left;\">Share on Facebook<\/a><br \/>\n\t<script type=\"text\/javascript\">\n\t<!--\n\tvar button = document.getElementById('facebook_share_link_22046') || document.getElementById('facebook_share_icon_22046') || document.getElementById('facebook_share_both_22046') || document.getElementById('facebook_share_button_22046');\n\tif (button) {\n\t\tbutton.onclick = function(e) {\n\t\t\tvar url = this.href.replace(\/share\\.php\/, 'sharer.php');\n\t\t\twindow.open(url,'sharer','toolbar=0,status=0,width=626,height=436');\n\t\t\treturn false;\n\t\t}\n\t\n\t\tif (button.id === 'facebook_share_button_22046') {\n\t\t\tbutton.onmouseover = function(){\n\t\t\t\tthis.style.color='#fff';\n\t\t\t\tthis.style.borderColor = '#295582';\n\t\t\t\tthis.style.backgroundColor = '#3b5998';\n\t\t\t}\n\t\t\tbutton.onmouseout = function(){\n\t\t\t\tthis.style.color = '#3b5998';\n\t\t\t\tthis.style.borderColor = '#d8dfea';\n\t\t\t\tthis.style.backgroundColor = '#fff';\n\t\t\t}\n\t\t}\n\t}\n\t-->\n\t<\/script><\/p>\n","protected":false},"excerpt":{"rendered":"<p>Peut-\u00eatre l\u2019avez-vous remarqu\u00e9 mais j\u2019ai beau \u00eatre rentr\u00e9e depuis bient\u00f4t deux semaines, j\u2019ai finalement tr\u00e8s peu illustr\u00e9 ces textes quotidiens par des images r\u00e9alis\u00e9es depuis. Pourtant, lors de mes sorties, qui, elles, se sont espac\u00e9es \u2013 par deux fois, je n\u2019ai pas ressenti le besoin de sortir pendant 2 jours de suite \u2013, j\u2019ai bien [&hellip;]<\/p>\n<a href=\"http:\/\/www.facebook.com\/share.php?u=https%3A%2F%2Fwww.loucamino.com%2F%3Fp%3D22046&amp;t=Carnet%20de%20confinement%20en%20France%20Jour%2013%20-%20R%C3%A9serve%20de%20libert%C3%A9\" id=\"facebook_share_both_22046\" style=\"font-size:11px; line-height:13px; font-family:'lucida grande',tahoma,verdana,arial,sans-serif; text-decoration:none; padding:2px 0 0 20px; height:16px; background:url(http:\/\/b.static.ak.fbcdn.net\/images\/share\/facebook_share_icon.gif) no-repeat top left;\">Share on Facebook<\/a>\r\n\t<script type=\"text\/javascript\">\r\n\t<!--\r\n\tvar button = document.getElementById('facebook_share_link_22046') || document.getElementById('facebook_share_icon_22046') || document.getElementById('facebook_share_both_22046') || document.getElementById('facebook_share_button_22046');\r\n\tif (button) {\r\n\t\tbutton.onclick = function(e) {\r\n\t\t\tvar url = this.href.replace(\/share\\.php\/, 'sharer.php');\r\n\t\t\twindow.open(url,'sharer','toolbar=0,status=0,width=626,height=436');\r\n\t\t\treturn false;\r\n\t\t}\r\n\t\r\n\t\tif (button.id === 'facebook_share_button_22046') {\r\n\t\t\tbutton.onmouseover = function(){\r\n\t\t\t\tthis.style.color='#fff';\r\n\t\t\t\tthis.style.borderColor = '#295582';\r\n\t\t\t\tthis.style.backgroundColor = '#3b5998';\r\n\t\t\t}\r\n\t\t\tbutton.onmouseout = function(){\r\n\t\t\t\tthis.style.color = '#3b5998';\r\n\t\t\t\tthis.style.borderColor = '#d8dfea';\r\n\t\t\t\tthis.style.backgroundColor = '#fff';\r\n\t\t\t}\r\n\t\t}\r\n\t}\r\n\t-->\r\n\t<\/script>\r\n\t","protected":false},"author":1,"featured_media":0,"comment_status":"open","ping_status":"open","sticky":false,"template":"","format":"standard","meta":{"ngg_post_thumbnail":0},"categories":[1,4139],"tags":[4201,4132,4129,4128,910,4181,34,4130,4131,4136],"_links":{"self":[{"href":"https:\/\/www.loucamino.com\/index.php?rest_route=\/wp\/v2\/posts\/22046"}],"collection":[{"href":"https:\/\/www.loucamino.com\/index.php?rest_route=\/wp\/v2\/posts"}],"about":[{"href":"https:\/\/www.loucamino.com\/index.php?rest_route=\/wp\/v2\/types\/post"}],"author":[{"embeddable":true,"href":"https:\/\/www.loucamino.com\/index.php?rest_route=\/wp\/v2\/users\/1"}],"replies":[{"embeddable":true,"href":"https:\/\/www.loucamino.com\/index.php?rest_route=%2Fwp%2Fv2%2Fcomments&post=22046"}],"version-history":[{"count":1,"href":"https:\/\/www.loucamino.com\/index.php?rest_route=\/wp\/v2\/posts\/22046\/revisions"}],"predecessor-version":[{"id":22048,"href":"https:\/\/www.loucamino.com\/index.php?rest_route=\/wp\/v2\/posts\/22046\/revisions\/22048"}],"wp:attachment":[{"href":"https:\/\/www.loucamino.com\/index.php?rest_route=%2Fwp%2Fv2%2Fmedia&parent=22046"}],"wp:term":[{"taxonomy":"category","embeddable":true,"href":"https:\/\/www.loucamino.com\/index.php?rest_route=%2Fwp%2Fv2%2Fcategories&post=22046"},{"taxonomy":"post_tag","embeddable":true,"href":"https:\/\/www.loucamino.com\/index.php?rest_route=%2Fwp%2Fv2%2Ftags&post=22046"}],"curies":[{"name":"wp","href":"https:\/\/api.w.org\/{rel}","templated":true}]}}