{"id":22041,"date":"2020-05-04T20:48:27","date_gmt":"2020-05-04T18:48:27","guid":{"rendered":"http:\/\/www.loucamino.com\/?p=22041"},"modified":"2020-05-05T10:04:52","modified_gmt":"2020-05-05T08:04:52","slug":"carnet-de-confinement-en-france-jour-12-a-rebours","status":"publish","type":"post","link":"https:\/\/www.loucamino.com\/?p=22041","title":{"rendered":"Carnet de confinement en France Jour 12 &#8211; A rebours"},"content":{"rendered":"<ul class=\"wpsocialite social-buttons large\"><\/ul><p><a href=\"http:\/\/www.loucamino.com\/wp-content\/uploads\/2020\/05\/JCF12_DSC4812-72-site.jpg\"><img loading=\"lazy\" class=\"size-full wp-image-22042 aligncenter\" src=\"http:\/\/www.loucamino.com\/wp-content\/uploads\/2020\/05\/JCF12_DSC4812-72-site.jpg\" alt=\"JCF12_DSC4812-72-site\" width=\"550\" height=\"824\" srcset=\"https:\/\/www.loucamino.com\/wp-content\/uploads\/2020\/05\/JCF12_DSC4812-72-site.jpg 550w, https:\/\/www.loucamino.com\/wp-content\/uploads\/2020\/05\/JCF12_DSC4812-72-site-200x300.jpg 200w\" sizes=\"(max-width: 550px) 100vw, 550px\" \/><\/a><\/p>\n<p style=\"text-align: justify;\">C\u2019est \u00e9tonnant comme certains mots venant innocemment \u00e0 l\u2019esprit se r\u00e9v\u00e8lent \u00eatre en fait des pistes de r\u00e9flexion. J\u2019ai de fait envie de remercier les \u00e9nergies passag\u00e8res pour celui-ci, rebours. Tout est parti d\u2019aujourd\u2019hui. Lundi 4 mai. Je me dis, soulag\u00e9e mais pas vraiment pour tout vous dire\u00a0: \u00ab\u00a0ouf, plus qu\u2019une semaine avant la lib\u00e9ration\u00a0!\u00a0\u00bb. Je pense au d\u00e9collage d\u2019une fus\u00e9e, ignition 7, 6, 5, 4\u2026 mais j\u2019ai d\u00e9j\u00e0 us\u00e9 de la m\u00e9taphore spatiale et au m\u00eame titre que je n\u2019aime pas faire demi-tour en empruntant le m\u00eame chemin, je pr\u00e9f\u00e8re \u00e9viter les redondances stylistiques (j\u2019en fais quand m\u00eame). Ce qui me conduit \u00e0 sa signification, le \u00ab\u00a0compte \u00e0 rebours\u00a0\u00bb \u2013 il y en aura eu beaucoup ces derni\u00e8res semaines bien que nous ne soyons all\u00e9s nulle part \u2013, dont je supprime rapidement le premier mot, pour me contenter d\u2019\u00ab\u00a0A rebours\u00a0\u00bb\u2026 Cela fait instantan\u00e9ment \u00e9cho au livre \u00e9ponyme de JK Huysmans, que, il me semble, je n\u2019ai pas lu, ou en tout cas pas enti\u00e8rement, mais qui m\u2019est n\u00e9anmoins familier car ma m\u00e8re, une grande lectrice, m\u2019en a parl\u00e9 \u00e0 plusieurs reprises. Ainsi, pouss\u00e9e par la curiosit\u00e9, je lance quelques requ\u00eates pour rafraichir ma m\u00e9moire\u2026<\/p>\n<p style=\"text-align: justify;\">Jean des Esseintes, l\u2019anti-h\u00e9ros du roman de Huysmans publi\u00e9 en 1884 \u2013 je vais finir par croire en une symbolique du nombre 84 \u2013 \u00e9tait-il un confin\u00e9 volontaire avant l\u2019heure\u00a0? \u00ab\u00a0Esprit d\u00e9sabus\u00e9 de la fin du XIXe si\u00e8cle\u00a0\u00bb (1), d\u00e9go\u00fbt\u00e9 de l\u2019humanit\u00e9 apr\u00e8s une vie bien remplie et d\u00e9cadente, il se retire en effet dans une maison \u00e0 Fontenay, o\u00f9 il vit seul avec ses livres, ses peintures, ses parfums, son jardin, ses voyages imaginaires en qu\u00eate d\u2019une sorte de perfection int\u00e9rieure, qu\u2019a priori, il n\u2019atteindra pas puisqu\u2019il devra finalement retourner \u00e0 la capitale pour soigner ses n\u00e9vroses, sa solitude et son ennui\u00a0: \u00ab\u00a0Dans deux jours, je serai \u00e0 Paris ; allons, [\u2026], tout est bien fini ; comme un raz de mar\u00e9e, les vagues de la m\u00e9diocrit\u00e9 humaine montent jusqu\u2019au ciel et elles vont engloutir le refuge dont j\u2019ouvre, malgr\u00e9 moi, les digues\u00a0\u00bb.<\/p>\n<p style=\"text-align: justify;\">Ah ah, suis-je en train de fantasmer le m\u00eame voyage avec ce projet de migration annonc\u00e9e\u00a0? Non, car la misanthropie n\u2019est pas mon moteur, bien au contraire. Je n\u2019ai pas encore \u00e9voqu\u00e9 Henry David Thoreau dans mes textes de confinement, qui, je l\u2019ai r\u00e9cemment appris avec une certaine surprise, se rendait \u00e0 Concord, la ville o\u00f9 habitaient ses parents et ses amis, tous les jours ou quasi quand il vivait dans sa fameuse cabane, celle de \u00ab\u00a0Walden ou la vie dans les bois\u00a0\u00bb, mais je pense \u00e0 lui et m\u2019inscris plus dans sa d\u00e9marche.<\/p>\n<p style=\"text-align: justify;\">Donc, dans une semaine, a priori, car tout peut encore changer si les chiffres ne sont pas bons, si les indicateurs ne passent pas au vert, digues et fronti\u00e8res seront ouvertes en France. Nous pourrons \u00e9tendre notre territoire (mais pas trop quand m\u00eame), retourner au travail (mais pas tout le monde), reprendre le m\u00e9tro (mais pas aller \u00e0 la plage), sortir sans attestation (mais ce sera quand m\u00eame contr\u00f4l\u00e9), remettre les enfants \u00e0 l\u2019\u00e9cole (mais pas tous non plus)\u2026 D\u2019ailleurs, je me demande sinc\u00e8rement ce qui restera de cette curieuse p\u00e9riode, loin d\u2019\u00eatre finie, dans leur m\u00e9moire. Qu\u2019en ont-ils compris, comment l\u2019ont-ils v\u00e9cue, quelle traces laissera-t-elle sur leur parcours\u00a0?<\/p>\n<p style=\"text-align: justify;\">Et comment vont-ils vivre leur \u00e9ventuel retour \u00e0 l\u2019\u00e9cole la semaine prochaine et dans quelles conditions\u00a0? Ah, sur ce point, je me permets de partager une partie du mail qu\u2019une amie a r\u00e9cemment re\u00e7u de l\u2019\u00e9cole primaire de son fils\u00a0: \u00ab\u00a0Au-del\u00e0 de la s\u00e9curit\u00e9, une journ\u00e9e \u00ab d\u2019\u00e9cole \u00bb le 12 mai ne ressemblera en aucun cas \u00e0 l\u2019\u00e9cole d\u2019avant le confinement.\u00a0\u00a0Ce sera avant tout une journ\u00e9e\u00a0d\u2019accueil des \u00e9l\u00e8ves\u00a0qui\u00a0sont prioritaires. Elle sera contraignante pour les enfants, les familles, les personnels et les enseignants vues les r\u00e8gles sanitaires \u00e0 respecter. En classe, les enfants seront assis seuls, en rangs (sans se faire face) \u00e0 une table attribu\u00e9e \u00e0 laquelle ils resteront toute la journ\u00e9e \u00e0 distance des autres enfants et de l\u2019enseignant. L\u2019enseignant ne pourra pas aider les enfants \u00e0 moins d\u2019un m\u00e8tre de distance pour r\u00e9pondre aux difficult\u00e9s scolaires ni corriger les cahiers avec les enfants.<br \/>\nTout contact sera proscrit (le contact qui rassure, s\u00e9curise, prot\u00e8ge et soigne).<br \/>\nLes enfants seront confront\u00e9s \u00e0 des rappels constants aux r\u00e8gles sanitaires de la part des adultes voire \u00e0 des sanctions s\u2019ils ne respectent pas les gestes barri\u00e8res et les distances de s\u00e9curit\u00e9 en \u00ab\u00a0r\u00e9cr\u00e9ation\u00a0\u00bb comme en classe.<br \/>\nIl faudra faire comprendre aux enfants que tout ce qu\u2019ils font habituellement est potentiellement dangereux : pr\u00eater un crayon \u00e0 son camarade, jouer ensemble, aider son ami qui est tomb\u00e9, chuchoter \u00e0 l\u2019oreille, donner la main \u00e0 un camarade de classe pour se mettre en rang \u2026<br \/>\nLes enfants n\u2019auront pas non plus acc\u00e8s au mat\u00e9riel collectif de la classe : livres, jeux math\u00e9matiques ou de la classe, ballons, petit mat\u00e9riel de manipulation d\u2019apprentissage, mat\u00e9riel de sport. Les jeux collectifs et de contact seront interdits, les passages aux toilettes r\u00e8glement\u00e9s, de m\u00eame que le lavage des mains r\u00e9p\u00e9t\u00e9 \u00e0 de nombreuses reprises tout au long de la journ\u00e9e. Les parents devront expliquer et pr\u00e9parer psychologiquement toutes les contraintes et faire r\u00e9p\u00e9ter\u00a0les gestes barri\u00e8res essentiels\u00a0\u00bb.<\/p>\n<p style=\"text-align: justify;\">Clairement, l\u2019apr\u00e8s ne ressemblera pas \u00e0 l\u2019avant. Et je suis bien contente de ne pas avoir \u00e0 retourner \u00e0 l\u2019\u00e9cole la semaine prochaine\u00a0! La simple lecture de ce message me d\u00e9clenche presque une crise d\u2019angoisse, alors m\u00eame que je ne suis plus une enfant et que je n\u2019en ai pas\u00a0! Qui seront donc les parents indignes qui y abandonneront leurs enfants dans ces conditions de terreur, d\u2019anxi\u00e9t\u00e9 et de culpabilisation que tous les p\u00e9do-psychiatres disent n\u00e9cessaires d\u2019\u00e9viter en cette p\u00e9riode d\u00e9j\u00e0 bien charg\u00e9e \u00e9motionnellement\u00a0? Nouvelles r\u00e8gles de conduite qui semblent, par ailleurs et \u00ab\u00a0heureusement\u00a0\u00bb, totalement inapplicables par les institutrices\/teurs et autres personnes impliqu\u00e9es, et dont la seule justification semble \u00eatre de dissuader tout retour \u00e0 l\u2019\u00e9cole avant septembre\u2026<\/p>\n<p style=\"text-align: justify;\">La situation est d\u2019une complexit\u00e9 in\u00e9dite, ce message n\u2019est qu\u2019un exemple parmi d\u2019autres de ce que nous recevons individuellement ou collectivement ces jours-ci concernant la suite des \u00e9v\u00e9nements car des priorit\u00e9s incompatibles se t\u00e9lescopent \u2013 relancer l\u2019\u00e9conomie rapidement et assurer la s\u00e9curit\u00e9 des citoyens \u2013, ce qui se traduit par un magma de recommandations contradictoires et\/ou irr\u00e9alistes \u2013 10 m\u00e8tres de distance entre deux joggeurs ou deux cyclistes\u00a0; 1 m\u00e8tre d\u2019intervalle entre passagers dans le m\u00e9tro\u00a0; 15 \u00e9l\u00e8ves autoris\u00e9s par classe mais pas de rassemblement de plus de 10 personnes\u2026 \u2013 faisant dire \u00e0 certains que nos politiques ne vivent d\u00e9cid\u00e9ment pas sur la m\u00eame plan\u00e8te que nous. Alors que l\u2019hypoth\u00e8se de l\u2019existence d\u2019une vie extraterrestre est formul\u00e9e depuis l\u2019Antiquit\u00e9 par Epicure ou encore Lucr\u00e8ce, que les astronomes et exobiologistes sondent l\u2019espace en qu\u00eate de preuves depuis quelques d\u00e9cennies gr\u00e2ce \u00e0 des outils technologiques de plus en plus puissants, je prends cela pour une nouvelle historique\u00a0! Comme souvent, nous ne regardions pas o\u00f9 il faut\u00a0! Reste que j\u2019aurais sans doute pr\u00e9f\u00e9r\u00e9 un contact avec une civilisation plus avanc\u00e9e\u2026<\/p>\n<p>\u00a0(1)\u00a0<a href=\"https:\/\/www.franceculture.fr\/emissions\/la-compagnie-des-auteurs\/joris-karl-huysmans-24-huysmans-trouble-fete\">https:\/\/www.franceculture.fr\/emissions\/la-compagnie-des-auteurs\/joris-karl-huysmans-24-huysmans-trouble-fete<\/a><\/p>\n<div id=\"iLikeThis-22041\" class=\"iLikeThis\"><span class=\"counter\"><a onclick=\"likeThis(22041);\" class=\"image\">2<\/a><\/span><\/div>\n<p><a href=\"http:\/\/www.facebook.com\/share.php?u=https%3A%2F%2Fwww.loucamino.com%2F%3Fp%3D22041&amp;t=Carnet%20de%20confinement%20en%20France%20Jour%2012%20-%20A%20rebours\" id=\"facebook_share_both_22041\" style=\"font-size:11px; line-height:13px; font-family:'lucida grande',tahoma,verdana,arial,sans-serif; text-decoration:none; padding:2px 0 0 20px; height:16px; background:url(http:\/\/b.static.ak.fbcdn.net\/images\/share\/facebook_share_icon.gif) no-repeat top left;\">Share on Facebook<\/a><br \/>\n\t<script type=\"text\/javascript\">\n\t<!--\n\tvar button = document.getElementById('facebook_share_link_22041') || document.getElementById('facebook_share_icon_22041') || document.getElementById('facebook_share_both_22041') || document.getElementById('facebook_share_button_22041');\n\tif (button) {\n\t\tbutton.onclick = function(e) {\n\t\t\tvar url = this.href.replace(\/share\\.php\/, 'sharer.php');\n\t\t\twindow.open(url,'sharer','toolbar=0,status=0,width=626,height=436');\n\t\t\treturn false;\n\t\t}\n\t\n\t\tif (button.id === 'facebook_share_button_22041') {\n\t\t\tbutton.onmouseover = function(){\n\t\t\t\tthis.style.color='#fff';\n\t\t\t\tthis.style.borderColor = '#295582';\n\t\t\t\tthis.style.backgroundColor = '#3b5998';\n\t\t\t}\n\t\t\tbutton.onmouseout = function(){\n\t\t\t\tthis.style.color = '#3b5998';\n\t\t\t\tthis.style.borderColor = '#d8dfea';\n\t\t\t\tthis.style.backgroundColor = '#fff';\n\t\t\t}\n\t\t}\n\t}\n\t-->\n\t<\/script><\/p>\n","protected":false},"excerpt":{"rendered":"<p>C\u2019est \u00e9tonnant comme certains mots venant innocemment \u00e0 l\u2019esprit se r\u00e9v\u00e8lent \u00eatre en fait des pistes de r\u00e9flexion. J\u2019ai de fait envie de remercier les \u00e9nergies passag\u00e8res pour celui-ci, rebours. Tout est parti d\u2019aujourd\u2019hui. Lundi 4 mai. Je me dis, soulag\u00e9e mais pas vraiment pour tout vous dire\u00a0: \u00ab\u00a0ouf, plus qu\u2019une semaine avant la lib\u00e9ration\u00a0!\u00a0\u00bb. [&hellip;]<\/p>\n<a href=\"http:\/\/www.facebook.com\/share.php?u=https%3A%2F%2Fwww.loucamino.com%2F%3Fp%3D22041&amp;t=Carnet%20de%20confinement%20en%20France%20Jour%2012%20-%20A%20rebours\" id=\"facebook_share_both_22041\" style=\"font-size:11px; line-height:13px; font-family:'lucida grande',tahoma,verdana,arial,sans-serif; text-decoration:none; padding:2px 0 0 20px; height:16px; background:url(http:\/\/b.static.ak.fbcdn.net\/images\/share\/facebook_share_icon.gif) no-repeat top left;\">Share on Facebook<\/a>\r\n\t<script type=\"text\/javascript\">\r\n\t<!--\r\n\tvar button = document.getElementById('facebook_share_link_22041') || document.getElementById('facebook_share_icon_22041') || document.getElementById('facebook_share_both_22041') || document.getElementById('facebook_share_button_22041');\r\n\tif (button) {\r\n\t\tbutton.onclick = function(e) {\r\n\t\t\tvar url = this.href.replace(\/share\\.php\/, 'sharer.php');\r\n\t\t\twindow.open(url,'sharer','toolbar=0,status=0,width=626,height=436');\r\n\t\t\treturn false;\r\n\t\t}\r\n\t\r\n\t\tif (button.id === 'facebook_share_button_22041') {\r\n\t\t\tbutton.onmouseover = function(){\r\n\t\t\t\tthis.style.color='#fff';\r\n\t\t\t\tthis.style.borderColor = '#295582';\r\n\t\t\t\tthis.style.backgroundColor = '#3b5998';\r\n\t\t\t}\r\n\t\t\tbutton.onmouseout = function(){\r\n\t\t\t\tthis.style.color = '#3b5998';\r\n\t\t\t\tthis.style.borderColor = '#d8dfea';\r\n\t\t\t\tthis.style.backgroundColor = '#fff';\r\n\t\t\t}\r\n\t\t}\r\n\t}\r\n\t-->\r\n\t<\/script>\r\n\t","protected":false},"author":1,"featured_media":0,"comment_status":"open","ping_status":"open","sticky":false,"template":"","format":"standard","meta":{"ngg_post_thumbnail":0},"categories":[1,4139],"tags":[4132,4129,4128,750,751,4179,4224,4180,4131,784,4136,1305],"_links":{"self":[{"href":"https:\/\/www.loucamino.com\/index.php?rest_route=\/wp\/v2\/posts\/22041"}],"collection":[{"href":"https:\/\/www.loucamino.com\/index.php?rest_route=\/wp\/v2\/posts"}],"about":[{"href":"https:\/\/www.loucamino.com\/index.php?rest_route=\/wp\/v2\/types\/post"}],"author":[{"embeddable":true,"href":"https:\/\/www.loucamino.com\/index.php?rest_route=\/wp\/v2\/users\/1"}],"replies":[{"embeddable":true,"href":"https:\/\/www.loucamino.com\/index.php?rest_route=%2Fwp%2Fv2%2Fcomments&post=22041"}],"version-history":[{"count":2,"href":"https:\/\/www.loucamino.com\/index.php?rest_route=\/wp\/v2\/posts\/22041\/revisions"}],"predecessor-version":[{"id":22044,"href":"https:\/\/www.loucamino.com\/index.php?rest_route=\/wp\/v2\/posts\/22041\/revisions\/22044"}],"wp:attachment":[{"href":"https:\/\/www.loucamino.com\/index.php?rest_route=%2Fwp%2Fv2%2Fmedia&parent=22041"}],"wp:term":[{"taxonomy":"category","embeddable":true,"href":"https:\/\/www.loucamino.com\/index.php?rest_route=%2Fwp%2Fv2%2Fcategories&post=22041"},{"taxonomy":"post_tag","embeddable":true,"href":"https:\/\/www.loucamino.com\/index.php?rest_route=%2Fwp%2Fv2%2Ftags&post=22041"}],"curies":[{"name":"wp","href":"https:\/\/api.w.org\/{rel}","templated":true}]}}