{"id":22028,"date":"2020-05-01T20:55:01","date_gmt":"2020-05-01T18:55:01","guid":{"rendered":"http:\/\/www.loucamino.com\/?p=22028"},"modified":"2020-05-01T20:55:01","modified_gmt":"2020-05-01T18:55:01","slug":"carnet-de-confinement-en-france-jour-9-ou-ai-je-gare-ma-voiture","status":"publish","type":"post","link":"https:\/\/www.loucamino.com\/?p=22028","title":{"rendered":"Carnet de confinement en France Jour 9 &#8211; O\u00f9 ai-je gar\u00e9 ma voiture ?"},"content":{"rendered":"<ul class=\"wpsocialite social-buttons large\"><\/ul><p style=\"text-align: center;\"><a href=\"http:\/\/www.loucamino.com\/wp-content\/uploads\/2020\/05\/JCF9_DSC6189-72-site.jpg\"><img loading=\"lazy\" class=\"alignnone size-full wp-image-22029\" src=\"http:\/\/www.loucamino.com\/wp-content\/uploads\/2020\/05\/JCF9_DSC6189-72-site.jpg\" alt=\"JCF9_DSC6189-72-site\" width=\"550\" height=\"367\" srcset=\"https:\/\/www.loucamino.com\/wp-content\/uploads\/2020\/05\/JCF9_DSC6189-72-site.jpg 550w, https:\/\/www.loucamino.com\/wp-content\/uploads\/2020\/05\/JCF9_DSC6189-72-site-300x200.jpg 300w\" sizes=\"(max-width: 550px) 100vw, 550px\" \/><\/a><\/p>\n<p style=\"text-align: justify;\">\u00c7a y est, j\u2019ai fait mon premier r\u00eave de confinement. Enfin, c\u2019est ainsi que je l\u2019ai interpr\u00e9t\u00e9. Je ne l\u2019ai pas not\u00e9 en me r\u00e9veillant et maintenant que je cherche \u00e0 m\u2019en souvenir, les d\u00e9tails m\u2019\u00e9chappent comme du sable sec et chaud glissant entre mes doigts. Pas de probl\u00e8me respiratoire ni d\u2019invasion d\u2019arachnides mais je me souviens parfaitement qu\u2019apr\u00e8s avoir rencontr\u00e9 une ancienne camarade de fac \u2013 que je n\u2019ai pas vue depuis des ann\u00e9es mais avec qui j\u2019ai \u00e9chang\u00e9 des mails sur mon voyage en Nouvelle Z\u00e9lande avant de partir \u2013, je ne retrouvais plus ma voiture \u2013 dans la r\u00e9alit\u00e9, je n\u2019en ai pas. J\u2019avais beau faire et refaire le tour du quartier o\u00f9 nous \u00e9tions, aucun indice quant \u00e0 l\u2019endroit o\u00f9 je l\u2019avais gar\u00e9e ne me revenait \u00e0 l\u2019esprit. A fortiori, je ne pouvais pas quitter la ville, j\u2019\u00e9tais coinc\u00e9e, ou retenue, dans son d\u00e9dale de rues. Un r\u00eave d\u2019emp\u00eachement en quelque sorte. J\u2019ai connu des songes plus myst\u00e9rieux, mais celui-ci a eu le m\u00e9rite de me faire sourire. Et d\u2019\u00eatre juste. En effet, cette interdiction de se d\u00e9placer librement, au-del\u00e0 du kilom\u00e8tre pour encore 11 jours puis, \u00e0 partir du 11 ou 12 mai, au-del\u00e0 de 100, est sans doute ce qui, symboliquement, intimement et toutes proportions gard\u00e9es, pr\u00e9occupe le plus la fourmigratrice que je suis. Et ce, m\u00eame si je n\u2019avais pas pr\u00e9vu de repartir \u00e0 l\u2019autre bout du monde le mois prochain ni m\u00eame ailleurs \u2013 sauf, bien s\u00fbr, pour aller voir mes parents ch\u00e9ris et peut-\u00eatre commencer \u00e0 explorer des territoires d\u2019accueil. C\u2019est purement psychologique et cela ressemble \u00e0 s\u2019y m\u00e9prendre \u00e0 ce que j\u2019\u00e9voquais au 8<sup>e<\/sup>jour de mon confinement \u00e0 Wellington o\u00f9 j\u2019avais eu une tr\u00e8s temporaire mont\u00e9e de claustrophobie, alors m\u00eame que j\u2019\u00e9tais plus libre de mes mouvements qu\u2019ici finalement. Preuve que, malgr\u00e9 tout, c\u2019est pas si pire, comme disent nos amis qu\u00e9b\u00e9cois. Par ailleurs, les moyens \u2013 naturels \u2013 de s\u2019affranchir des limites et fronti\u00e8res de son propre corps sont nombreux.<\/p>\n<p style=\"text-align: justify;\">Revenons, pour l\u2019instant, aux r\u00eaves que nous connaissons sans doute mieux que les autres \u00e9tats modifi\u00e9s de conscience. Il para\u00eet que le confinement \u2013 engendrant naturellement son lot d\u2019anxi\u00e9t\u00e9, de stress, de sentiment d\u2019isolement, de perte de contr\u00f4le, de questionnements sur le devenir de notre soci\u00e9t\u00e9 et sur soi, pass\u00e9, pr\u00e9sent et futur inclus \u2013 est all\u00e9 s\u2019implanter jusque dans nos r\u00eaves. Que les t\u00e9moignages de r\u00eaves ou cauchemars plus \u00e9tranges, plus intenses, plus nombreux que d\u2019habitude se multiplient ces derni\u00e8res semaines alors m\u00eame que nos journ\u00e9es sont moins denses, en tout cas g\u00e9ographiquement et dans nos interactions physiques, mat\u00e9rielles, avec les autres. Quoi de plus logique si l\u2019on admet que les r\u00eaves nous aident \u00e0 traiter ce que nous vivons pendant la journ\u00e9e, en particulier \u00e0 g\u00e9rer le stress et les \u00e9motions qu\u2019elle peut avoir produits, en plus d\u2019inscrire certains faits dans notre m\u00e9moire \u00e0 long terme. \u00ab\u00a0Nos r\u00eaves \u00e9tranges sont le sommet de l\u2019iceberg psychologique. Qu\u2019on le veuille ou non, nous prenons aujourd\u2019hui part \u00e0 une gigantesque exp\u00e9rience sur les effets d\u2019un accroissement du stress associ\u00e9 \u00e0 une r\u00e9duction drastique des contacts sociaux\u00a0\u00bb annonce ainsi Mary-Ellen Lynall, neuroscientifique et psychiatre de l\u2019universit\u00e9 de Cambridge, sp\u00e9cialis\u00e9e dans les interactions entre le syst\u00e8me immunitaire, le cerveau et le\u00a0comportement (1).<\/p>\n<p style=\"text-align: justify;\">Ceci dit, comme souvent, les scientifiques ne sont pas unanimes sur la fonction des r\u00eaves. Ainsi en est-il de l\u2019ethnopsychiatre Toby Nathan qui pense, quant \u00e0 lui, que le r\u00eave joue un r\u00f4le essentiel de \u00ab brainstorming install\u00e9 au c\u0153ur de la nuit, qui nous permet de trouver des solutions inattendues, d\u2019inventer, de nous renouveler \u00bb (2). Et de poursuivre\u00a0: \u00ab Des exp\u00e9riences ont montr\u00e9 que le r\u00eave ne sert ni \u00e0 fixer la m\u00e9moire, comme on l\u2019a longtemps cru, ni \u00e0 \u00e9vacuer les tensions de la journ\u00e9e \u00bb mais qu\u2019il \u00ab contribuait puissamment \u00e0 la r\u00e9solution de probl\u00e8mes ou d\u2019\u00e9nigmes pos\u00e9s au r\u00eaveur avant son sommeil \u00bb (2). L\u00e0 o\u00f9 certains voient le r\u00eave tourn\u00e9 vers le pass\u00e9, lui le projette dans l\u2019avenir. En lisant cette d\u00e9finition, je repense \u00e0 toutes les impasses math\u00e9matiques et physiques sur lesquelles je m\u2019endormais, \u00e9tudiante, qui, comme par miracle, n\u2019en \u00e9taient plus au r\u00e9veil&#8230;<\/p>\n<p style=\"text-align: justify;\">Dans un registre plus calendaire, aujourd\u2019hui, c\u2019est le Premier Mai. La F\u00eate du Travail. La Journ\u00e9e internationale des travailleurs. Un rendez-vous citoyen, syndical, collectif et surtout physique que le confinement actuel contraint \u00e0 une certaine virtualit\u00e9, alors m\u00eame que les protestations populaires n\u2019ont jamais \u00e9t\u00e9 aussi nombreuses \u2013 et r\u00e9prim\u00e9es \u2013 dans le monde avant le d\u00e9but de cette ann\u00e9e en 20. Dans mon p\u00e9rim\u00e8tre de s\u00e9curit\u00e9, \u00e0 l\u2019occasion de ma s\u00e9ance quotidienne d\u2019activit\u00e9 physique (youhou\u00a0!), j\u2019ai pu observer la multiplication de banderoles charg\u00e9es de revendications \u2013 des plus locales\u00a0: \u00ab\u00a0Stop au b\u00e9ton\u00a0! Vive les arbres\u00a0!\u00a0\u00bb, aux plus g\u00e9n\u00e9rales\u00a0: \u00ab\u00a0De l\u2019argent pour notre h\u00f4pital, pas pour le capital\u00a0\u00bb, \u00ab\u00a0Merci\u00a0!\u00a0\u00bb \u2013 accroch\u00e9es aux balcons ou fen\u00eatres. A chaque fois que je vois les gens s\u2019exprimer par cette voie l\u00e0, \u00e0 la fois permanente et non incarn\u00e9e, je repense aux rues de Berkeley, en Californie, que j\u2019ai c\u00f4toy\u00e9es plusieurs semaines il y a une dizaine d\u2019ann\u00e9es.<\/p>\n<p style=\"text-align: justify;\">La ville est connue pour sa prestigieuse universit\u00e9, la deuxi\u00e8me plus ancienne du pays apr\u00e8s Harvard, dont le campus \u00e0 lui seul donne envie d\u2019\u00eatre \u00e9tudiant \u00e0 vie. G\u00e9nies et autres esprits libres y convergent depuis des d\u00e9cennies \u2013 65 prix Nobel dans ses rangs, des Pulitzer, des Oscars\u2026 \u2013, avant de faire rayonner leurs id\u00e9es dans le reste du monde. Haut lieu historique de la contre-culture am\u00e9ricaine, pacifiste \u2013 les premi\u00e8res manifestations contre la guerre du Vietnam sont n\u00e9es dans ses art\u00e8res \u2013,\u00a0Berkeley\u00a0a vu s\u2019\u00e9panouir, dans les r\u00e9volutionnaires ann\u00e9es 60, le\u00a0Free Speech Movement, pr\u00f4nant notamment la libert\u00e9 d\u2019expression politique des \u00e9tudiants, et, dans la foul\u00e9e, a vu fleurir les hippies par milliers.<\/p>\n<p style=\"text-align: justify;\">Aur\u00e9ol\u00e9e de cette tradition libertaire et de cet esprit contestataire incarn\u00e9s par la chair en mouvement, m\u00eame un demi-si\u00e8cle plus tard, je m\u2019imaginais donc la ville grouillante, palpitante, active sur tous les fronts, revendicative, engag\u00e9e. J\u2019avoue avoir donc \u00e9t\u00e9 assez surprise, en errant plusieurs jours d\u2019affil\u00e9e dans les rues adjacentes au campus, certes assez cossues, de ne croiser quasiment personne. Physiquement j\u2019entends. Point de regroupement ni de manifestation non plus. En revanche, assez rapidement, j\u2019avais relev\u00e9 la pr\u00e9sence de pancartes plant\u00e9es dans des jardins, d\u2019affiches gliss\u00e9es derri\u00e8re des stores, de calendriers politiquement \u00e9tiquet\u00e9s placard\u00e9s aux vitres, de dessins fix\u00e9s aux fen\u00eatres, de banderoles accroch\u00e9es aux perrons et fa\u00e7ades des maisons. Autant d\u2019appels \u00e0 la paix, au d\u00e9p\u00f4t des armes, au vote Obama, \u00e0 la tol\u00e9rance\u2026 Absents des rues, les habitants de\u00a0Berkeley annon\u00e7aient malgr\u00e9 tout la couleur. D\u00e9filer dans ses paisibles avenues devenait un festival de revendications silencieuses en tous genres.<\/p>\n<p style=\"text-align: justify;\">Le contraste avec la fa\u00e7on dont chacun exprimait ses id\u00e9es et ses convictions en France m\u2019avait alors saut\u00e9 aux yeux, et illustrait parfaitement la diff\u00e9rence de conception entre ce qui rel\u00e8ve des sph\u00e8res publique et priv\u00e9e de part et d\u2019autre de l\u2019oc\u00e9an, voire d\u2019un monde \u00e0 l\u2019autre. Car avez-vous souvent vu ce type d\u2019expressions aux fen\u00eatres de vos voisins ? Connaissez-vous leurs id\u00e9es politiques, leurs combats, leurs engagements ? L\u00e0 o\u00f9, l\u00e0-bas, et sans vouloir faire de g\u00e9n\u00e9ralit\u00e9s, on semble pr\u00e9f\u00e9rer s\u2019exprimer individuellement, solitairement, sans se montrer, ici, on se pr\u00e9sente collectivement, solidairement, \u00e0 visage d\u00e9couvert pour s\u2019exprimer avant de tout ranger et de regagner nos antres, d\u2019o\u00f9, a priori, rien ne s\u2019\u00e9chappait\u2026 Jusqu\u2019\u00e0 il y a quelques semaines, mois ou poign\u00e9es d\u2019ann\u00e9es (j\u2019ai en m\u00e9moire une innocente balade dans le 16<sup>e<\/sup>\u2013 vous me direz que je l\u2019ai cherch\u00e9 \u2013 et \u00e0 Montmartre aussi, avec une foule de drapeaux \u00e0 la \u00ab\u00a0famille parfaite\u00a0\u00bb flottant au vent qui m\u2019avait particuli\u00e8rement refroidie).<\/p>\n<p style=\"text-align: justify;\">Ainsi, le confinement (en plus de poser une foule de questions sur la d\u00e9finition m\u00eame du travail, sur les fa\u00e7ons alternatives de travailler et m\u00eame sur les alternatives au travail tel que nous le concevons classiquement, avec tout d\u2019un coup l\u2019\u00e9mergence de travailleurs dits essentiels, de premi\u00e8re ligne \u2013 des femmes en majorit\u00e9 \u2013 sur qui tout repose depuis des semaines alors m\u00eame qu\u2019ils sont syst\u00e9matiquement d\u00e9valoris\u00e9s et d\u00e9nigr\u00e9s en temps \u00ab\u00a0normal\u00a0\u00bb, avec l\u2019essor du t\u00e9l\u00e9travail pour certains mais aussi de questionnements quant \u00e0 notre utilit\u00e9 sociale lorsque, finalement, nous r\u00e9alisons que ce qui nous occupe 8h par jour, 5j par semaine n\u2019apporte rien d\u2019indispensable \u00e0 la soci\u00e9t\u00e9), ce confinement qui aurait aussi pu \u00eatre un musellement a incit\u00e9 \u00e0 utiliser d\u2019autres fa\u00e7ons de s\u2019exprimer et de partager ses revendications \u00e0 l\u2019instar des nombreuses caricatures, dessins, bandes dessin\u00e9es, chansons qui ont circul\u00e9 sur les r\u00e9seaux sociaux via les amis de mes amis de mes pas amis pour r\u00e9sumer la situation en temps r\u00e9el, des manifestations virtuelles et de carton, des concerts de casseroles, des parterres de chaussures vides\u2026 Ou encore, avec une autre dimension, les balconnades de 20h, qui, outre un merci envoy\u00e9s aux travailleurs confin\u00e9s, sont aussi, comme me le rappelait un tr\u00e8s amical voisin, une fa\u00e7on de fusionner nos solitudes de jour et d\u2019\u00eatre ensemble quelques instants. Cela n\u2019a certes pas le go\u00fbt des pav\u00e9s \u2013 pour ceux qui les arpentent habituellement \u2013 mais c\u2019est ne pas rien\u00a0!<\/p>\n<p style=\"text-align: justify;\">\n<p style=\"text-align: left;\">(1)\u00a0<a href=\"https:\/\/www.courrierinternational.com\/article\/sommeil-pourquoi-nos-reves-confines-sont-si-riches\">https:\/\/www.courrierinternational.com\/article\/sommeil-pourquoi-nos-reves-confines-sont-si-riches<br \/>\n<\/a>(2)\u00a0<a href=\"https:\/\/www.franceculture.fr\/emissions\/le-journal-des-idees\/letoffe-des-reves\">https:\/\/www.franceculture.fr\/emissions\/le-journal-des-idees\/letoffe-des-reves<\/a><\/p>\n<p>&nbsp;<\/p>\n<div id=\"iLikeThis-22028\" class=\"iLikeThis\"><span class=\"counter\"><a onclick=\"likeThis(22028);\" class=\"image\">4<\/a><\/span><\/div>\n<p><a href=\"http:\/\/www.facebook.com\/share.php?u=https%3A%2F%2Fwww.loucamino.com%2F%3Fp%3D22028&amp;t=Carnet%20de%20confinement%20en%20France%20Jour%209%20-%20O%C3%B9%20ai-je%20gar%C3%A9%20ma%20voiture%20%3F\" id=\"facebook_share_both_22028\" style=\"font-size:11px; line-height:13px; font-family:'lucida grande',tahoma,verdana,arial,sans-serif; text-decoration:none; padding:2px 0 0 20px; height:16px; background:url(http:\/\/b.static.ak.fbcdn.net\/images\/share\/facebook_share_icon.gif) no-repeat top left;\">Share on Facebook<\/a><br \/>\n\t<script type=\"text\/javascript\">\n\t<!--\n\tvar button = document.getElementById('facebook_share_link_22028') || document.getElementById('facebook_share_icon_22028') || document.getElementById('facebook_share_both_22028') || document.getElementById('facebook_share_button_22028');\n\tif (button) {\n\t\tbutton.onclick = function(e) {\n\t\t\tvar url = this.href.replace(\/share\\.php\/, 'sharer.php');\n\t\t\twindow.open(url,'sharer','toolbar=0,status=0,width=626,height=436');\n\t\t\treturn false;\n\t\t}\n\t\n\t\tif (button.id === 'facebook_share_button_22028') {\n\t\t\tbutton.onmouseover = function(){\n\t\t\t\tthis.style.color='#fff';\n\t\t\t\tthis.style.borderColor = '#295582';\n\t\t\t\tthis.style.backgroundColor = '#3b5998';\n\t\t\t}\n\t\t\tbutton.onmouseout = function(){\n\t\t\t\tthis.style.color = '#3b5998';\n\t\t\t\tthis.style.borderColor = '#d8dfea';\n\t\t\t\tthis.style.backgroundColor = '#fff';\n\t\t\t}\n\t\t}\n\t}\n\t-->\n\t<\/script><\/p>\n","protected":false},"excerpt":{"rendered":"<p>\u00c7a y est, j\u2019ai fait mon premier r\u00eave de confinement. Enfin, c\u2019est ainsi que je l\u2019ai interpr\u00e9t\u00e9. Je ne l\u2019ai pas not\u00e9 en me r\u00e9veillant et maintenant que je cherche \u00e0 m\u2019en souvenir, les d\u00e9tails m\u2019\u00e9chappent comme du sable sec et chaud glissant entre mes doigts. Pas de probl\u00e8me respiratoire ni d\u2019invasion d\u2019arachnides mais je [&hellip;]<\/p>\n<a href=\"http:\/\/www.facebook.com\/share.php?u=https%3A%2F%2Fwww.loucamino.com%2F%3Fp%3D22028&amp;t=Carnet%20de%20confinement%20en%20France%20Jour%209%20-%20O%C3%B9%20ai-je%20gar%C3%A9%20ma%20voiture%20%3F\" id=\"facebook_share_both_22028\" style=\"font-size:11px; line-height:13px; font-family:'lucida grande',tahoma,verdana,arial,sans-serif; text-decoration:none; padding:2px 0 0 20px; height:16px; background:url(http:\/\/b.static.ak.fbcdn.net\/images\/share\/facebook_share_icon.gif) no-repeat top left;\">Share on Facebook<\/a>\r\n\t<script type=\"text\/javascript\">\r\n\t<!--\r\n\tvar button = document.getElementById('facebook_share_link_22028') || document.getElementById('facebook_share_icon_22028') || document.getElementById('facebook_share_both_22028') || document.getElementById('facebook_share_button_22028');\r\n\tif (button) {\r\n\t\tbutton.onclick = function(e) {\r\n\t\t\tvar url = this.href.replace(\/share\\.php\/, 'sharer.php');\r\n\t\t\twindow.open(url,'sharer','toolbar=0,status=0,width=626,height=436');\r\n\t\t\treturn false;\r\n\t\t}\r\n\t\r\n\t\tif (button.id === 'facebook_share_button_22028') {\r\n\t\t\tbutton.onmouseover = function(){\r\n\t\t\t\tthis.style.color='#fff';\r\n\t\t\t\tthis.style.borderColor = '#295582';\r\n\t\t\t\tthis.style.backgroundColor = '#3b5998';\r\n\t\t\t}\r\n\t\t\tbutton.onmouseout = function(){\r\n\t\t\t\tthis.style.color = '#3b5998';\r\n\t\t\t\tthis.style.borderColor = '#d8dfea';\r\n\t\t\t\tthis.style.backgroundColor = '#fff';\r\n\t\t\t}\r\n\t\t}\r\n\t}\r\n\t-->\r\n\t<\/script>\r\n\t","protected":false},"author":1,"featured_media":0,"comment_status":"open","ping_status":"open","sticky":false,"template":"","format":"standard","meta":{"ngg_post_thumbnail":0},"categories":[1,4139],"tags":[4132,4129,4128,4131,637,2327,30,2998,4136],"_links":{"self":[{"href":"https:\/\/www.loucamino.com\/index.php?rest_route=\/wp\/v2\/posts\/22028"}],"collection":[{"href":"https:\/\/www.loucamino.com\/index.php?rest_route=\/wp\/v2\/posts"}],"about":[{"href":"https:\/\/www.loucamino.com\/index.php?rest_route=\/wp\/v2\/types\/post"}],"author":[{"embeddable":true,"href":"https:\/\/www.loucamino.com\/index.php?rest_route=\/wp\/v2\/users\/1"}],"replies":[{"embeddable":true,"href":"https:\/\/www.loucamino.com\/index.php?rest_route=%2Fwp%2Fv2%2Fcomments&post=22028"}],"version-history":[{"count":1,"href":"https:\/\/www.loucamino.com\/index.php?rest_route=\/wp\/v2\/posts\/22028\/revisions"}],"predecessor-version":[{"id":22030,"href":"https:\/\/www.loucamino.com\/index.php?rest_route=\/wp\/v2\/posts\/22028\/revisions\/22030"}],"wp:attachment":[{"href":"https:\/\/www.loucamino.com\/index.php?rest_route=%2Fwp%2Fv2%2Fmedia&parent=22028"}],"wp:term":[{"taxonomy":"category","embeddable":true,"href":"https:\/\/www.loucamino.com\/index.php?rest_route=%2Fwp%2Fv2%2Fcategories&post=22028"},{"taxonomy":"post_tag","embeddable":true,"href":"https:\/\/www.loucamino.com\/index.php?rest_route=%2Fwp%2Fv2%2Ftags&post=22028"}],"curies":[{"name":"wp","href":"https:\/\/api.w.org\/{rel}","templated":true}]}}