{"id":22025,"date":"2020-04-29T20:33:51","date_gmt":"2020-04-29T18:33:51","guid":{"rendered":"http:\/\/www.loucamino.com\/?p=22025"},"modified":"2020-05-01T20:41:01","modified_gmt":"2020-05-01T18:41:01","slug":"carnet-de-confinement-en-france-jour-7-de-proche-en-proche","status":"publish","type":"post","link":"https:\/\/www.loucamino.com\/?p=22025","title":{"rendered":"Carnet de confinement en France Jour 7 &#8211; De proche en proche"},"content":{"rendered":"<ul class=\"wpsocialite social-buttons large\"><\/ul><p style=\"text-align: center;\"><a href=\"http:\/\/www.loucamino.com\/wp-content\/uploads\/2020\/05\/JCF7_DSC9534-72-site.jpg\"><img loading=\"lazy\" class=\"alignnone size-full wp-image-22026\" src=\"http:\/\/www.loucamino.com\/wp-content\/uploads\/2020\/05\/JCF7_DSC9534-72-site.jpg\" alt=\"JCF7_DSC9534-72-site\" width=\"550\" height=\"824\" srcset=\"https:\/\/www.loucamino.com\/wp-content\/uploads\/2020\/05\/JCF7_DSC9534-72-site.jpg 550w, https:\/\/www.loucamino.com\/wp-content\/uploads\/2020\/05\/JCF7_DSC9534-72-site-200x300.jpg 200w\" sizes=\"(max-width: 550px) 100vw, 550px\" \/><\/a><\/p>\n<p style=\"text-align: justify;\">Voil\u00e0 une semaine exactement que je suis rentr\u00e9e. Ou alors, voil\u00e0 une semaine exactement que j\u2019ai quitt\u00e9 la Nouvelle Z\u00e9lande. Le r\u00e9sultat est le m\u00eame, mais la nuance existe.<\/p>\n<p style=\"text-align: justify;\">Cela fait aussi bient\u00f4t 4 mois que je n\u2019ai pas vu, en vrai, en chair et en os, ma famille et mes amis. De retour de voyages plus ou moins longs, c\u2019est naturellement vers eux que je me tourne rapidement. Pas l\u00e0. Et je ne sais quand je pourrai les embrasser et les serrer \u00e0 nouveau dans mes bras. A partir du 12 mai peut-\u00eatre, pour ceux vivant \u00e0 100 km \u00e0 la ronde. Plus tard encore, sans que cela ne soit clairement d\u00e9fini, pour les plus proches. Paradoxalement. Je me demande si l\u2019on peut s\u2019habituer \u00e0 ne voir les personnes que l\u2019on aime qu\u2019au travers d\u2019un \u00e9cran, en deux dimensions.<\/p>\n<p style=\"text-align: justify;\">Je crois qu\u2019apr\u00e8s tout cela, apr\u00e8s tous ces contacts \u00e9vit\u00e9s et charg\u00e9s d\u2019une potentielle dangerosit\u00e9, apr\u00e8s ces semaines \u00e0 consid\u00e9rer les autres corps comme des menaces, ce sera un moment \u00e9trange. M\u00eame avec les intimes. Un peu comme un premier rendez-vous, maladroit. Il y a d\u2019ailleurs de fortes chances que certains de nos nouveaux r\u00e9flexes de distanciation physique aussi bien personnelle que sociale perdurent et viennent s\u2019ajouter \u00e0 nos radars internes, se mettant instinctivement en branle et allumant nos warning \u2013 merci \u00e0 notre cerveau reptilien d\u2019\u00eatre encore actif ! \u2013 d\u00e8s lors qu\u2019une personne p\u00e9n\u00e8tre un p\u00e9rim\u00e8tre que nous estimons\u00a0intime\u00a0sans l\u2019\u00eatre pour autant, un\u00a0intime. Ces distances s\u2019av\u00e8rent d\u2019ailleurs tr\u00e8s variables d\u2019une personne \u00e0 l\u2019autre, mais aussi d\u2019une culture \u00e0 l\u2019autre. Voil\u00e0 qui me renvoie instantan\u00e9ment au Japon, o\u00f9 les contacts physiques en public sont (tr\u00e8s) mal vus, et simultan\u00e9ment, en Italie ou en Tunisie, \u00e0 l\u2019autre bout du spectre en mati\u00e8re d\u2019interactions corporelles&#8230; D\u2019ailleurs, la prox\u00e9mie, qu\u2019a conceptualis\u00e9 l\u2019anthropologue Edward Twitchell Hall dans les ann\u00e9es 60 et d\u00e9crit dans son livre \u00ab\u00a0La dimension cach\u00e9e\u00a0\u00bb que j\u2019ai d\u00fb lire il y a 20 ans, a assur\u00e9ment jou\u00e9 un r\u00f4le important dans la transmission du coronavirus au sein de territoires d\u00e9finis. Les experts en la mati\u00e8re se pencheront peut-\u00eatre dessus une fois la temp\u00eate pass\u00e9e.<\/p>\n<p style=\"text-align: justify;\">Ceci \u00e9tant dit, depuis une semaine donc, entre rencontres fortuites et heureuses dans la rue, rendez-vous arrang\u00e9s amicaux \u00e0 1 m\u00e8tre or so et montre en main, moments partag\u00e9s sur le palier chacun de son c\u00f4t\u00e9, \u00e9changes inattendus \u00e0 la cri\u00e9e entre balcon et ras du bitume, ma vie sociale au temps du corona \u2013 m\u00eame minut\u00e9e, \u00ab\u00a0p\u00e9rim\u00e9tr\u00e9e\u00a0\u00bb, surveill\u00e9e, distanci\u00e9e \u2013 ressemblerait presque \u00e0 quelque chose\u2026<\/p>\n<p style=\"text-align: justify;\">En d\u00e9pit de cela, il n\u2019en demeure pas moins que la froideur du b\u00e9ton me saute aux yeux comme jamais auparavant. J\u2019ai toujours aim\u00e9 la ville, l\u2019arpenter en long en large et en travers, les yeux en l\u2019air \u00e0 admirer les fa\u00e7ades, \u00e0 scruter les \u00e9difices en construction, mais l\u00e0, je ne vois que des murs, que des fronti\u00e8res, que des barri\u00e8res, que des obstacles. La ville m\u2019appara\u00eet si inhumaine que j\u2019ai presque du mal \u00e0 comprendre comment son \u00e9treinte a pu durer si longtemps.<\/p>\n<p style=\"text-align: justify;\">L\u00e0-bas \u2013 j\u2019ai eu maintes fois l\u2019occasion de le dire, de l\u2019\u00e9crire et je ne me priverai pas de me r\u00e9p\u00e9ter, car, d\u00e9sormais loin, je r\u00e9alise encore plus ma chance d\u2019avoir pu vivre cette immersion et \u00e0 quel point le timing est parfait \u2013, j&rsquo;ai eu la sensation d&rsquo;\u00eatre \u00e0 la fois intimement et concr\u00e8tement connect\u00e9e \u00e0 la Terre et au Cosmos, \u00e0 la montagne, aux oc\u00e9ans, aux profondeurs de la plan\u00e8te, aux for\u00eats, aux rivi\u00e8res et \u00e0 tous leurs habitants, aux \u00e9toiles, aux galaxies et au-del\u00e0&#8230; Cela demande un r\u00e9el effort de projection voire d&rsquo;imagination dans nos cit\u00e9s ultra-b\u00e9tonn\u00e9es o\u00f9 l\u2019on ne voit m\u00eame plus la terre, ni les \u00e9toiles, et parfois m\u00eame pas le ciel, o\u00f9 les arbres sont enferm\u00e9s, les fleuves dirig\u00e9s&#8230; Ce lien me para\u00eet pourtant essentiel, vital m\u00eame, notamment parce qu&rsquo;il nous relie \u00e0 quelque chose d&rsquo;incommensurable tout en invitant \u00e0 aimer notre plan\u00e8te. Et, aimer, id\u00e9alement, c\u2019est respecter. Je pense \u00e0 cette maxime \u00ab\u00a0loin des yeux, loin du c\u0153ur\u00a0\u00bb souvent associ\u00e9e aux personnes que l&rsquo;on finit par oublier ou d\u00e9saimer, faute de les voir&#8230; Et bien, elle est aussi vraie avec la Nature, int\u00e9rieure et ext\u00e9rieure, sur Terre et au-del\u00e0. N\u2019oublions pas de regarder et d&rsquo;aller voir au-del\u00e0 des cit\u00e9s de pierre pour nous rappeler qui nous sommes et qui sait, aller voir l\u00e0-bas si nous y sommes\u2026<\/p>\n<div id=\"iLikeThis-22025\" class=\"iLikeThis\"><span class=\"counter\"><a onclick=\"likeThis(22025);\" class=\"image\">2<\/a><\/span><\/div>\n<p><a href=\"http:\/\/www.facebook.com\/share.php?u=https%3A%2F%2Fwww.loucamino.com%2F%3Fp%3D22025&amp;t=Carnet%20de%20confinement%20en%20France%20Jour%207%20-%20De%20proche%20en%20proche\" id=\"facebook_share_both_22025\" style=\"font-size:11px; line-height:13px; font-family:'lucida grande',tahoma,verdana,arial,sans-serif; text-decoration:none; padding:2px 0 0 20px; height:16px; background:url(http:\/\/b.static.ak.fbcdn.net\/images\/share\/facebook_share_icon.gif) no-repeat top left;\">Share on Facebook<\/a><br \/>\n\t<script type=\"text\/javascript\">\n\t<!--\n\tvar button = document.getElementById('facebook_share_link_22025') || document.getElementById('facebook_share_icon_22025') || document.getElementById('facebook_share_both_22025') || document.getElementById('facebook_share_button_22025');\n\tif (button) {\n\t\tbutton.onclick = function(e) {\n\t\t\tvar url = this.href.replace(\/share\\.php\/, 'sharer.php');\n\t\t\twindow.open(url,'sharer','toolbar=0,status=0,width=626,height=436');\n\t\t\treturn false;\n\t\t}\n\t\n\t\tif (button.id === 'facebook_share_button_22025') {\n\t\t\tbutton.onmouseover = function(){\n\t\t\t\tthis.style.color='#fff';\n\t\t\t\tthis.style.borderColor = '#295582';\n\t\t\t\tthis.style.backgroundColor = '#3b5998';\n\t\t\t}\n\t\t\tbutton.onmouseout = function(){\n\t\t\t\tthis.style.color = '#3b5998';\n\t\t\t\tthis.style.borderColor = '#d8dfea';\n\t\t\t\tthis.style.backgroundColor = '#fff';\n\t\t\t}\n\t\t}\n\t}\n\t-->\n\t<\/script><\/p>\n","protected":false},"excerpt":{"rendered":"<p>Voil\u00e0 une semaine exactement que je suis rentr\u00e9e. Ou alors, voil\u00e0 une semaine exactement que j\u2019ai quitt\u00e9 la Nouvelle Z\u00e9lande. Le r\u00e9sultat est le m\u00eame, mais la nuance existe. Cela fait aussi bient\u00f4t 4 mois que je n\u2019ai pas vu, en vrai, en chair et en os, ma famille et mes amis. De retour de [&hellip;]<\/p>\n<a href=\"http:\/\/www.facebook.com\/share.php?u=https%3A%2F%2Fwww.loucamino.com%2F%3Fp%3D22025&amp;t=Carnet%20de%20confinement%20en%20France%20Jour%207%20-%20De%20proche%20en%20proche\" id=\"facebook_share_both_22025\" style=\"font-size:11px; line-height:13px; font-family:'lucida grande',tahoma,verdana,arial,sans-serif; text-decoration:none; padding:2px 0 0 20px; height:16px; background:url(http:\/\/b.static.ak.fbcdn.net\/images\/share\/facebook_share_icon.gif) no-repeat top left;\">Share on Facebook<\/a>\r\n\t<script type=\"text\/javascript\">\r\n\t<!--\r\n\tvar button = document.getElementById('facebook_share_link_22025') || document.getElementById('facebook_share_icon_22025') || document.getElementById('facebook_share_both_22025') || document.getElementById('facebook_share_button_22025');\r\n\tif (button) {\r\n\t\tbutton.onclick = function(e) {\r\n\t\t\tvar url = this.href.replace(\/share\\.php\/, 'sharer.php');\r\n\t\t\twindow.open(url,'sharer','toolbar=0,status=0,width=626,height=436');\r\n\t\t\treturn false;\r\n\t\t}\r\n\t\r\n\t\tif (button.id === 'facebook_share_button_22025') {\r\n\t\t\tbutton.onmouseover = function(){\r\n\t\t\t\tthis.style.color='#fff';\r\n\t\t\t\tthis.style.borderColor = '#295582';\r\n\t\t\t\tthis.style.backgroundColor = '#3b5998';\r\n\t\t\t}\r\n\t\t\tbutton.onmouseout = function(){\r\n\t\t\t\tthis.style.color = '#3b5998';\r\n\t\t\t\tthis.style.borderColor = '#d8dfea';\r\n\t\t\t\tthis.style.backgroundColor = '#fff';\r\n\t\t\t}\r\n\t\t}\r\n\t}\r\n\t-->\r\n\t<\/script>\r\n\t","protected":false},"author":1,"featured_media":0,"comment_status":"open","ping_status":"open","sticky":false,"template":"","format":"standard","meta":{"ngg_post_thumbnail":0},"categories":[1,4139],"tags":[4132,4129,4128,4131,483,337,574,4136],"_links":{"self":[{"href":"https:\/\/www.loucamino.com\/index.php?rest_route=\/wp\/v2\/posts\/22025"}],"collection":[{"href":"https:\/\/www.loucamino.com\/index.php?rest_route=\/wp\/v2\/posts"}],"about":[{"href":"https:\/\/www.loucamino.com\/index.php?rest_route=\/wp\/v2\/types\/post"}],"author":[{"embeddable":true,"href":"https:\/\/www.loucamino.com\/index.php?rest_route=\/wp\/v2\/users\/1"}],"replies":[{"embeddable":true,"href":"https:\/\/www.loucamino.com\/index.php?rest_route=%2Fwp%2Fv2%2Fcomments&post=22025"}],"version-history":[{"count":1,"href":"https:\/\/www.loucamino.com\/index.php?rest_route=\/wp\/v2\/posts\/22025\/revisions"}],"predecessor-version":[{"id":22027,"href":"https:\/\/www.loucamino.com\/index.php?rest_route=\/wp\/v2\/posts\/22025\/revisions\/22027"}],"wp:attachment":[{"href":"https:\/\/www.loucamino.com\/index.php?rest_route=%2Fwp%2Fv2%2Fmedia&parent=22025"}],"wp:term":[{"taxonomy":"category","embeddable":true,"href":"https:\/\/www.loucamino.com\/index.php?rest_route=%2Fwp%2Fv2%2Fcategories&post=22025"},{"taxonomy":"post_tag","embeddable":true,"href":"https:\/\/www.loucamino.com\/index.php?rest_route=%2Fwp%2Fv2%2Ftags&post=22025"}],"curies":[{"name":"wp","href":"https:\/\/api.w.org\/{rel}","templated":true}]}}