{"id":22022,"date":"2020-04-30T21:41:38","date_gmt":"2020-04-30T19:41:38","guid":{"rendered":"http:\/\/www.loucamino.com\/?p=22022"},"modified":"2020-05-01T20:55:30","modified_gmt":"2020-05-01T18:55:30","slug":"carnet-de-confinement-en-france-jour-7-cest-parti","status":"publish","type":"post","link":"https:\/\/www.loucamino.com\/?p=22022","title":{"rendered":"Carnet de confinement en France Jour 8 &#8211; C\u2019est parti\u00a0!\u00a0"},"content":{"rendered":"<ul class=\"wpsocialite social-buttons large\"><\/ul><p style=\"text-align: center;\"><a href=\"http:\/\/www.loucamino.com\/wp-content\/uploads\/2020\/04\/JCF7_DSC8711-72-site.jpg\"><img loading=\"lazy\" class=\"alignnone size-full wp-image-22023\" src=\"http:\/\/www.loucamino.com\/wp-content\/uploads\/2020\/04\/JCF7_DSC8711-72-site.jpg\" alt=\"JCF7_DSC8711-72-site\" width=\"550\" height=\"367\" srcset=\"https:\/\/www.loucamino.com\/wp-content\/uploads\/2020\/04\/JCF7_DSC8711-72-site.jpg 550w, https:\/\/www.loucamino.com\/wp-content\/uploads\/2020\/04\/JCF7_DSC8711-72-site-300x200.jpg 300w\" sizes=\"(max-width: 550px) 100vw, 550px\" \/><\/a><\/p>\n<p style=\"text-align: justify;\">L\u2019autre jour, en faisant la queue pour entrer au New World, \u00e0 Wellington donc (j\u2019ai presque d\u00e9j\u00e0 l\u2019impression que c\u2019\u00e9tait dans une vie ant\u00e9rieure), connect\u00e9e au wifi ouvert du centre ville, j\u2019ai d\u00e9couvert cette citation d\u2019Osho Rajneesh sur la page FB \u00ab\u00a0Psychologie Jungienne\u00a0\u00bb \u00e0 laquelle je ne suis pas abonn\u00e9e mais dont certains de mes contacts relaient par moment les posts compos\u00e9s par je ne sais qui d\u2019ailleurs\u00a0: \u00ab\u00a0Un rebelle est celui qui ne r\u00e9agit pas contre la soci\u00e9t\u00e9. Il observe et comprend tout le man\u00e8ge et il d\u00e9cide simplement de ne pas en faire partie. Il n&rsquo;est pas contre la soci\u00e9t\u00e9, il est plut\u00f4t indiff\u00e9rent \u00e0 ce qui s&rsquo;y passe. C&rsquo;est la beaut\u00e9 de la r\u00e9bellion : la libert\u00e9. Le r\u00e9volutionnaire n&rsquo;est pas libre. Il est constamment en train de se battre, de lutter avec quelque chose. Comment pourrait-il donc \u00eatre libre ?\u00a0\u00bb.<\/p>\n<p style=\"text-align: justify;\">D\u2019abord, v\u00e9rifier ses sources. Les citations apocryphes sont l\u00e9gions et je ne sais exactement ce qu\u2019il en est de celle-ci. Par exemple, Galil\u00e9e n\u2019aurait jamais dit\u00a0: \u00ab\u00a0Et pourtant, elle tourne\u00a0!\u00a0\u00bb, Malraux n\u2019a jamais annonc\u00e9 que \u00ab\u00a0le XXIe si\u00e8cle sera spirituel ou ne sera pas\u00a0\u00bb, Marie-Antoinette ne s\u2019est jamais exclam\u00e9e \u00ab\u00a0Qu\u2019ils mangent de la brioche\u00a0!\u00a0\u00bb, ni Schopenhaeur que \u00ab\u00a0la femme est un animal \u00e0 cheveux longs et id\u00e9es courtes\u00a0\u00bb\u2026 Figurez-vous qu\u2019Andy Warhol n\u2019aurait m\u00eame jamais prononc\u00e9 sa phrase pourtant la plus c\u00e9l\u00e8bre\u00a0: \u00ab\u00a0Dans le futur, chacun aura droit \u00e0 15 minutes de c\u00e9l\u00e9brit\u00e9 mondiale\u00a0\u00bb. C\u2019est terrible, non, d\u2019\u00eatre c\u00e9l\u00e9br\u00e9 pour une phrase dont on n\u2019est m\u00eame pas l\u2019auteur. Pire, Sherlock Holmes ne s\u2019est jamais adress\u00e9 \u00e0 son ami par un \u00ab\u00a0El\u00e9mentaire mon cher Watson\u00a0!\u00a0\u00bb\u2026 Que dire \u00e9galement de Lavoisier \u00e0 qui l\u2019on pr\u00eate, faussement donc puisque tel est l\u2019objet de ce paragraphe, cette phrase que j\u2019ai moi-m\u00eame colport\u00e9e sans savoir\u00a0: \u00ab\u00a0Rien ne se perd, rien ne se cr\u00e9e, tout se transforme\u00a0\u00bb\u00a0? Et une derni\u00e8re, suppos\u00e9e de Darwin, mais non\u00a0: \u00ab\u00a0Les esp\u00e8ces qui survivent ne sont pas les esp\u00e8ces les plus fortes, ni les plus intelligentes, mais celles qui s&rsquo;adaptent le mieux aux changements\u00a0\u00bb alors que selon un sp\u00e9cialiste de l\u2019auteur de \u00ab\u00a0L\u2019origine des esp\u00e8ces\u00a0\u00bb, il privil\u00e9giait plut\u00f4t la chance \u2013 encore un dr\u00f4le de concept que celle-ci, du m\u00eame acabit que la question \u00ab\u00a0le hasard existe-t-il\u00a0?\u00a0\u00bb \u00e0 laquelle elle est d\u2019ailleurs intimement li\u00e9e \u2013 et le fait de disposer d\u00e9j\u00e0 des \u00ab\u00a0bonnes caract\u00e9ristiques physiques pour les transmettre \u00e0 la g\u00e9n\u00e9ration suivante\u00a0\u00bb. C\u2019est tout de m\u00eame bien diff\u00e9rent&#8230; C\u2019est fou comme le temps et ceux qui l\u2019habitent distordent les faits. C\u2019est fou comme l\u2019Histoire peut \u00eatre subjective et relative quand on la pense na\u00efvement objective et absolue.<\/p>\n<p style=\"text-align: justify;\">Je reviens cependant \u00e0 ma citation liminaire. La suite, s\u2019int\u00e9resser un minimum \u00e0 leur auteur \u2013 j\u2019apprends donc que le sieur en question, dont le nom n\u2019est pas exactement celui-l\u00e0, a eu un parcours plut\u00f4t controvers\u00e9\u2026 Me faut-il de fait s\u00e9parer le penseur de l\u2019homme\u00a0? Ce n\u2019est pas dr\u00f4le. Je me contenterai donc d\u2019explorer le contenu. Je me suis arr\u00eat\u00e9e sur ce raisonnement pour au moins deux raisons. La premi\u00e8re est totalement conjoncturelle, la seconde enti\u00e8rement personnelle et\/ou identitaire. Commen\u00e7ons par celle-ci. Je ne me d\u00e9finis pas comme \u00e9tant une personne engag\u00e9e. Et par engag\u00e9e, j\u2019entends politiquement et\/ou socialement \u2013 je sais qu\u2019il rev\u00eat une forme bien plus large que cela et que ma vie n\u2019est pas d\u00e9pourvue d\u2019engagements. De fait, je n\u2019ai commenc\u00e9 \u00e0 voter que tardivement \u2013 parce que je pensais que le pouvoir pervertissait tous les id\u00e9aux\u2026 ce serait faux d\u2019affirmer que je ne le crois plus, mais je vote, plus pour \u00e9viter ce que j\u2019estime \u00eatre le pire que parce que j\u2019y vois une porte d\u2019acc\u00e8s au meilleur. Dans le m\u00eame esprit, j\u2019ai rarement particip\u00e9 \u00e0 des manifestations, quand bien m\u00eame j\u2019en partageais les revendications. Pour compenser ou comprendre, je ne sais pas vraiment mais cela n\u2019a jamais \u00e9t\u00e9 calcul\u00e9, j\u2019ai remarqu\u00e9 qu\u2019au fil du temps, je m\u2019\u00e9tais naturellement entour\u00e9e de personnes qui, \u00e0 mes yeux, incarnaient cet engagement social et politique me faisant a priori d\u00e9faut. Et je les admire sinc\u00e8rement pour cela, pour leurs col\u00e8res, leurs luttes, leurs exasp\u00e9rations, leurs \u00ab\u00a0tu te rends compte, on ne peut pas laisser faire \u00e7a\u00a0!\u00a0\u00bb, leurs indignations, leurs banderoles, chants, cris, danses et poings lev\u00e9s, pour toutes ces fa\u00e7ons qu\u2019elles ont de proclamer qu\u2019elles ne sont pas d\u2019accord avec ce que l\u2019\u00ab\u00a0on\u00a0\u00bb veut leur faire avaler&#8230; J\u2019\u00e9cris \u00ab\u00a0on\u00a0\u00bb mais c\u2019est \u00ab\u00a0nous\u00a0\u00bb en fait. Je les admire et je les trouve magnifiques, justes et l\u00e9gitimes dans leurs combats. Et ces derniers mois, voire ces derni\u00e8res ann\u00e9es, il me semble que les raisons de se rebeller \u2013 pas au sens d\u2019Osho donc \u2013 contre l\u2019ordre \u00e9tabli n\u2019ont pas manqu\u00e9. Elles se sont m\u00eame multipli\u00e9es. Mais pourquoi donc suis-je partie dans cette direction aujourd\u2019hui\u00a0? Bref\u2026 Toujours est-il que ce pseudo ou faux d\u00e9tachement de ma part \u00e0 l\u2019\u00e9gard d\u2019une certaine manifestation de la r\u00e9alit\u00e9 \u2013 disons, la plus concr\u00e8te, celle qui agit le plus directement sur notre quotidien \u2013 m\u2019a longtemps fait culpabiliser et m\u2019interroger. J\u2019ai finalement r\u00e9ussi \u00e0 me d\u00e9faire de ce sentiment \u2013 ce qui n\u2019est pas une mince affaire \u2013 car je comprends aujourd\u2019hui \u00e0 quel point chacun est sur son chemin. Que ce chemin-l\u00e0 n\u2019est pas le mien. Et que le mien est parfait. Parfait ne veut pas dire qu\u2019il est sans d\u00e9faut et sans reproche, qu\u2019il ne pourrait rien y avoir de meilleur. Non, il est parfait parce que c\u2019est le mien.<\/p>\n<p style=\"text-align: justify;\">Je ne sais pas encore tout \u00e0 fait ce que je construis \u2013 j\u2019esp\u00e8re transmettre et partager du beau, des \u00e9tincelles dans les yeux, des sourires sur les l\u00e8vres, ma passion en toutes choses, de la joie, mais aussi de la l\u00e9g\u00e8ret\u00e9, peut-\u00eatre un peu d\u2019espoir et de lumi\u00e8re quand certains ne voient plus que des ombres, ou encore des pistes de r\u00e9flexion, l\u2019envie d\u2019y croire ou de voir les choses autrement\u00a0; plus que tout, un amour de la vie et des autres\u2026 Ce serait d\u00e9j\u00e0 beaucoup. Mais je sais que je ne m\u2019oppose pas \u00e0 la soci\u00e9t\u00e9. La soci\u00e9t\u00e9 est ce qu\u2019elle est. Elle aussi est sur son chemin, \u00e0 une \u00e9chelle macroscopique. Ce n\u2019est pas simple d\u2019\u00e9crire cette phrase en ayant conscience de tout ce qui est bancal et inacceptable sur cette plan\u00e8te. Enfin, ce n\u2019est pas \u00ab\u00a0sur cette plan\u00e8te\u00a0\u00bb car on pourrait croire qu\u2019elle est fautive alors qu\u2019elle est simplement l\u2019h\u00f4te de nos ignominies.<\/p>\n<p style=\"text-align: justify;\">Je me reconnais donc dans cette propension \u00e0 observer de loin, \u00e0 essayer de comprendre ce qui motive telle ou telle action, \u00e0 d\u00e9cider de la laisser vivre sa vie sans m\u2019en offusquer, et \u00e0 continuer \u00e0 chercher le beau, le pur, l\u2019harmonie sans me laisser polluer par un certain visage de la r\u00e9alit\u00e9. Car, comme je l\u2019\u00e9crivais pr\u00e9c\u00e9demment, elle n\u2019est pas unique. Elles sont des milliards \u00e0 coexister. Aucune r\u00e9alit\u00e9 n\u2019est objective m\u00eame s\u2019il nous est essentiel de nous entendre sur certains \u00e9l\u00e9ments pour communiquer et nous comprendre. Et j\u2019ai la candeur de croire que chacun a le pouvoir de d\u00e9cider, non sans effort certes, voire douleur, la r\u00e9alit\u00e9 dans laquelle il souhaite \u00e9voluer.<\/p>\n<p style=\"text-align: justify;\">A l\u2019heure o\u00f9 l\u2019Apr\u00e8s se pr\u00e9pare en th\u00e9orie \u2013 car nous sommes toujours limit\u00e9s dans nos mouvements et que la concr\u00e9tisation de nos vell\u00e9it\u00e9s de changement se heurtent, pour l\u2019heure, \u00e0 la r\u00e9alit\u00e9 du confinement \u2013, ma priorit\u00e9 ne sera donc pas, lorsque les portes seront rouvertes, de me battre contre le r\u00e9gime en place. Ce ne sera pas de l\u2019indiff\u00e9rence pour autant, bien au contraire. De mon strict point de vue, qui n\u2019est en aucun cas un jugement, j\u2019aurais le sentiment de m\u2019\u00e9puiser en vain \u00e0 lutter contre un syst\u00e8me d\u00e9pass\u00e9 et du pass\u00e9. Et donc de grignoter inutilement une \u00e9nergie positive que je pr\u00e9f\u00e8re d\u00e9dier \u00e0 des actions sur lesquelles j\u2019ai la main et comme je l\u2019\u00e9crivais pr\u00e9c\u00e9demment \u00e9galement, dont la r\u00e9ussite ne d\u00e9pend pas de tiers aux r\u00e8gles illogiques, incoh\u00e9rentes, contradictoires, injustes mais presque que de moi, ou plut\u00f4t d\u2019un groupe, m\u00eame petit au d\u00e9but, de personnes partageant les m\u00eames valeurs, les m\u00eames envies, les m\u00eames id\u00e9aux, les m\u00eames r\u00eaves, et cheminant vers eux en (se faisant) confiance\u2026 Nous avons les moyens d&rsquo;\u00e9crire le futur que nous souhaitons. Le croire, c&rsquo;est d\u00e9j\u00e0 le faire exister. Alors, nous serons libres. Et peut-\u00eatre m\u00eame, des rebelles\u2026<\/p>\n<div id=\"iLikeThis-22022\" class=\"iLikeThis\"><span class=\"counter\"><a onclick=\"likeThis(22022);\" class=\"image\">4<\/a><\/span><\/div>\n<p><a href=\"http:\/\/www.facebook.com\/share.php?u=https%3A%2F%2Fwww.loucamino.com%2F%3Fp%3D22022&amp;t=Carnet%20de%20confinement%20en%20France%20Jour%208%20-%20C%E2%80%99est%20parti%C2%A0%21%C2%A0\" id=\"facebook_share_both_22022\" style=\"font-size:11px; line-height:13px; font-family:'lucida grande',tahoma,verdana,arial,sans-serif; text-decoration:none; padding:2px 0 0 20px; height:16px; background:url(http:\/\/b.static.ak.fbcdn.net\/images\/share\/facebook_share_icon.gif) no-repeat top left;\">Share on Facebook<\/a><br \/>\n\t<script type=\"text\/javascript\">\n\t<!--\n\tvar button = document.getElementById('facebook_share_link_22022') || document.getElementById('facebook_share_icon_22022') || document.getElementById('facebook_share_both_22022') || document.getElementById('facebook_share_button_22022');\n\tif (button) {\n\t\tbutton.onclick = function(e) {\n\t\t\tvar url = this.href.replace(\/share\\.php\/, 'sharer.php');\n\t\t\twindow.open(url,'sharer','toolbar=0,status=0,width=626,height=436');\n\t\t\treturn false;\n\t\t}\n\t\n\t\tif (button.id === 'facebook_share_button_22022') {\n\t\t\tbutton.onmouseover = function(){\n\t\t\t\tthis.style.color='#fff';\n\t\t\t\tthis.style.borderColor = '#295582';\n\t\t\t\tthis.style.backgroundColor = '#3b5998';\n\t\t\t}\n\t\t\tbutton.onmouseout = function(){\n\t\t\t\tthis.style.color = '#3b5998';\n\t\t\t\tthis.style.borderColor = '#d8dfea';\n\t\t\t\tthis.style.backgroundColor = '#fff';\n\t\t\t}\n\t\t}\n\t}\n\t-->\n\t<\/script><\/p>\n","protected":false},"excerpt":{"rendered":"<p>L\u2019autre jour, en faisant la queue pour entrer au New World, \u00e0 Wellington donc (j\u2019ai presque d\u00e9j\u00e0 l\u2019impression que c\u2019\u00e9tait dans une vie ant\u00e9rieure), connect\u00e9e au wifi ouvert du centre ville, j\u2019ai d\u00e9couvert cette citation d\u2019Osho Rajneesh sur la page FB \u00ab\u00a0Psychologie Jungienne\u00a0\u00bb \u00e0 laquelle je ne suis pas abonn\u00e9e mais dont certains de mes [&hellip;]<\/p>\n<a href=\"http:\/\/www.facebook.com\/share.php?u=https%3A%2F%2Fwww.loucamino.com%2F%3Fp%3D22022&amp;t=Carnet%20de%20confinement%20en%20France%20Jour%208%20-%20C%E2%80%99est%20parti%C2%A0%21%C2%A0\" id=\"facebook_share_both_22022\" style=\"font-size:11px; line-height:13px; font-family:'lucida grande',tahoma,verdana,arial,sans-serif; text-decoration:none; padding:2px 0 0 20px; height:16px; background:url(http:\/\/b.static.ak.fbcdn.net\/images\/share\/facebook_share_icon.gif) no-repeat top left;\">Share on Facebook<\/a>\r\n\t<script type=\"text\/javascript\">\r\n\t<!--\r\n\tvar button = document.getElementById('facebook_share_link_22022') || document.getElementById('facebook_share_icon_22022') || document.getElementById('facebook_share_both_22022') || document.getElementById('facebook_share_button_22022');\r\n\tif (button) {\r\n\t\tbutton.onclick = function(e) {\r\n\t\t\tvar url = this.href.replace(\/share\\.php\/, 'sharer.php');\r\n\t\t\twindow.open(url,'sharer','toolbar=0,status=0,width=626,height=436');\r\n\t\t\treturn false;\r\n\t\t}\r\n\t\r\n\t\tif (button.id === 'facebook_share_button_22022') {\r\n\t\t\tbutton.onmouseover = function(){\r\n\t\t\t\tthis.style.color='#fff';\r\n\t\t\t\tthis.style.borderColor = '#295582';\r\n\t\t\t\tthis.style.backgroundColor = '#3b5998';\r\n\t\t\t}\r\n\t\t\tbutton.onmouseout = function(){\r\n\t\t\t\tthis.style.color = '#3b5998';\r\n\t\t\t\tthis.style.borderColor = '#d8dfea';\r\n\t\t\t\tthis.style.backgroundColor = '#fff';\r\n\t\t\t}\r\n\t\t}\r\n\t}\r\n\t-->\r\n\t<\/script>\r\n\t","protected":false},"author":1,"featured_media":0,"comment_status":"open","ping_status":"open","sticky":false,"template":"","format":"standard","meta":{"ngg_post_thumbnail":0},"categories":[1,4139],"tags":[1273,1402,4132,4129,4128,4174,4175,4130,4131,4136,4137],"_links":{"self":[{"href":"https:\/\/www.loucamino.com\/index.php?rest_route=\/wp\/v2\/posts\/22022"}],"collection":[{"href":"https:\/\/www.loucamino.com\/index.php?rest_route=\/wp\/v2\/posts"}],"about":[{"href":"https:\/\/www.loucamino.com\/index.php?rest_route=\/wp\/v2\/types\/post"}],"author":[{"embeddable":true,"href":"https:\/\/www.loucamino.com\/index.php?rest_route=\/wp\/v2\/users\/1"}],"replies":[{"embeddable":true,"href":"https:\/\/www.loucamino.com\/index.php?rest_route=%2Fwp%2Fv2%2Fcomments&post=22022"}],"version-history":[{"count":2,"href":"https:\/\/www.loucamino.com\/index.php?rest_route=\/wp\/v2\/posts\/22022\/revisions"}],"predecessor-version":[{"id":22031,"href":"https:\/\/www.loucamino.com\/index.php?rest_route=\/wp\/v2\/posts\/22022\/revisions\/22031"}],"wp:attachment":[{"href":"https:\/\/www.loucamino.com\/index.php?rest_route=%2Fwp%2Fv2%2Fmedia&parent=22022"}],"wp:term":[{"taxonomy":"category","embeddable":true,"href":"https:\/\/www.loucamino.com\/index.php?rest_route=%2Fwp%2Fv2%2Fcategories&post=22022"},{"taxonomy":"post_tag","embeddable":true,"href":"https:\/\/www.loucamino.com\/index.php?rest_route=%2Fwp%2Fv2%2Ftags&post=22022"}],"curies":[{"name":"wp","href":"https:\/\/api.w.org\/{rel}","templated":true}]}}