{"id":22016,"date":"2020-04-27T19:33:45","date_gmt":"2020-04-27T17:33:45","guid":{"rendered":"http:\/\/www.loucamino.com\/?p=22016"},"modified":"2020-04-27T19:33:45","modified_gmt":"2020-04-27T17:33:45","slug":"carnet-de-confinement-en-france-jour-5-les-bonnes-resolutions","status":"publish","type":"post","link":"https:\/\/www.loucamino.com\/?p=22016","title":{"rendered":"Carnet de confinement en France Jour 5 &#8211; Les bonnes r\u00e9solutions"},"content":{"rendered":"<ul class=\"wpsocialite social-buttons large\"><\/ul><p><a href=\"http:\/\/www.loucamino.com\/wp-content\/uploads\/2020\/04\/JCF5_DSC9505-72-site.jpg\"><img loading=\"lazy\" class=\"size-full wp-image-22017 aligncenter\" src=\"http:\/\/www.loucamino.com\/wp-content\/uploads\/2020\/04\/JCF5_DSC9505-72-site.jpg\" alt=\"JCF5_DSC9505-72-site\" width=\"550\" height=\"367\" srcset=\"https:\/\/www.loucamino.com\/wp-content\/uploads\/2020\/04\/JCF5_DSC9505-72-site.jpg 550w, https:\/\/www.loucamino.com\/wp-content\/uploads\/2020\/04\/JCF5_DSC9505-72-site-300x200.jpg 300w\" sizes=\"(max-width: 550px) 100vw, 550px\" \/><\/a><\/p>\n<p style=\"text-align: justify;\">Dans les dystopies ou films (post-)apocalyptiques, la m\u00e9t\u00e9o est toujours ex\u00e9crable. Pas l\u00e0. Deux possibilit\u00e9s\u00a0: soit tout va vite s\u2019arranger \u2013 j\u2019ai annonc\u00e9 le contraire hier \u2013, soit les auteurs de ces histoires ont un peu trop forc\u00e9 le trait \u2013 qu\u2019il fasse grand beau alors que le monde vacille serait pourtant particuli\u00e8rement cruel, cynique et contre-intuitif. Imaginez un film comme <em>Blade Runner<\/em>en plein soleil, Rick Deckard et Roy Batty sans cette pluie continue et magnifique qui leur tombe dessus comme le poids de tous les malheurs du monde, cela ne ressemblerait strictement \u00e0 rien\u00a0! Et Vangelis devrait revoir sa partition\u00a0! Ceci dit, ce que nous vivons n\u2019est ni une dystopie ni un film hollywoodien, c\u2019est la r\u00e9alit\u00e9.<\/p>\n<p style=\"text-align: justify;\">Enfin, une certaine r\u00e9alit\u00e9. Car la r\u00e9alit\u00e9, c\u2019est un peu comme les tirages en photographie, il en existe une infinit\u00e9 m\u00eame si nous partageons le m\u00eame fait (le n\u00e9gatif, si je poursuis la comparaison avec le m\u00e9dium, qui, dans le cas pr\u00e9sent, est incarn\u00e9 par le virus\u2026). Ma r\u00e9alit\u00e9 n\u2019a en effet rien \u00e0 voir avec celle de mes voisins du premier qui doivent g\u00e9rer leurs jeunes enfants et t\u00e9l\u00e9travailler, ou de ces familles de Seine Saint Denis qui n\u2019ont plus de quoi se nourrir, ou encore de ces amis en Ard\u00e8che qui cultivent paisiblement leur jardin, ou de celle-ci qui a compris a posteriori qu\u2019elle avait \u00e9t\u00e9 infect\u00e9e, ou de ces femmes victimes de violences conjugales encore plus fragilis\u00e9es par le confinement, ou de cette amie coinc\u00e9e au P\u00e9rou alors qu\u2019il n\u2019y a plus d\u2019avion, ou de cette autre amie travaillant en ehpad en province, ou de celle-ci dont le mari est plong\u00e9 dans le coma depuis 30 jours, ou de cet ami \u00e0 Ta\u00efwan qui n\u2019est pas confin\u00e9, ou encore de ma s\u0153ur qui a d\u00fb fermer son tout jeune B&amp;B en Ecosse pour une dur\u00e9e ind\u00e9termin\u00e9e avant m\u00eame que la saison touristique ne commence (je vous donnerai l\u2019adresse en temps utile si vous cherchez un petit coin de paradis pas trop loin), o\u00f9 de cette autre amie dont le mari, \u00e9tranger et en voyage dans sa famille au moment o\u00f9 les fronti\u00e8res ont \u00e9t\u00e9 pr\u00e9cipitamment ferm\u00e9es, ne peut pas rentrer car il n\u2019est pas fran\u00e7ais, ou encore de celle ci qui, avec son association, a cousu 8000 masques en 34 jours\u2026 Face au m\u00eame \u00e9v\u00e9nement, nous vivons tous les choses diff\u00e9remment. Comme d\u2019habitude. Le m\u00eame fait aura fait trembler des familles, cr\u00e9\u00e9 des vocations, r\u00e9v\u00e9l\u00e9 des personnalit\u00e9s, g\u00e9n\u00e9r\u00e9 l\u2019effroi, prolong\u00e9 des vacances, s\u00e9par\u00e9 des \u00eatres chers, g\u00e9n\u00e9r\u00e9 des drames, et parfois, il n\u2019aura rien bouscul\u00e9 du tout ou si peu.<\/p>\n<p style=\"text-align: justify;\">Concr\u00e8tement, depuis que j\u2019ai repos\u00e9 les pieds sur le sol fran\u00e7ais, il y a un peu moins d\u2019une semaine, j\u2019ai l\u2019impression d\u2019\u00eatre \u00e0 Paris en plein mois d\u2019ao\u00fbt, allez juillet, plut\u00f4t qu\u2019en confinement pour cause de pand\u00e9mie globalis\u00e9e, alors qu\u2019il serait l\u2019un des plus stricts au monde. Je peux m\u00eame affirmer que je me sentais plus confin\u00e9e \u00e0 Wellington qu\u2019ici alors que je pouvais me promener plus librement.<\/p>\n<p style=\"text-align: justify;\">Les fen\u00eatres de mon appartement sont ouvertes. Moi qui pensais \u00eatre au calme jusqu\u2019au 11 mai, j\u2019entends la ville s\u2019agiter comme avant, la sir\u00e8ne d\u2019une voiture de police, le bus qui red\u00e9marre apr\u00e8s avoir marqu\u00e9 son arr\u00eat, le 15 tonnes qui freine au feu en couinant, les voitures qui circulent en continu, les motos qui acc\u00e9l\u00e8rent, le camion qui nettoie le trottoir&#8230; J\u2019entends une scie circulaire, des coups de marteau. Un homme aussi qui tousse et se racle la gorge si fort que je me dis qu\u2019il le fait expr\u00e8s. Qu\u2019en des temps anciens, je n\u2019y aurais peut-\u00eatre pas pr\u00eat\u00e9 attention. D\u2019ailleurs, d\u00e8s que j\u2019entends une personne tousser plus d\u2019une fois, et pas \u00e9ternuer, ma pens\u00e9e d\u00e9rive et je m\u2019interroge. Pourtant, je ne suis pas angoiss\u00e9e. Un autre crie \u00ab\u00a0enc.. de ta\u2026\u00a0\u00bb \u2013 non, je ne peux m\u00eame pas l\u2019\u00e9crire, c\u2019est trop vulgaire \u2013 probablement pour une priorit\u00e9 refus\u00e9e ou un clignotant oubli\u00e9. Enfin, un de ces trucs importants, vous voyez.<\/p>\n<p style=\"text-align: justify;\">Je suis sortie chaque jour faire une heure (et quelque) de promenade, me tenant ma propre laisse pour n\u2019aller ni trop vite ni trop loin, arpentant les rues de mon quartier comme s\u2019il y avait quelque tr\u00e9sor \u00e0 y d\u00e9couvrir. Certes, certains portent des masques et\/ou des gants. Et il faut parfois faire la queue pour entrer dans certains magasins mais il y a aussi beaucoup de monde dans les rues \u2013 plus que je ne me le figurais, m\u00eame si j\u2019ai bien conscience que c\u2019est math\u00e9matique, compte tenu de la densit\u00e9 de population en r\u00e9gion parisienne \u2013\u00a0; beaucoup d\u2019enfants qui jouent ensemble autour du kiosque \u00e0 musique\u00a0; beaucoup de personnes regroup\u00e9es sans, a priori, partager la m\u00eame bubble&#8230; C\u2019est assez \u00e9tonnant, un peu d\u00e9concertant aussi. Enfin, je ne m\u2019imaginais pas le confinement ainsi. Je suis \u00e0 la fois rassur\u00e9e et perplexe. Il souffle quelque chose de tr\u00e8s futile sur un moment qui me semble tout de m\u00eame emprunt d\u2019une certaine gravit\u00e9.<\/p>\n<p style=\"text-align: justify;\">Et puis, je commence aussi \u00e0 avoir la sensation d\u2019\u00eatre un 31 d\u00e9cembre ou \u00e0 la fin de vacances pendant lesquelles j\u2019aurais eu un mode de vie diff\u00e9rent. Vous savez, ces moments particuliers o\u00f9 nous sommes tent\u00e9s de prendre de nouvelles r\u00e9solutions pour la suite. Sauf qu\u2019il ne s\u2019agit pas de passer \u00e0 2021 avec 8 mois d\u2019avance, mais de se projeter sur une apr\u00e8s pand\u00e9mie. Ce n\u2019est pas comme s\u2019il en survenait tous les ans\u2026 \u00ab\u00a0Je vais s\u00fbrement d\u00e9missionner\u00a0\u00bb, \u00ab\u00a0j\u2019ai d\u00e9cid\u00e9 de devenir v\u00e9g\u00e9tarien\u00a0\u00bb, \u00ab\u00a0je veux m\u2019occuper de mes enfants \u00e0 temps plein\u00a0\u00bb, \u00ab\u00a0j\u2019ai d\u00e9cid\u00e9 de prendre ma part de charge mentale\u00a0\u00bb, \u00ab\u00a0nous allons s\u00fbrement quitter la ville pour vivre dans un lieu autog\u00e9r\u00e9\u00a0\u00bb, \u00ab\u00a0je suis pr\u00eate \u00e0 quitter mon m\u00e9tier-passion pour aller vivre \u00e0 la campagne\u00a0\u00bb peut-on ainsi lire dans un article r\u00e9cent de France Info (1). Je me reconnais dans deux moiti\u00e9s de ces r\u00e9solutions, que j\u2019inscris noir sur blanc ici pour ne pas l\u2019oublier et en faire une sorte d\u2019engagement\u00a0: \u00ab\u00a0nous allons s\u00fbrement quitter la ville pour aller vivre \u00e0 la campagne\u00a0\u00bb. Et vous, avez-vous pens\u00e9 \u00e0 changer quelque chose dans votre vie prochaine\u00a0?<\/p>\n<p>(1)\u00a0<a href=\"https:\/\/www.francetvinfo.fr\/sante\/maladie\/coronavirus\/etapres-demenager-demissionner-changer-d-alimentation-vous-nous-avez-raconte-vos-envies-de-changement-apres-la-crise-du-coronavirus_3928675.html\">https:\/\/www.francetvinfo.fr\/sante\/maladie\/coronavirus\/etapres-demenager-demissionner-changer-d-alimentation-vous-nous-avez-raconte-vos-envies-de-changement-apres-la-crise-du-coronavirus_3928675.html<\/a><\/p>\n<div id=\"iLikeThis-22016\" class=\"iLikeThis\"><span class=\"counter\"><a onclick=\"likeThis(22016);\" class=\"image\">3<\/a><\/span><\/div>\n<p><a href=\"http:\/\/www.facebook.com\/share.php?u=https%3A%2F%2Fwww.loucamino.com%2F%3Fp%3D22016&amp;t=Carnet%20de%20confinement%20en%20France%20Jour%205%20-%20Les%20bonnes%20r%C3%A9solutions\" id=\"facebook_share_both_22016\" style=\"font-size:11px; line-height:13px; font-family:'lucida grande',tahoma,verdana,arial,sans-serif; text-decoration:none; padding:2px 0 0 20px; height:16px; background:url(http:\/\/b.static.ak.fbcdn.net\/images\/share\/facebook_share_icon.gif) no-repeat top left;\">Share on Facebook<\/a><br \/>\n\t<script type=\"text\/javascript\">\n\t<!--\n\tvar button = document.getElementById('facebook_share_link_22016') || document.getElementById('facebook_share_icon_22016') || document.getElementById('facebook_share_both_22016') || document.getElementById('facebook_share_button_22016');\n\tif (button) {\n\t\tbutton.onclick = function(e) {\n\t\t\tvar url = this.href.replace(\/share\\.php\/, 'sharer.php');\n\t\t\twindow.open(url,'sharer','toolbar=0,status=0,width=626,height=436');\n\t\t\treturn false;\n\t\t}\n\t\n\t\tif (button.id === 'facebook_share_button_22016') {\n\t\t\tbutton.onmouseover = function(){\n\t\t\t\tthis.style.color='#fff';\n\t\t\t\tthis.style.borderColor = '#295582';\n\t\t\t\tthis.style.backgroundColor = '#3b5998';\n\t\t\t}\n\t\t\tbutton.onmouseout = function(){\n\t\t\t\tthis.style.color = '#3b5998';\n\t\t\t\tthis.style.borderColor = '#d8dfea';\n\t\t\t\tthis.style.backgroundColor = '#fff';\n\t\t\t}\n\t\t}\n\t}\n\t-->\n\t<\/script><\/p>\n","protected":false},"excerpt":{"rendered":"<p>Dans les dystopies ou films (post-)apocalyptiques, la m\u00e9t\u00e9o est toujours ex\u00e9crable. Pas l\u00e0. Deux possibilit\u00e9s\u00a0: soit tout va vite s\u2019arranger \u2013 j\u2019ai annonc\u00e9 le contraire hier \u2013, soit les auteurs de ces histoires ont un peu trop forc\u00e9 le trait \u2013 qu\u2019il fasse grand beau alors que le monde vacille serait pourtant particuli\u00e8rement cruel, cynique [&hellip;]<\/p>\n<a href=\"http:\/\/www.facebook.com\/share.php?u=https%3A%2F%2Fwww.loucamino.com%2F%3Fp%3D22016&amp;t=Carnet%20de%20confinement%20en%20France%20Jour%205%20-%20Les%20bonnes%20r%C3%A9solutions\" id=\"facebook_share_both_22016\" style=\"font-size:11px; line-height:13px; font-family:'lucida grande',tahoma,verdana,arial,sans-serif; text-decoration:none; padding:2px 0 0 20px; height:16px; background:url(http:\/\/b.static.ak.fbcdn.net\/images\/share\/facebook_share_icon.gif) no-repeat top left;\">Share on Facebook<\/a>\r\n\t<script type=\"text\/javascript\">\r\n\t<!--\r\n\tvar button = document.getElementById('facebook_share_link_22016') || document.getElementById('facebook_share_icon_22016') || document.getElementById('facebook_share_both_22016') || document.getElementById('facebook_share_button_22016');\r\n\tif (button) {\r\n\t\tbutton.onclick = function(e) {\r\n\t\t\tvar url = this.href.replace(\/share\\.php\/, 'sharer.php');\r\n\t\t\twindow.open(url,'sharer','toolbar=0,status=0,width=626,height=436');\r\n\t\t\treturn false;\r\n\t\t}\r\n\t\r\n\t\tif (button.id === 'facebook_share_button_22016') {\r\n\t\t\tbutton.onmouseover = function(){\r\n\t\t\t\tthis.style.color='#fff';\r\n\t\t\t\tthis.style.borderColor = '#295582';\r\n\t\t\t\tthis.style.backgroundColor = '#3b5998';\r\n\t\t\t}\r\n\t\t\tbutton.onmouseout = function(){\r\n\t\t\t\tthis.style.color = '#3b5998';\r\n\t\t\t\tthis.style.borderColor = '#d8dfea';\r\n\t\t\t\tthis.style.backgroundColor = '#fff';\r\n\t\t\t}\r\n\t\t}\r\n\t}\r\n\t-->\r\n\t<\/script>\r\n\t","protected":false},"author":1,"featured_media":0,"comment_status":"open","ping_status":"open","sticky":false,"template":"","format":"standard","meta":{"ngg_post_thumbnail":0},"categories":[1,4139],"tags":[4132,4129,4128,4173,4213,338,4131,91,4205,4136],"_links":{"self":[{"href":"https:\/\/www.loucamino.com\/index.php?rest_route=\/wp\/v2\/posts\/22016"}],"collection":[{"href":"https:\/\/www.loucamino.com\/index.php?rest_route=\/wp\/v2\/posts"}],"about":[{"href":"https:\/\/www.loucamino.com\/index.php?rest_route=\/wp\/v2\/types\/post"}],"author":[{"embeddable":true,"href":"https:\/\/www.loucamino.com\/index.php?rest_route=\/wp\/v2\/users\/1"}],"replies":[{"embeddable":true,"href":"https:\/\/www.loucamino.com\/index.php?rest_route=%2Fwp%2Fv2%2Fcomments&post=22016"}],"version-history":[{"count":1,"href":"https:\/\/www.loucamino.com\/index.php?rest_route=\/wp\/v2\/posts\/22016\/revisions"}],"predecessor-version":[{"id":22018,"href":"https:\/\/www.loucamino.com\/index.php?rest_route=\/wp\/v2\/posts\/22016\/revisions\/22018"}],"wp:attachment":[{"href":"https:\/\/www.loucamino.com\/index.php?rest_route=%2Fwp%2Fv2%2Fmedia&parent=22016"}],"wp:term":[{"taxonomy":"category","embeddable":true,"href":"https:\/\/www.loucamino.com\/index.php?rest_route=%2Fwp%2Fv2%2Fcategories&post=22016"},{"taxonomy":"post_tag","embeddable":true,"href":"https:\/\/www.loucamino.com\/index.php?rest_route=%2Fwp%2Fv2%2Ftags&post=22016"}],"curies":[{"name":"wp","href":"https:\/\/api.w.org\/{rel}","templated":true}]}}