{"id":22012,"date":"2020-04-26T18:03:10","date_gmt":"2020-04-26T16:03:10","guid":{"rendered":"http:\/\/www.loucamino.com\/?p=22012"},"modified":"2020-04-26T18:03:10","modified_gmt":"2020-04-26T16:03:10","slug":"carnet-de-confinement-en-france-jour-4-question-de-principe","status":"publish","type":"post","link":"https:\/\/www.loucamino.com\/?p=22012","title":{"rendered":"Carnet de confinement en France Jour 4 &#8211;\u00a0Question de principe"},"content":{"rendered":"<ul class=\"wpsocialite social-buttons large\"><\/ul><p style=\"text-align: center;\"><a href=\"http:\/\/www.loucamino.com\/wp-content\/uploads\/2020\/04\/JCF4_DSC6379-72-site.jpg\"><img loading=\"lazy\" class=\"alignnone size-full wp-image-22013\" src=\"http:\/\/www.loucamino.com\/wp-content\/uploads\/2020\/04\/JCF4_DSC6379-72-site.jpg\" alt=\"JCF4_DSC6379-72-site\" width=\"550\" height=\"367\" srcset=\"https:\/\/www.loucamino.com\/wp-content\/uploads\/2020\/04\/JCF4_DSC6379-72-site.jpg 550w, https:\/\/www.loucamino.com\/wp-content\/uploads\/2020\/04\/JCF4_DSC6379-72-site-300x200.jpg 300w\" sizes=\"(max-width: 550px) 100vw, 550px\" \/><\/a><\/p>\n<p style=\"text-align: justify;\">C\u2019est \u00e9trange, l\u2019optimisme. Quoi qu\u2019il se passe, on trouve toujours un moyen d\u2019y croire, de voir la lumi\u00e8re au fond du tunnel \u2013 m\u00eame s\u2019il est long, et haut, et large \u2013 et de chercher un moyen de la rejoindre \u2013 m\u00eame s\u2019il s\u2019agrandit en chemin (h\u00e9 bien, la route sera plus longue\u00a0!), m\u00eame si des esprits malins tentent de l\u2019obstruer avec d\u2019imposants rochers (h\u00e9 bien, il faudra les escalader ou trouver une faille\u00a0!)&#8230; Je me per\u00e7ois donc comme une personne profond\u00e9ment optimiste. Entre autres. A tel point que j\u2019arrive \u00e0 penser certains jours que m\u00eame les plus pessimistes d\u2019entre nous sont, en fait, des optimistes en sommeil. Et que c\u2019est cette trace d\u2019optimisme tapie au fond d\u2019eux qui, m\u00eame si jamais ils ne l\u2019admettront, les maintient en vie. Car comment vivre, comment vouloir continuer \u00e0 vivre, surtout, en \u00e9tant fonci\u00e8rement persuad\u00e9 que le jour prochain, la semaine prochaine, le mois prochain, l\u2019ann\u00e9e prochaine, la d\u00e9cennie prochaine, le si\u00e8cle prochain sera pire qu\u2019aujourd\u2019hui\u00a0? A mes yeux, cela n\u2019aurait pas de sens. Ce ne serait pas logique, pas coh\u00e9rent. D\u2019o\u00f9 mon raisonnement initial.<\/p>\n<p style=\"text-align: justify;\">Bien s\u00fbr, notre regard est toujours biais\u00e9 par notre propre approche de la vie. Et me revient \u00e0 l\u2019esprit cette phrase, extraite du livre de J\u00e9r\u00f4me Ferrari, Le principe, que j\u2019avais not\u00e9e dans mon carnet du moment il y a quelques ann\u00e9es\u00a0: \u00ab\u00a0On essaye de comprendre les choses \u00e0 partir de sa propre exp\u00e9rience parce que c\u2019est tout ce dont on dispose et c\u2019est, bien s\u00fbr, tr\u00e8s insuffisant\u00a0\u00bb. Il parlait alors de physique, le principe du titre \u00e9tant celui d\u2019incertitude (ah ah\u00a0!), ou d\u2019ind\u00e9termination, \u00e9nonc\u00e9 par Werner Heisenberg en 1927, qui stipule qu\u2019il est impossible de conna\u00eetre simultan\u00e9ment la position et la vitesse exactes d\u2019une particule (quantique). Une vraie r\u00e9volution scientifique par ailleurs. Mais, l\u00e0 encore, ce que je retiens de cette phrase sortie de son contexte tout \u00e0 la fois fictionnel et \u00e9pist\u00e9mologique, est que pour \u00eatre en mesure de\u00a0comprendre\u00a0les choses, il faut les vivre.\u00a0Je choisis \u00e9videmment les citations qui r\u00e9sonnent et raisonnent en moi. Celle-ci m\u2019invite, \u00e0 sa mani\u00e8re, \u00e0 avoir le plus d\u2019exp\u00e9riences possibles si je veux comprendre le monde \u2013 m\u00eame si j\u2019ai r\u00e9cemment cit\u00e9 Patrick Viveret disant qu\u2019il fallait accepter de ne pas tout vivre\u2026 et par cons\u00e9quent, accepter de ne pas tout comprendre.<\/p>\n<p style=\"text-align: justify;\">Ce qui tombe tr\u00e8s bien car en ce moment, beaucoup de choses \u00e9chappent \u00e0 mon entendement, non pas dans les faits eux-m\u00eames \u2013 la pand\u00e9mie, j\u2019ai bien compris comment elle s\u2019\u00e9tait propag\u00e9e et c\u2019est tr\u00e8s logique \u2013 mais plut\u00f4t dans les processus de prises de d\u00e9cision \u00e0 l\u2019\u00e9chelle des organisations qui en ont d\u00e9coul\u00e9 pour la contenir, ou pas. Parfois, j\u2019en viens d\u2019ailleurs \u00e0 penser que le covid-19 n\u2019est pas responsable du chaos actuel et \u00e0 venir, il en est simplement le d\u00e9tonateur, l\u2019\u00e9tincelle. Suivant cette logique, l\u2019incendie qui a suivi dans de nombreux pays, et qui, parfois, n\u2019est toujours pas \u00e9teint, serait, quant \u00e0 lui, la cons\u00e9quence des d\u00e9cisions prises, hier et aujourd\u2019hui, par ce que l\u2019on a pour habitude d\u2019appeler \u00ab\u00a0le sommet\u00a0\u00bb. Volontairement, involontairement, je ne m\u2019aventurerai pas sur ce terrain. Que des pays comme Ta\u00efwan, la Nouvelle Z\u00e9lande, l\u2019Islande, Singapour, la Finlande, l\u2019Allemagne, le Danemark, la Norv\u00e8ge, Hong Kong \u2013 dont, soit dit en passant et comme cela a \u00e9t\u00e9 relev\u00e9 il y a quelques semaines, 7 sont dirig\u00e9s par des femmes, m\u00eame si concomitance n\u2019est pas corr\u00e9lation \u2013 aient \u00e9t\u00e9 relativement \u00e9pargn\u00e9s par la crise, n\u2019ayant, pour certains, m\u00eame pas eu recours au confinement, en serait presque une preuve\u2026 En ce sens, accepter de ne pas tout comprendre me permet de garder mon calme, de ne pas perdre de temps \u00e0 essayer de comprendre malgr\u00e9 tout car je ne suis pas c\u00e2bl\u00e9e \u00ab\u00a0comme il faut\u00a0\u00bb et que l\u2019irrationnel est aux commandes, et de concentrer mon \u00e9nergie sur quelque chose dont je ma\u00eetrise les tenants et les aboutissants.<\/p>\n<p style=\"text-align: justify;\">Les mots de Ferrari m\u2019apprennent \u00e9galement qu\u2019en tant qu\u2019optimiste auto-proclam\u00e9e, je ne peux pas me mettre dans la peau d\u2019un pessimiste. Et donc, que mon raisonnement liminaire ne vaut rien. Parfois, je me dis que, par les temps qui courent, l\u2019optimiste est ind\u00e9cent. Mais je me souviens alors que ce dernier n\u2019a pas forc\u00e9ment chauss\u00e9 des \u0153ill\u00e8res pour le rester\u2026 Au contraire. Il sait, il s\u2019informe, il voit, il int\u00e8gre, il connecte, et pourtant, il croit en des jours meilleurs, il a confiance. Ne m\u00e9langeons pas tout, l\u2019optimiste ne se dit pas forc\u00e9ment que tout va s\u2019arranger. Non, non, non\u2026 Il a conscience que ce sera difficile, qu\u2019il faudra revoir sa copie et que cela ne se fera pas sans lutte \u2013 car la r\u00e9sistance au changement est pire que le changement lui-m\u00eame \u2013, mais, il sent, qu\u2019au final, cela ira. La vie sera la plus forte.<\/p>\n<p style=\"text-align: justify;\">Je ne vous cache pas qu\u2019il m\u2019arrive de me demander d\u2019o\u00f9 me vient cet optimisme inoxydable (teint\u00e9 d\u2019une ind\u00e9niable m\u00e9lancolie tout de m\u00eame). Ces jours-l\u00e0, je m\u2019invective\u00a0: \u00ab\u00a0non, mais tu es s\u00fbre de vouloir rester optimiste\u00a0? Parce que l\u00e0, ouvre les yeux, la situation est quand m\u00eame assez catastrophique, d\u00e9sesp\u00e9r\u00e9e m\u00eame, je ne vois pas comment elle pourrait s\u2019am\u00e9liorer avec tout ce qui nous attend alors que tout s\u2019est effondr\u00e9, que l\u2019imb\u00e9cilit\u00e9 est au sommet, que la plan\u00e8te suffoque, que les \u00eatres humains n\u2019ont jamais \u00e9t\u00e9 aussi discrimin\u00e9s et isol\u00e9s\u2026 Tu veux vraiment la liste compl\u00e8te\u00a0? Elle est o\u00f9 ta lumi\u00e8re au bout du tunnel, hein\u00a0? Elle est o\u00f9\u00a0?\u00a0\u00bb \u00ab\u00a0Oui, je sais, je sais tout cela, mais c\u2019est plus fort que moi, j\u2019y crois encore\u00a0!\u00a0\u00bb Quand on y r\u00e9fl\u00e9chit un peu, c\u2019est fou. Pour me l\u2019expliquer, j\u2019ose un raccourci comme je les affectionne \u2013 l\u2019alternative m\u2019am\u00e8nerait \u00e0 m\u2019inscrire \u00e0 une \u00e9ni\u00e8me th\u00e8se, une par raccourci commis dans mes textes depuis des ann\u00e9es \u2013, l\u2019optimisme vient du c\u0153ur, de l\u2019\u00e2me, et non pas de la raison.<\/p>\n<p style=\"text-align: justify;\">Il vient donc d\u2019un endroit bien plus profond, bien plus int\u00e9rieur, bien plus myst\u00e9rieux, bien plus subtil, bien plus ancien que nos propres vies. Et \u00e9videmment, je lui fais confiance pour me montrer le chemin.<\/p>\n<div id=\"iLikeThis-22012\" class=\"iLikeThis\"><span class=\"counter\"><a onclick=\"likeThis(22012);\" class=\"image\">5<\/a><\/span><\/div>\n<p><a href=\"http:\/\/www.facebook.com\/share.php?u=https%3A%2F%2Fwww.loucamino.com%2F%3Fp%3D22012&amp;t=Carnet%20de%20confinement%20en%20France%20Jour%204%20-%C2%A0Question%20de%20principe\" id=\"facebook_share_both_22012\" style=\"font-size:11px; line-height:13px; font-family:'lucida grande',tahoma,verdana,arial,sans-serif; text-decoration:none; padding:2px 0 0 20px; height:16px; background:url(http:\/\/b.static.ak.fbcdn.net\/images\/share\/facebook_share_icon.gif) no-repeat top left;\">Share on Facebook<\/a><br \/>\n\t<script type=\"text\/javascript\">\n\t<!--\n\tvar button = document.getElementById('facebook_share_link_22012') || document.getElementById('facebook_share_icon_22012') || document.getElementById('facebook_share_both_22012') || document.getElementById('facebook_share_button_22012');\n\tif (button) {\n\t\tbutton.onclick = function(e) {\n\t\t\tvar url = this.href.replace(\/share\\.php\/, 'sharer.php');\n\t\t\twindow.open(url,'sharer','toolbar=0,status=0,width=626,height=436');\n\t\t\treturn false;\n\t\t}\n\t\n\t\tif (button.id === 'facebook_share_button_22012') {\n\t\t\tbutton.onmouseover = function(){\n\t\t\t\tthis.style.color='#fff';\n\t\t\t\tthis.style.borderColor = '#295582';\n\t\t\t\tthis.style.backgroundColor = '#3b5998';\n\t\t\t}\n\t\t\tbutton.onmouseout = function(){\n\t\t\t\tthis.style.color = '#3b5998';\n\t\t\t\tthis.style.borderColor = '#d8dfea';\n\t\t\t\tthis.style.backgroundColor = '#fff';\n\t\t\t}\n\t\t}\n\t}\n\t-->\n\t<\/script><\/p>\n","protected":false},"excerpt":{"rendered":"<p>C\u2019est \u00e9trange, l\u2019optimisme. Quoi qu\u2019il se passe, on trouve toujours un moyen d\u2019y croire, de voir la lumi\u00e8re au fond du tunnel \u2013 m\u00eame s\u2019il est long, et haut, et large \u2013 et de chercher un moyen de la rejoindre \u2013 m\u00eame s\u2019il s\u2019agrandit en chemin (h\u00e9 bien, la route sera plus longue\u00a0!), m\u00eame si [&hellip;]<\/p>\n<a href=\"http:\/\/www.facebook.com\/share.php?u=https%3A%2F%2Fwww.loucamino.com%2F%3Fp%3D22012&amp;t=Carnet%20de%20confinement%20en%20France%20Jour%204%20-%C2%A0Question%20de%20principe\" id=\"facebook_share_both_22012\" style=\"font-size:11px; line-height:13px; font-family:'lucida grande',tahoma,verdana,arial,sans-serif; text-decoration:none; padding:2px 0 0 20px; height:16px; background:url(http:\/\/b.static.ak.fbcdn.net\/images\/share\/facebook_share_icon.gif) no-repeat top left;\">Share on Facebook<\/a>\r\n\t<script type=\"text\/javascript\">\r\n\t<!--\r\n\tvar button = document.getElementById('facebook_share_link_22012') || document.getElementById('facebook_share_icon_22012') || document.getElementById('facebook_share_both_22012') || document.getElementById('facebook_share_button_22012');\r\n\tif (button) {\r\n\t\tbutton.onclick = function(e) {\r\n\t\t\tvar url = this.href.replace(\/share\\.php\/, 'sharer.php');\r\n\t\t\twindow.open(url,'sharer','toolbar=0,status=0,width=626,height=436');\r\n\t\t\treturn false;\r\n\t\t}\r\n\t\r\n\t\tif (button.id === 'facebook_share_button_22012') {\r\n\t\t\tbutton.onmouseover = function(){\r\n\t\t\t\tthis.style.color='#fff';\r\n\t\t\t\tthis.style.borderColor = '#295582';\r\n\t\t\t\tthis.style.backgroundColor = '#3b5998';\r\n\t\t\t}\r\n\t\t\tbutton.onmouseout = function(){\r\n\t\t\t\tthis.style.color = '#3b5998';\r\n\t\t\t\tthis.style.borderColor = '#d8dfea';\r\n\t\t\t\tthis.style.backgroundColor = '#fff';\r\n\t\t\t}\r\n\t\t}\r\n\t}\r\n\t-->\r\n\t<\/script>\r\n\t","protected":false},"author":1,"featured_media":0,"comment_status":"open","ping_status":"open","sticky":false,"template":"","format":"standard","meta":{"ngg_post_thumbnail":0},"categories":[1,4139],"tags":[4171,4132,4129,4128,2985,1385,4172,4130,979,4131,64,866,4136],"_links":{"self":[{"href":"https:\/\/www.loucamino.com\/index.php?rest_route=\/wp\/v2\/posts\/22012"}],"collection":[{"href":"https:\/\/www.loucamino.com\/index.php?rest_route=\/wp\/v2\/posts"}],"about":[{"href":"https:\/\/www.loucamino.com\/index.php?rest_route=\/wp\/v2\/types\/post"}],"author":[{"embeddable":true,"href":"https:\/\/www.loucamino.com\/index.php?rest_route=\/wp\/v2\/users\/1"}],"replies":[{"embeddable":true,"href":"https:\/\/www.loucamino.com\/index.php?rest_route=%2Fwp%2Fv2%2Fcomments&post=22012"}],"version-history":[{"count":1,"href":"https:\/\/www.loucamino.com\/index.php?rest_route=\/wp\/v2\/posts\/22012\/revisions"}],"predecessor-version":[{"id":22014,"href":"https:\/\/www.loucamino.com\/index.php?rest_route=\/wp\/v2\/posts\/22012\/revisions\/22014"}],"wp:attachment":[{"href":"https:\/\/www.loucamino.com\/index.php?rest_route=%2Fwp%2Fv2%2Fmedia&parent=22012"}],"wp:term":[{"taxonomy":"category","embeddable":true,"href":"https:\/\/www.loucamino.com\/index.php?rest_route=%2Fwp%2Fv2%2Fcategories&post=22012"},{"taxonomy":"post_tag","embeddable":true,"href":"https:\/\/www.loucamino.com\/index.php?rest_route=%2Fwp%2Fv2%2Ftags&post=22012"}],"curies":[{"name":"wp","href":"https:\/\/api.w.org\/{rel}","templated":true}]}}