{"id":21984,"date":"2020-04-19T01:06:58","date_gmt":"2020-04-18T12:06:58","guid":{"rendered":"http:\/\/www.loucamino.com\/?p=21984"},"modified":"2020-04-19T01:09:00","modified_gmt":"2020-04-18T12:09:00","slug":"carnet-de-confinement-jour-23-une-nuit-et-ca-repart","status":"publish","type":"post","link":"https:\/\/www.loucamino.com\/?p=21984","title":{"rendered":"Carnet de confinement \/ Jour 23 &#8211; Une nuit et \u00e7a repart !"},"content":{"rendered":"<ul class=\"wpsocialite social-buttons large\"><\/ul><p><a href=\"http:\/\/www.loucamino.com\/wp-content\/uploads\/2020\/04\/JC23_DSC9205-72-site.jpg\"><img loading=\"lazy\" class=\"size-full wp-image-21985 aligncenter\" src=\"http:\/\/www.loucamino.com\/wp-content\/uploads\/2020\/04\/JC23_DSC9205-72-site.jpg\" alt=\"JC23_DSC9205-72-site\" width=\"550\" height=\"824\" srcset=\"https:\/\/www.loucamino.com\/wp-content\/uploads\/2020\/04\/JC23_DSC9205-72-site.jpg 550w, https:\/\/www.loucamino.com\/wp-content\/uploads\/2020\/04\/JC23_DSC9205-72-site-200x300.jpg 200w\" sizes=\"(max-width: 550px) 100vw, 550px\" \/><\/a><\/p>\n<p style=\"text-align: justify;\">Nouvelle nuit hach\u00e9e sans faucheur de choux ni branches d\u2019olivier trop c\u00e2lines, mais heures heureusement rattrap\u00e9es au petit matin. Hier, en fin de journ\u00e9e, une fois pass\u00e9e l\u2019\u00e9motion ambigu\u00eb d\u00e9clench\u00e9e par le mail de l\u2019Ambassade nous apprenant que nous \u00e9tions inscrites sur le vol du 21 avril et que nous pouvions d\u2019ores et d\u00e9j\u00e0 organiser notre trajet jusqu\u2019\u00e0 Christchurch, la nouvelle \u00e9tait dig\u00e9r\u00e9e. Ou presque. Un choix est un choix. Inutile de se torturer l\u2019esprit en se demandant, a posteriori, si nous avons fait le bon. A la rigueur, nous pourrons peut-\u00eatre en savoir plus lundi, lorsque le gouvernement n\u00e9o-z\u00e9landais pr\u00e9sentera son plan pour l\u2019apr\u00e8s 22 avril. Voire plus tardivement encore, d\u00e9but juin, en approchant de la date de notre retour th\u00e9orique. Mais, au final, ce ne sera plus important.<\/p>\n<p style=\"text-align: justify;\">Je r\u00e9alise en \u00e9crivant cela \u00e0 quel point j\u2019ai avanc\u00e9 sur cette question. Il faut avouer que je ne suis pas tr\u00e8s dou\u00e9e avec les choix. Aussit\u00f4t faits aussit\u00f4t remis en question. Et puis, j\u2019ai toujours cru que je pouvais tout embrasser \u2013 ce qui n\u2019est pas tr\u00e8s r\u00e9aliste et rejoint mon histoire de temps et de valise m\u00e9taphorique d\u2019il y a quelques jours. Voil\u00e0 qui me rappelle en tout cas une petite phrase du philosophe Patrick Viveret, que j\u2019avais mise de c\u00f4t\u00e9 il y a quelques ann\u00e9es, car, il \u00e9tait alors important que je l\u2019assimile\u00a0: \u00ab\u00a0il faut accepter de ne pas tout vivre mais de vivre intens\u00e9ment\u00a0\u00bb (1). Etant entendu que je me sentais plus concern\u00e9e par la premi\u00e8re partie que la seconde.<\/p>\n<p style=\"text-align: justify;\">Ceci dit, peut-\u00eatre, un monde parall\u00e8le avec une autre moi et une autre Coralie ayant d\u00e9cid\u00e9 de rester \u00e0 Wellington le temps de voir a-t-il d\u00e9j\u00e0 \u00e9merg\u00e9 quelque part dans l\u2019univers. N\u2019est-ce pas, grossi\u00e8rement, ce que stipule la physique quantique\u00a0? Que tous les possibles existent parall\u00e8lement\u00a0? Et peut-\u00eatre qu\u2019en empruntant un trou de ver \u2013 sch\u00e9matiquement encore, des trous noirs avec une sortie \u2013, je pourrais m\u00eame aller voir ce qui s\u2019y passe\u00a0? Bref, je m\u2019emballe\u00a0! Je ne sais m\u00eame pas o\u00f9 trouver un trou de ver\u2026<\/p>\n<p style=\"text-align: justify;\">Donc, nous rentrons. Mercredi, nous serons \u00e0 Paris. C\u2019est \u00e9trange de se dire cela. C\u2019est \u00e9trange d\u2019utiliser le futur et non pas le conditionnel. C\u2019est \u00e9trange comme la r\u00e9solution d\u2019une question appelle, en fait, de nouvelles questions. Comment allons-nous rentrer chez nous\u00a0? En RER, en taxi\u00a0? On nous a dit\u00a0: \u00ab\u00a0choisissez bien votre lieu de confinement\u00a0!\u00a0\u00bb. Pouvons-nous le finir ailleurs que chez nous\u00a0? Et si oui, avons-nous un temps limit\u00e9 pour atteindre ce potentiel autre lieu\u00a0ou devons-nous nous y rendre dans la foul\u00e9e de notre arriv\u00e9e \u00e0 Roissy\u00a0? Et dans ce cas, comment y aller\u00a0? Y a-t-il des trains, des avions\u00a0? Et puis, pourrions-nous tout de m\u00eame passer chez nous avant pour r\u00e9cup\u00e9rer deux trois choses et changer notre \u00ab\u00a0garde-robe\u00a0\u00bb\u00a0? Mais surtout, est-ce vraiment une bonne id\u00e9e\u00a0? Ne serait-ce pas mieux, tout de m\u00eame, d\u2019\u00eatre chez nous, enfin\u00a0? Si le confinement s\u2019arr\u00eate r\u00e9ellement le 11 mai, cela ira, m\u00eame si mon isodistance \u2013 de fait, j\u2019ai regard\u00e9 \u00e0 quoi elle ressemblait \u2013 n\u2019int\u00e8gre absolument aucun espace vert \u2013 enfin, il y a le cimeti\u00e8re mais ce n\u2019est pas le P\u00e8re Lachaise. Je me dis, tant pis, je ferai le tour du parc, comme ces joggeurs qui courent autour du Jardin du Luxembourg, sur le trottoir ext\u00e9rieur, apr\u00e8s sa fermeture. J\u2019ai toujours trouv\u00e9 cela un peu bizarre. Si le confinement devait se prolonger au-del\u00e0, allez savoir\u2026 Mais personne ne sait\u00a0! Ah ah ah\u00a0! Les m\u00eames interrogations finalement\u00a0! Nous avons encore deux jours pour nous d\u00e9cider puisque nous devons remplir, avant l\u2019embarquement, une \u00ab\u00a0Attestation de d\u00e9placement international d\u00e9rogatoire vers la France M\u00e9tropolitaine\u00a0\u00bb en y inscrivant notre adresse, j\u2019imagine notre lieu de confinement. Celle-l\u00e0 m\u00eame qui nous permettra de nous d\u00e9placer en toute l\u00e9galit\u00e9 en arrivant, la case \u00ab\u00a0j\u2019\u00e9tais coinc\u00e9e \u00e0 l\u2019\u00e9tranger, je rentre juste, je ne sais pas si j\u2019ai bien fait\u00a0!\u00a0\u00bb n\u2019\u00e9tant pas pr\u00e9vue dans le formulaire classique. Je m\u2019inqui\u00e8te de\u00a0 cela comme si j\u2019avais toujours v\u00e9cu aux portes de la nature alors que non. Je suis une citadine qui traversait Paris \u00e0 pieds 3-4 fois par semaine. C\u2019est \u00e9trange. Et puis, j\u2019ai d\u00e9j\u00e0 deux id\u00e9es de projets artistiques si jamais nous confinons chez nous\u00a0!<\/p>\n<p style=\"text-align: justify;\">De fait, aujourd\u2019hui, notre balade, tardive et longue, avait une autre saveur. Nous sommes remont\u00e9es au lookout du Mont Victoria pour voir la ville, d\u2019en haut, encore et encore. Il y avait plus de monde que d\u2019habitude et Wellington elle-m\u00eame \u00e9tait un peu plus bruyante que les jours pr\u00e9c\u00e9dents\u00a0: l\u2019absence de nouveaux cas depuis plusieurs jours, l\u2019espoir \u2013 voire la certitude \u2013 de passer en alerte de niveau 3 lundi, le week-end, le beau temps m\u00eame si venteux ont sans doute contribu\u00e9 \u00e0 rel\u00e2cher un peu la pression&#8230; Certainement, l\u2019atmosph\u00e8re \u00e9tait diff\u00e9rente. Ou alors, ai-je voulu la voir diff\u00e9rente, car pour moi, cette ascension \u00e9tait diff\u00e9rente&#8230; Avant de redescendre par la ville et de regagner notre antre temporaire, je me suis tourn\u00e9e \u00e0 nouveau vers cette sculpture maorie haute perch\u00e9e qui m\u2019avait accueillie en f\u00e9vrier. A elle aussi, j\u2019avais envie de dire au-revoir\u00a0! C\u2019est la derni\u00e8re photo que j\u2019ai faite aujourd\u2019hui, ma batterie s\u2019\u00e9teignant juste apr\u00e8s, et celle, de rechange, que j\u2019avais dans mon sac, \u00e9tant elle-m\u00eame vide (ce qui ne m\u2019est pas arriv\u00e9 de tout le s\u00e9jour). Clap de fin\u00a0! Heureusement, V\u00e9nus \u00e9tait dans le ciel\u00a0! \u00c7a recharge toutes les batteries\u00a0!<\/p>\n<p style=\"text-align: left;\">(1) https:\/\/www.lemonde.fr\/tant-de-temps\/article\/2015\/06\/19\/patrick-viveret-il-faut-accepter-de-ne-pas-tout-vivre_4657892_4598196.html#<\/p>\n<div id=\"iLikeThis-21984\" class=\"iLikeThis\"><span class=\"counter\"><a onclick=\"likeThis(21984);\" class=\"image\">3<\/a><\/span><\/div>\n<p><a href=\"http:\/\/www.facebook.com\/share.php?u=https%3A%2F%2Fwww.loucamino.com%2F%3Fp%3D21984&amp;t=Carnet%20de%20confinement%20%2F%20Jour%2023%20-%20Une%20nuit%20et%20%C3%A7a%20repart%20%21\" id=\"facebook_share_both_21984\" style=\"font-size:11px; line-height:13px; font-family:'lucida grande',tahoma,verdana,arial,sans-serif; text-decoration:none; padding:2px 0 0 20px; height:16px; background:url(http:\/\/b.static.ak.fbcdn.net\/images\/share\/facebook_share_icon.gif) no-repeat top left;\">Share on Facebook<\/a><br \/>\n\t<script type=\"text\/javascript\">\n\t<!--\n\tvar button = document.getElementById('facebook_share_link_21984') || document.getElementById('facebook_share_icon_21984') || document.getElementById('facebook_share_both_21984') || document.getElementById('facebook_share_button_21984');\n\tif (button) {\n\t\tbutton.onclick = function(e) {\n\t\t\tvar url = this.href.replace(\/share\\.php\/, 'sharer.php');\n\t\t\twindow.open(url,'sharer','toolbar=0,status=0,width=626,height=436');\n\t\t\treturn false;\n\t\t}\n\t\n\t\tif (button.id === 'facebook_share_button_21984') {\n\t\t\tbutton.onmouseover = function(){\n\t\t\t\tthis.style.color='#fff';\n\t\t\t\tthis.style.borderColor = '#295582';\n\t\t\t\tthis.style.backgroundColor = '#3b5998';\n\t\t\t}\n\t\t\tbutton.onmouseout = function(){\n\t\t\t\tthis.style.color = '#3b5998';\n\t\t\t\tthis.style.borderColor = '#d8dfea';\n\t\t\t\tthis.style.backgroundColor = '#fff';\n\t\t\t}\n\t\t}\n\t}\n\t-->\n\t<\/script><\/p>\n","protected":false},"excerpt":{"rendered":"<p>Nouvelle nuit hach\u00e9e sans faucheur de choux ni branches d\u2019olivier trop c\u00e2lines, mais heures heureusement rattrap\u00e9es au petit matin. Hier, en fin de journ\u00e9e, une fois pass\u00e9e l\u2019\u00e9motion ambigu\u00eb d\u00e9clench\u00e9e par le mail de l\u2019Ambassade nous apprenant que nous \u00e9tions inscrites sur le vol du 21 avril et que nous pouvions d\u2019ores et d\u00e9j\u00e0 organiser [&hellip;]<\/p>\n<a href=\"http:\/\/www.facebook.com\/share.php?u=https%3A%2F%2Fwww.loucamino.com%2F%3Fp%3D21984&amp;t=Carnet%20de%20confinement%20%2F%20Jour%2023%20-%20Une%20nuit%20et%20%C3%A7a%20repart%20%21\" id=\"facebook_share_both_21984\" style=\"font-size:11px; line-height:13px; font-family:'lucida grande',tahoma,verdana,arial,sans-serif; text-decoration:none; padding:2px 0 0 20px; height:16px; background:url(http:\/\/b.static.ak.fbcdn.net\/images\/share\/facebook_share_icon.gif) no-repeat top left;\">Share on Facebook<\/a>\r\n\t<script type=\"text\/javascript\">\r\n\t<!--\r\n\tvar button = document.getElementById('facebook_share_link_21984') || document.getElementById('facebook_share_icon_21984') || document.getElementById('facebook_share_both_21984') || document.getElementById('facebook_share_button_21984');\r\n\tif (button) {\r\n\t\tbutton.onclick = function(e) {\r\n\t\t\tvar url = this.href.replace(\/share\\.php\/, 'sharer.php');\r\n\t\t\twindow.open(url,'sharer','toolbar=0,status=0,width=626,height=436');\r\n\t\t\treturn false;\r\n\t\t}\r\n\t\r\n\t\tif (button.id === 'facebook_share_button_21984') {\r\n\t\t\tbutton.onmouseover = function(){\r\n\t\t\t\tthis.style.color='#fff';\r\n\t\t\t\tthis.style.borderColor = '#295582';\r\n\t\t\t\tthis.style.backgroundColor = '#3b5998';\r\n\t\t\t}\r\n\t\t\tbutton.onmouseout = function(){\r\n\t\t\t\tthis.style.color = '#3b5998';\r\n\t\t\t\tthis.style.borderColor = '#d8dfea';\r\n\t\t\t\tthis.style.backgroundColor = '#fff';\r\n\t\t\t}\r\n\t\t}\r\n\t}\r\n\t-->\r\n\t<\/script>\r\n\t","protected":false},"author":1,"featured_media":0,"comment_status":"open","ping_status":"open","sticky":false,"template":"","format":"standard","meta":{"ngg_post_thumbnail":0},"categories":[1,4139],"tags":[320,4132,4129,4128,4167,4130,4131,204,4136,4137],"_links":{"self":[{"href":"https:\/\/www.loucamino.com\/index.php?rest_route=\/wp\/v2\/posts\/21984"}],"collection":[{"href":"https:\/\/www.loucamino.com\/index.php?rest_route=\/wp\/v2\/posts"}],"about":[{"href":"https:\/\/www.loucamino.com\/index.php?rest_route=\/wp\/v2\/types\/post"}],"author":[{"embeddable":true,"href":"https:\/\/www.loucamino.com\/index.php?rest_route=\/wp\/v2\/users\/1"}],"replies":[{"embeddable":true,"href":"https:\/\/www.loucamino.com\/index.php?rest_route=%2Fwp%2Fv2%2Fcomments&post=21984"}],"version-history":[{"count":3,"href":"https:\/\/www.loucamino.com\/index.php?rest_route=\/wp\/v2\/posts\/21984\/revisions"}],"predecessor-version":[{"id":21988,"href":"https:\/\/www.loucamino.com\/index.php?rest_route=\/wp\/v2\/posts\/21984\/revisions\/21988"}],"wp:attachment":[{"href":"https:\/\/www.loucamino.com\/index.php?rest_route=%2Fwp%2Fv2%2Fmedia&parent=21984"}],"wp:term":[{"taxonomy":"category","embeddable":true,"href":"https:\/\/www.loucamino.com\/index.php?rest_route=%2Fwp%2Fv2%2Fcategories&post=21984"},{"taxonomy":"post_tag","embeddable":true,"href":"https:\/\/www.loucamino.com\/index.php?rest_route=%2Fwp%2Fv2%2Ftags&post=21984"}],"curies":[{"name":"wp","href":"https:\/\/api.w.org\/{rel}","templated":true}]}}