{"id":21979,"date":"2020-04-17T22:00:29","date_gmt":"2020-04-17T09:00:29","guid":{"rendered":"http:\/\/www.loucamino.com\/?p=21979"},"modified":"2020-04-18T01:18:36","modified_gmt":"2020-04-17T12:18:36","slug":"carnet-de-confinement-jour-22-branle-bas-general","status":"publish","type":"post","link":"https:\/\/www.loucamino.com\/?p=21979","title":{"rendered":"Carnet de confinement \/ Jour 22 &#8211; Branle-bas g\u00e9n\u00e9ral !"},"content":{"rendered":"<ul class=\"wpsocialite social-buttons large\"><\/ul><p style=\"text-align: center;\"><a href=\"http:\/\/www.loucamino.com\/wp-content\/uploads\/2020\/04\/JC22_DSC2184-72-site.jpg\"><img loading=\"lazy\" class=\"alignnone size-full wp-image-21980\" src=\"http:\/\/www.loucamino.com\/wp-content\/uploads\/2020\/04\/JC22_DSC2184-72-site.jpg\" alt=\"JC22_DSC2184-72-site\" width=\"550\" height=\"367\" srcset=\"https:\/\/www.loucamino.com\/wp-content\/uploads\/2020\/04\/JC22_DSC2184-72-site.jpg 550w, https:\/\/www.loucamino.com\/wp-content\/uploads\/2020\/04\/JC22_DSC2184-72-site-300x200.jpg 300w\" sizes=\"(max-width: 550px) 100vw, 550px\" \/><\/a><\/p>\n<div class=\"\" data-block=\"true\" data-editor=\"17v52\" data-offset-key=\"5jkku-0-0\">\n<div class=\"_1mf _1mj\" style=\"text-align: justify;\" data-offset-key=\"5jkku-0-0\"><span data-offset-key=\"5jkku-0-0\"><span data-text=\"true\">Et sans hamac ! 8 nouveaux cas confirm\u00e9s et probables pour la journ\u00e9e d\u2019hier. La descente se poursuit, c\u2019est une excellente nouvelle pour le pays ! Et pourtant, nous sommes toujours dans l\u2019expectative. \u00ab Attitude d&rsquo;une personne ou d&rsquo;un groupe de personnes, qui attend prudemment et attentivement qu&rsquo;un parti s\u00fbr se pr\u00e9sente pour s&rsquo;engager et agir \u00bb selon le CNRTL (1). \u00ab Parti s\u00fbr \u00bb\u2026 Voil\u00e0 qui vient se heurter \u00e0 ce qui qualifie le temps pr\u00e9sent, \u00e0 savoir l\u2019incertitude. <\/span><\/span><\/div>\n<\/div>\n<div class=\"\" style=\"text-align: justify;\" data-block=\"true\" data-editor=\"17v52\" data-offset-key=\"25pgm-0-0\">\n<div class=\"_1mf _1mj\" data-offset-key=\"25pgm-0-0\"><span data-offset-key=\"25pgm-0-0\"><span data-text=\"true\">Pour cette derni\u00e8re, la m\u00eame source annonce : \u00ab impossibilit\u00e9 dans laquelle est une personne de conna\u00eetre ou de pr\u00e9voir un fait, un \u00e9v\u00e9nement qui la concerne; sentiment de pr\u00e9carit\u00e9 qui en r\u00e9sulte \u00bb. J\u2019ai v\u00e9rifi\u00e9, je n\u2019ai jamais autant utilis\u00e9 et de fa\u00e7on si rapproch\u00e9e, les mots \u00ab incertitude \u00bb et \u00ab impression \u00bb que depuis le d\u00e9but de ce r\u00e9cit de (non) confin\u00e9e. D\u2019une part, nous ne savons pas ; d\u2019autre part, nous ne sommes pas totalement s\u00fbrs de ce que nous percevons non plus. Cela me rappelle toutes ces fois o\u00f9 j\u2019ai march\u00e9 dans la brume sans voir o\u00f9 me conduisait le chemin sur lequel j\u2019\u00e9tais ni ce qu\u2019il y avait autour\u2026<\/span><\/span><\/div>\n<\/div>\n<div class=\"\" style=\"text-align: justify;\" data-block=\"true\" data-editor=\"17v52\" data-offset-key=\"fvdje-0-0\">\n<div class=\"_1mf _1mj\" data-offset-key=\"fvdje-0-0\"><span data-offset-key=\"fvdje-0-0\">\u00a0<\/span><\/div>\n<\/div>\n<div class=\"\" style=\"text-align: justify;\" data-block=\"true\" data-editor=\"17v52\" data-offset-key=\"eltk-0-0\">\n<div class=\"_1mf _1mj\" data-offset-key=\"eltk-0-0\"><span data-offset-key=\"eltk-0-0\"><span data-text=\"true\">Je m\u2019en remets \u00e0 nouveau \u00e0 Edgar Morin qui r\u00e9pondait au journaliste du Journal du CNRS (2) que \u00ab nous devons apprendre \u00e0 accepter [les incertitudes] et \u00e0 vivre avec elles, alors que notre civilisation nous a inculqu\u00e9 le besoin de certitudes toujours plus nombreuses sur le futur, souvent illusoires, parfois frivoles, quand on nous a d\u00e9crit avec pr\u00e9cision ce qui va nous arriver en 2025 ! L\u2019arriv\u00e9e de ce virus doit nous rappeler que l\u2019incertitude reste un \u00e9l\u00e9ment inexpugnable de la condition humaine. (\u2026) Nous essayons de nous entourer d\u2019un maximum de certitudes, mais vivre, c\u2019est naviguer dans une mer d\u2019incertitudes, \u00e0 travers des \u00eelots et des archipels de certitudes sur lesquels on se ravitaille\u2026 \u00bb.<\/span><\/span><\/div>\n<\/div>\n<div class=\"\" style=\"text-align: justify;\" data-block=\"true\" data-editor=\"17v52\" data-offset-key=\"6ip3h-0-0\">\n<div class=\"_1mf _1mj\" data-offset-key=\"6ip3h-0-0\"><span data-offset-key=\"6ip3h-0-0\">\u00a0<\/span><\/div>\n<\/div>\n<div class=\"\" style=\"text-align: justify;\" data-block=\"true\" data-editor=\"17v52\" data-offset-key=\"imrl-0-0\">\n<div class=\"_1mf _1mj\" data-offset-key=\"imrl-0-0\"><span data-offset-key=\"imrl-0-0\"><span data-text=\"true\">En temps normal, je ne suis pas en qu\u00eate de certitudes, j\u2019ai bien conscience que tout est possible et que la vie prend souvent des chemins inattendus. En temps anormal, je ne suis pas plus en qu\u00eate de certitudes, mais force est de constater que certaines \u2013 pas beaucoup hein, juste une ou deux \u2013 pourraient \u00eatre utiles voire salutaires. Par exemple : notre vol de d\u00e9but juin via Singapour sera-t-il maintenu ?<\/span><\/span><\/div>\n<\/div>\n<div class=\"\" style=\"text-align: justify;\" data-block=\"true\" data-editor=\"17v52\" data-offset-key=\"fcqod-0-0\">\n<div class=\"_1mf _1mj\" data-offset-key=\"fcqod-0-0\"><span data-offset-key=\"fcqod-0-0\"><span data-text=\"true\">C\u2019est une question que nous nous posons tous les jours sans avoir de r\u00e9ponse, sans savoir quand nous aurons une r\u00e9ponse s\u00fbre, sans savoir quand nous pourrons reprendre un avion si jamais ce troisi\u00e8me vol de retour en France \u00e9tait annul\u00e9. Car, pour l\u2019heure, le gouvernement n\u2019a pas partag\u00e9 ses d\u00e9cisions quant \u00e0 la porosit\u00e9 de ses fronti\u00e8res. Nous avons compris qu\u2019elles n\u2019\u00e9taient pas pr\u00eates d\u2019\u00eatre r\u00e9-ouvertes aux \u00e9trangers mais que ceux qui voudraient partir pourraient le faire. En m\u00eame temps, rien d\u2019officiel pour le moment. Et puis, encore faut-il qu\u2019il y ait des avions, que les escales et transits soient de nouveau autoris\u00e9s. Encore faut-il que des compagnies a\u00e9riennes acceptent de voler vers des destinations presque \u00e0 vide \u2013 puisque personne, hormis les kiwis, ne pourrait venir en Nouvelle Z\u00e9lande et ils ne sont peut-\u00eatre pas des milliers \u00e0 vouloir le faire. Et j\u2019oublie l\u2019espace Schengen susceptible, lui aussi, d\u2019\u00eatre verrouill\u00e9\u2026<\/span><\/span><\/div>\n<\/div>\n<div class=\"\" style=\"text-align: justify;\" data-block=\"true\" data-editor=\"17v52\" data-offset-key=\"5nt07-0-0\">\n<div class=\"_1mf _1mj\" data-offset-key=\"5nt07-0-0\"><span data-offset-key=\"5nt07-0-0\">\u00a0<\/span><\/div>\n<\/div>\n<div class=\"\" style=\"text-align: justify;\" data-block=\"true\" data-editor=\"17v52\" data-offset-key=\"17qn3-0-0\">\n<div class=\"_1mf _1mj\" data-offset-key=\"17qn3-0-0\"><span data-offset-key=\"17qn3-0-0\"><span data-text=\"true\">Si nous \u00e9tions s\u00fbres que ce vol Auckland \u2013 Singapour \u2013 Paris allait partir, alors, nous aurions r\u00e9agi diff\u00e9remment hier soir, en d\u00e9couvrant le mail de l\u2019Ambassade de France en Nouvelle Z\u00e9lande. Elle annonce un deuxi\u00e8me vol depuis Christchurch sur l\u2019\u00cele du Sud le 21 avril, pr\u00e9cisant \u00e0 l\u2019occasion que ce sera le dernier. Qu\u2019apr\u00e8s le 21, chacun devra rentrer par ses propres moyens via les vols commerciaux. Sur lesquels nous n\u2019avons donc aucune certitude\u2026 Or, \u00e0 un moment, il nous faudra tout de m\u00eame rentrer. De fa\u00e7on certaine. Si je suis mon propre patron \u2013 enfin, je ne sers pas \u00e0 grand chose en ce moment, mais cela me donne au moins la libert\u00e9 de croire que je peux travailler d\u2019o\u00f9 je veux \u2013, ce n\u2019est pas le cas de Coralie. Et la patience a toujours ses limites, sauf chez les grands sages que ne sont pas toujours les RH. <\/span><\/span><\/div>\n<\/div>\n<div class=\"\" style=\"text-align: justify;\" data-block=\"true\" data-editor=\"17v52\" data-offset-key=\"5tnm7-0-0\">\n<div class=\"_1mf _1mj\" data-offset-key=\"5tnm7-0-0\"><span data-offset-key=\"5tnm7-0-0\">\u00a0<\/span><\/div>\n<\/div>\n<div class=\"\" style=\"text-align: justify;\" data-block=\"true\" data-editor=\"17v52\" data-offset-key=\"agfng-0-0\">\n<div class=\"_1mf _1mj\" data-offset-key=\"agfng-0-0\"><span data-offset-key=\"agfng-0-0\"><span data-text=\"true\">\u00ab\u00a0Alors, quoi, on s\u2019inscrit ? Quand m\u00eame, elle n&rsquo;est pas optimale la com\u2019 de l\u2019Ambassade, \u00e0\u00a0n\u2019avoir pas pu dire combien de vols (en tout 4, 2 depuis Auckland dont un r\u00e9serv\u00e9 aux personnes les plus fragiles et l\u2019autre inaccessible puisque vol int\u00e9rieur complet, pas de bus, pas de train ; 2 depuis Christchurch dont celui du 21) seraient organis\u00e9s et jusqu\u2019\u00e0 quand, \u00e0 peu pr\u00e8s &#8211; ils ne savaient sans doute pas ; ni qu\u2019il n\u2019y en aurait pas depuis la capitale ; et comme \u00e7a, t&rsquo;envoyer un mail o\u00f9 est \u00e9crit en gras et en rouge que youhou c\u2019est le dernier et qu\u2019il part de Christchurch (\u00e0 450 km de Wellington, sur l\u2019autre \u00eele). On essaye de l\u2019avoir ce vol ou on croise les doigts pour que celui que nous avons r\u00e9serv\u00e9 ne soit pas annul\u00e9 \u2013 dans l\u2019histoire de l\u2019humanit\u00e9, je ne suis pas s\u00fbre de trouver de preuve que le croisement de doigts ait d\u00e9j\u00e0 eu une quelconque influence sur les d\u00e9cisions prises par les compagnies a\u00e9riennes ou qui que ce soit d\u2019autre d\u2019ailleurs ? Oui mais, s\u2019il est annul\u00e9 ? Et si lundi, le gouvernement annonce fermer ses fronti\u00e8res pour un an ? Oui, je sais, mais on ne peut pas savoir ! Oui mais c\u2019est aujourd\u2019hui qu\u2019il faut choisir. Mais \u00ab ils \u00bb \u2013 nous ne savons pas trop qui \u00ab ils \u00bb sont d\u2019ailleurs \u2013 ne vont pas laisser les gens \u2013 les \u00e9trangers ayant un billet retour \u2013 comme \u00e7a ! On ne sait pas.\u00a0\u00bb <\/span><\/span><\/div>\n<\/div>\n<div class=\"\" style=\"text-align: justify;\" data-block=\"true\" data-editor=\"17v52\" data-offset-key=\"bri3i-0-0\">\n<div class=\"_1mf _1mj\" data-offset-key=\"bri3i-0-0\"><span data-offset-key=\"bri3i-0-0\">\u00a0<\/span><\/div>\n<\/div>\n<div class=\"\" style=\"text-align: justify;\" data-block=\"true\" data-editor=\"17v52\" data-offset-key=\"fd04m-0-0\">\n<div class=\"_1mf _1mj\" data-offset-key=\"fd04m-0-0\"><span data-offset-key=\"fd04m-0-0\"><span data-text=\"true\">Bref, apr\u00e8s une nuit mouvement\u00e9e \u2013 avec entre autres, un r\u00e9veil \u00e0 4h du matin par les grattements r\u00e9p\u00e9t\u00e9s et acharn\u00e9s de la b\u00eate qui avait d\u00e9j\u00e0 creus\u00e9 dans la terre du jardinet de la courette, \u00e0 l\u2019endroit m\u00eame o\u00f9 devraient pousser des choux de Bruxelles !, b\u00eate qui, apr\u00e8s ouverture de la fen\u00eatre et balayage syst\u00e9matique \u00e0 la frontale, s\u2019est r\u00e9v\u00e9l\u00e9e \u00eatre un ensemble de branches de l\u2019olivier pouss\u00e9es par le vent sur la fa\u00e7ade ! \u2013, ce matin, nous avons d\u00e9cid\u00e9 de nous inscrire sur ce vol.<\/span><\/span><\/div>\n<\/div>\n<div class=\"\" data-block=\"true\" data-editor=\"17v52\" data-offset-key=\"araeo-0-0\">\n<div class=\"_1mf _1mj\" style=\"text-align: justify;\" data-offset-key=\"araeo-0-0\"><span data-offset-key=\"araeo-0-0\"><span data-text=\"true\">Oui\u2026 Mais bon, cela ne signifie pas pour autant que nous avons des certitudes, m\u00eame pas une, entre les mains. Car s\u2019inscrire ne signifie pas \u00ab \u00eatre pris \u00bb. Je ne sais pas trop comment l\u2019\u00e9crire, je n\u2019ai pas compris quels \u00e9taient les crit\u00e8res de s\u00e9lection de l\u2019Ambassade. Car tous les inscrits ne pourront pas partir a priori. Et puis, maintenant que nous sommes inscrites, nous devons nous attendre \u00e0 n\u2019avoir la r\u00e9ponse de l\u2019Ambassade que la veille ou l\u2019avant-veille du d\u00e9part\u2026 Ce qui est sans doute un temps incompressible pour statuer sur les dossiers, mais qui n\u2019est pas hyper pratique. Surtout quand il faut organiser un vol int\u00e9rieur pour aller attraper ledit vol international, que l\u2019ensemble doit se faire sur une journ\u00e9e du fait des restrictions de d\u00e9placements ici \u2013 nous avons donc achet\u00e9 deux billets pour le 21 au matin sans savoir si nous pourrons prendre le vol pour Paris ; qu\u2019il faut se pr\u00e9parer \u00e0 quitter un toit en urgence \u2013 nous avons pr\u00e9venu notre logeuse de cette possibilit\u00e9 de d\u00e9part pr\u00e9cipit\u00e9 en lui pr\u00e9cisant que nous lui r\u00e9glerons le loyer de la semaine prochaine dans tous les cas (oui, on paye \u00e0 la semaine ici). Et puis, apr\u00e8s tout cela, nous nous sommes imagin\u00e9es de retour en France d\u00e8s mercredi matin, et vivre la suite du confinement dans notre appartement, sans courette, sans balcon, sans nature \u00e0 1 km\u2026 Comment dire\u2026 Quand ce que l\u2019on pr\u00e9f\u00e9rerait faire, ce que l\u2019on peut faire et ce qu\u2019il serait pr\u00e9f\u00e9rable de faire renvoie \u00e0 trois r\u00e9alit\u00e9s diff\u00e9rentes, d\u00e9cider n\u2019est pas une sin\u00e9cure\u2026<\/span><\/span><\/div>\n<\/div>\n<div class=\"\" data-block=\"true\" data-editor=\"17v52\" data-offset-key=\"8t01e-0-0\">\n<div class=\"_1mf _1mj\" data-offset-key=\"8t01e-0-0\"><span data-offset-key=\"8t01e-0-0\">\u00a0<\/span><\/div>\n<\/div>\n<div class=\"\" data-block=\"true\" data-editor=\"17v52\" data-offset-key=\"em3pe-0-0\">\n<div class=\"_1mf _1mj\" data-offset-key=\"em3pe-0-0\"><span data-offset-key=\"em3pe-0-0\"><span data-text=\"true\">(1) Centre national de ressources textuelles et lexicales, une belle bible des mots<\/span><\/span><\/div>\n<\/div>\n<div class=\"\" data-block=\"true\" data-editor=\"17v52\" data-offset-key=\"d1m9q-0-0\">\n<div class=\"_1mf _1mj\" data-offset-key=\"d1m9q-0-0\"><span data-offset-key=\"d1m9q-0-0\"><span data-text=\"true\">(2) https:\/\/lejournal.cnrs.fr\/articles\/edgar-morin-nous-devons-vivre-avec-lincertitude<\/span><\/span><\/div>\n<\/div>\n<div id=\"iLikeThis-21979\" class=\"iLikeThis\"><span class=\"counter\"><a onclick=\"likeThis(21979);\" class=\"image\">4<\/a><\/span><\/div>\n<p><a href=\"http:\/\/www.facebook.com\/share.php?u=https%3A%2F%2Fwww.loucamino.com%2F%3Fp%3D21979&amp;t=Carnet%20de%20confinement%20%2F%20Jour%2022%20-%20Branle-bas%20g%C3%A9n%C3%A9ral%20%21\" id=\"facebook_share_both_21979\" style=\"font-size:11px; line-height:13px; font-family:'lucida grande',tahoma,verdana,arial,sans-serif; text-decoration:none; padding:2px 0 0 20px; height:16px; background:url(http:\/\/b.static.ak.fbcdn.net\/images\/share\/facebook_share_icon.gif) no-repeat top left;\">Share on Facebook<\/a><br \/>\n\t<script type=\"text\/javascript\">\n\t<!--\n\tvar button = document.getElementById('facebook_share_link_21979') || document.getElementById('facebook_share_icon_21979') || document.getElementById('facebook_share_both_21979') || document.getElementById('facebook_share_button_21979');\n\tif (button) {\n\t\tbutton.onclick = function(e) {\n\t\t\tvar url = this.href.replace(\/share\\.php\/, 'sharer.php');\n\t\t\twindow.open(url,'sharer','toolbar=0,status=0,width=626,height=436');\n\t\t\treturn false;\n\t\t}\n\t\n\t\tif (button.id === 'facebook_share_button_21979') {\n\t\t\tbutton.onmouseover = function(){\n\t\t\t\tthis.style.color='#fff';\n\t\t\t\tthis.style.borderColor = '#295582';\n\t\t\t\tthis.style.backgroundColor = '#3b5998';\n\t\t\t}\n\t\t\tbutton.onmouseout = function(){\n\t\t\t\tthis.style.color = '#3b5998';\n\t\t\t\tthis.style.borderColor = '#d8dfea';\n\t\t\t\tthis.style.backgroundColor = '#fff';\n\t\t\t}\n\t\t}\n\t}\n\t-->\n\t<\/script><\/p>\n","protected":false},"excerpt":{"rendered":"<p>Et sans hamac ! 8 nouveaux cas confirm\u00e9s et probables pour la journ\u00e9e d\u2019hier. La descente se poursuit, c\u2019est une excellente nouvelle pour le pays ! Et pourtant, nous sommes toujours dans l\u2019expectative. \u00ab Attitude d&rsquo;une personne ou d&rsquo;un groupe de personnes, qui attend prudemment et attentivement qu&rsquo;un parti s\u00fbr se pr\u00e9sente pour s&rsquo;engager et [&hellip;]<\/p>\n<a href=\"http:\/\/www.facebook.com\/share.php?u=https%3A%2F%2Fwww.loucamino.com%2F%3Fp%3D21979&amp;t=Carnet%20de%20confinement%20%2F%20Jour%2022%20-%20Branle-bas%20g%C3%A9n%C3%A9ral%20%21\" id=\"facebook_share_both_21979\" style=\"font-size:11px; line-height:13px; font-family:'lucida grande',tahoma,verdana,arial,sans-serif; text-decoration:none; padding:2px 0 0 20px; height:16px; background:url(http:\/\/b.static.ak.fbcdn.net\/images\/share\/facebook_share_icon.gif) no-repeat top left;\">Share on Facebook<\/a>\r\n\t<script type=\"text\/javascript\">\r\n\t<!--\r\n\tvar button = document.getElementById('facebook_share_link_21979') || document.getElementById('facebook_share_icon_21979') || document.getElementById('facebook_share_both_21979') || document.getElementById('facebook_share_button_21979');\r\n\tif (button) {\r\n\t\tbutton.onclick = function(e) {\r\n\t\t\tvar url = this.href.replace(\/share\\.php\/, 'sharer.php');\r\n\t\t\twindow.open(url,'sharer','toolbar=0,status=0,width=626,height=436');\r\n\t\t\treturn false;\r\n\t\t}\r\n\t\r\n\t\tif (button.id === 'facebook_share_button_21979') {\r\n\t\t\tbutton.onmouseover = function(){\r\n\t\t\t\tthis.style.color='#fff';\r\n\t\t\t\tthis.style.borderColor = '#295582';\r\n\t\t\t\tthis.style.backgroundColor = '#3b5998';\r\n\t\t\t}\r\n\t\t\tbutton.onmouseout = function(){\r\n\t\t\t\tthis.style.color = '#3b5998';\r\n\t\t\t\tthis.style.borderColor = '#d8dfea';\r\n\t\t\t\tthis.style.backgroundColor = '#fff';\r\n\t\t\t}\r\n\t\t}\r\n\t}\r\n\t-->\r\n\t<\/script>\r\n\t","protected":false},"author":1,"featured_media":0,"comment_status":"open","ping_status":"open","sticky":false,"template":"","format":"standard","meta":{"ngg_post_thumbnail":0},"categories":[1,4139],"tags":[148,4132,4129,4128,3364,4130,4131,4166,4155,4136],"_links":{"self":[{"href":"https:\/\/www.loucamino.com\/index.php?rest_route=\/wp\/v2\/posts\/21979"}],"collection":[{"href":"https:\/\/www.loucamino.com\/index.php?rest_route=\/wp\/v2\/posts"}],"about":[{"href":"https:\/\/www.loucamino.com\/index.php?rest_route=\/wp\/v2\/types\/post"}],"author":[{"embeddable":true,"href":"https:\/\/www.loucamino.com\/index.php?rest_route=\/wp\/v2\/users\/1"}],"replies":[{"embeddable":true,"href":"https:\/\/www.loucamino.com\/index.php?rest_route=%2Fwp%2Fv2%2Fcomments&post=21979"}],"version-history":[{"count":3,"href":"https:\/\/www.loucamino.com\/index.php?rest_route=\/wp\/v2\/posts\/21979\/revisions"}],"predecessor-version":[{"id":21983,"href":"https:\/\/www.loucamino.com\/index.php?rest_route=\/wp\/v2\/posts\/21979\/revisions\/21983"}],"wp:attachment":[{"href":"https:\/\/www.loucamino.com\/index.php?rest_route=%2Fwp%2Fv2%2Fmedia&parent=21979"}],"wp:term":[{"taxonomy":"category","embeddable":true,"href":"https:\/\/www.loucamino.com\/index.php?rest_route=%2Fwp%2Fv2%2Fcategories&post=21979"},{"taxonomy":"post_tag","embeddable":true,"href":"https:\/\/www.loucamino.com\/index.php?rest_route=%2Fwp%2Fv2%2Ftags&post=21979"}],"curies":[{"name":"wp","href":"https:\/\/api.w.org\/{rel}","templated":true}]}}