{"id":21972,"date":"2020-04-15T23:14:17","date_gmt":"2020-04-15T10:14:17","guid":{"rendered":"http:\/\/www.loucamino.com\/?p=21972"},"modified":"2020-04-16T20:32:53","modified_gmt":"2020-04-16T07:32:53","slug":"carnet-de-confinement-jour-20-sortons-du-confinement","status":"publish","type":"post","link":"https:\/\/www.loucamino.com\/?p=21972","title":{"rendered":"Carnet de confinement \/ Jour 20 &#8211; Sortons du confinement !"},"content":{"rendered":"<ul class=\"wpsocialite social-buttons large\"><\/ul><p><a href=\"http:\/\/www.loucamino.com\/wp-content\/uploads\/2020\/04\/JC20_DSC6728-72-site.jpg\"><img loading=\"lazy\" class=\"size-full wp-image-21973 aligncenter\" src=\"http:\/\/www.loucamino.com\/wp-content\/uploads\/2020\/04\/JC20_DSC6728-72-site.jpg\" alt=\"JC20_DSC6728-72-site\" width=\"550\" height=\"367\" srcset=\"https:\/\/www.loucamino.com\/wp-content\/uploads\/2020\/04\/JC20_DSC6728-72-site.jpg 550w, https:\/\/www.loucamino.com\/wp-content\/uploads\/2020\/04\/JC20_DSC6728-72-site-300x200.jpg 300w\" sizes=\"(max-width: 550px) 100vw, 550px\" \/><\/a><\/p>\n<p style=\"text-align: justify;\">Le temps, c\u2019est un peu comme une\u00a0valise. Ou un sac \u00e0 dos, selon le voyageur que vous \u00eates. Tant que nous n\u2019avons pas essay\u00e9 de la\/le fermer,\u00a0nous sommes toujours tent\u00e9s de lui ajouter un ou deux ou trois petit(s) \u00ab\u00a0quelque chose\u00a0\u00bb\u2026 De fait, tant qu\u2019un intervalle de temps d\u00e9fini \u2013 prenons une journ\u00e9e pour plus de simplicit\u00e9 \u2013 n\u2019est pas r\u00e9ellement achev\u00e9, nous pensons toujours \u00eatre en mesure de venir \u00e0 bout de la\u00a0liste des missions du jour inaugur\u00e9e le matin m\u00eame avec l\u2019enthousiasme fr\u00e9tillant du d\u00e9butant et une na\u00efvet\u00e9 d\u2019autant plus d\u00e9concertante qu\u2019elle s\u2019auto-reconduit. Or, dans ces circonstances un brin myopes, peu importe qu\u2019au cours de cette m\u00eame journ\u00e9e, les lignes de cette\u00a0to-do-list\u00a0ne se noircissent que bien trop lentement par rapport \u00e0 leur nombre. Dans ce\u00a0mode de fonctionnement en effet, tant qu\u2019il y a des minutes, il y a de l\u2019espoir !<\/p>\n<p style=\"text-align: justify;\">Le glas sonnant, nous devons pourtant nous rendre \u00e0 l\u2019\u00e9vidence : cette\u00a0valise\u00a0\u2013 ou ce\u00a0sac \u00e0 dos donc \u2013 est bien\u00a0trop petit(e) ! Tout comme cette journ\u00e9e est bien trop courte\u2026 Evidemment, nous pourrions aussi admettre\u00a0que pr\u00e9voir\u00a011 T-Shirts, 3 pulls, 7 paires de chaussettes, 5 pantalons, 3 chemisiers, 2 vestes, 8 slips, 3 ceintures, 4 foulards, 3 paires de chaussures pour 5 jours \u00e9tait franchement exag\u00e9r\u00e9, mais\u00a0ce serait faire preuve d\u2019un sens des r\u00e9alit\u00e9s et d\u2019une conscience de soi bien trop aigus. Tout comme conc\u00e9der\u00a0que nous ne sommes finalement pas si efficace \u00e0 la t\u00e2che ou que nous avons encore \u00e9t\u00e9 bien trop optimiste dans l\u2019organisation de notre journ\u00e9e rel\u00e8verait d\u2019une insupportable\u00a0honn\u00eatet\u00e9 intellectuelle, laquelle entra\u00eenerait, dans le meilleur des cas, une remise en question, elle-m\u00eame chronophage\u2026 Bl\u00e2mer ceux\u00a0qui ne peuvent se d\u00e9fendre \u2013 la\u00a0valise, le temps en l\u2019\u00e9tat \u2013 est assur\u00e9ment\u00a0plus r\u00e9confortant !<\/p>\n<p style=\"text-align: justify;\">J\u2019ai beau \u00eatre partie en Nouvelle-Z\u00e9lande avec le minimum \u2013 ce qui, rappelez-vous,\u00a0m\u2019a conduite \u00e0 m\u2019\u00e9quiper en urgence d\u2019un sous-pull en M\u00e9rinos ; d\u2019ailleurs, sachez que la laine de M\u00e9rinos gratte \u2013, ma valise m\u00e9taphorique s\u2019appr\u00eate \u00e0 d\u00e9border. Ce n\u2019est pas un fait nouveau ceci dit, m\u00eame si je me soigne. Et j\u2019en assume m\u00eame l\u2019enti\u00e8re responsabilit\u00e9. Je me souviens, il y a trois semaines, pendant les 48h coinc\u00e9es entre l\u2019annonce du confinement et son d\u00e9but effectif, je me disais que cette pause forc\u00e9e allait \u00eatre l\u2019occasion id\u00e9ale pour ranger et trier. Non pas ma maison, puisque je n\u2019y suis pas. Mais mes photographies, en particulier celles faites ici depuis janvier, et \u00e9ventuellement celles prises \u00e0 Singapour quelques jours avant. Je ne m\u2019y suis pas encore attel\u00e9, puisque, \u00e0 la place, j\u2019ai pr\u00e9f\u00e9r\u00e9 aller me promener en for\u00eat, commencer ce carnet de (non) confinement puis de confinement parall\u00e8lement \u00e0 celui r\u00e9dig\u00e9 par mes trois autres camarades du collectif Les 4 Saisons (1), puis lancer, avec Coralie, et pour une dur\u00e9e d\u2019un mois, la 6<sup>e<\/sup>\u00e9dition d\u2019Objectif3280\u2026<\/p>\n<p style=\"text-align: justify;\">J\u2019ai toujours de bonnes raisons pour diff\u00e9rer ce que j\u2019ai imagin\u00e9 faire dans un premier temps. La premi\u00e8re diversion \u2013 la for\u00eat \u2013 est absolument vitale et me rappelle chaque jour \u00e0 quel point il me faut quitter Paris pour me rapprocher de la nature. La migration \u00e9tait th\u00e9oriquement amorc\u00e9e avant le d\u00e9part, elle figurait en t\u00eate des priorit\u00e9s pour les 2-3 ans \u00e0 venir. Le monde d\u2019aujourd\u2019hui pr\u00e9cipitera sans doute certains choix, d\u2019autant que j\u2019ai envie, \u00e0 mon \u00e9chelle, de co-dessiner le monde de demain.<\/p>\n<p style=\"text-align: justify;\">La deuxi\u00e8me est aussi importante, m\u00eame si les carnets de confinement ont un temps \u00e9t\u00e9 raill\u00e9s \u2013 au final, chacun fait ce qu\u2019il veut, m\u00eame si, lorsque l\u2019on prend le parti de partager ses \u00e9crits, il me semble essentiel d\u2019avoir conscience d\u2019o\u00f9 on le fait\u00a0: en l\u2019occurrence pour moi, d\u2019un endroit hyper privil\u00e9gi\u00e9 o\u00f9 je suis tr\u00e8s sereine et o\u00f9, pour l\u2019heure, je ne manque de rien. Je n\u2019avais pas \u00e9crit de tout ce p\u00e9riple. Pourtant, la mati\u00e8re ne manquait pas\u2026 Cela fait quelques ann\u00e9es que j\u2019\u00e9cris moins en voyage. La faute au num\u00e9rique (une autre forme de valise m\u00e9taphorique\u00a0!). C\u2019\u00e9tait il y a 10 ans, j\u2019\u00e9tais \u00e0 Malte, \u00e0 La Valette plus pr\u00e9cis\u00e9ment, quand j\u2019ai fonc\u00e9 t\u00eate baiss\u00e9e dans la photographie num\u00e9rique. Je m\u2019en souviens comme de la\u00a0premi\u00e8re cigarette que je n\u2019ai jamais fum\u00e9e. Je baptisais\u00a0mon reflex de seconde main amicale r\u00e9cemment acquis, j\u2019errais dans les rues blondes de la cit\u00e9 et d\u00e9clenchais fi\u00e8rement. Je regardais mon \u00e9cran, je les trouvais plus belles, mes photos. L\u2019illusion, voire le miroir aux alouettes, de l\u2019imm\u00e9diatet\u00e9 peut-\u00eatre ?<\/p>\n<p style=\"text-align: justify;\">A cette \u00e9poque, je ne pouvais imaginer \u00e0 quel point ce glissement mat\u00e9riel allait compl\u00e8tement r\u00e9volutionner\u00a0ma pratique photographique jusqu\u2019\u00e0 lors majoritairement argentique. D\u2019abord quantitativement puisque j\u2019ai r\u00e9alis\u00e9\u00a0pr\u00e8s de 120 000 clich\u00e9s digitaux depuis \u2013 enfin, bien plus puisque ceux\u00a0que j\u2019ai effac\u00e9s ne sont pas comptabilis\u00e9s. Une quantit\u00e9\u00a0ind\u00e9cente qui, aujourd\u2019hui, pose de s\u00e9rieuses questions d\u2019organisation, de classement et de m\u00e9moration. Fort heureusement, la r\u00e9volution a aussi \u00e9t\u00e9 qualitative, ce que je per\u00e7ois comme une cons\u00e9quence\u00a0directe de la possibilit\u00e9 de multiplier les prises sans que les co\u00fbts suivent la m\u00eame courbe ascendante. Cette facilit\u00e9 d\u00e9concertante \u00e0 faire et \u00e0 refaire \u00e0 l\u2019infini \u2013 et donc \u00e0 s\u2019approcher par dichotomie du but \u00e0 atteindre \u2013 est totalement d\u00e9sinhibante donc salutaire, m\u00eame si elle ne suffit \u00e9videmment pas. Ce seront en effet toujours les yeux \u2013 en connexion directe avec le c\u0153ur et le corps \u2013 qui prendront une photo et non l\u2019appareil viss\u00e9 devant. Et ceux-l\u00e0 doivent continuellement\u00a0apprendre \u00e0 voir et \u00e0 voir autrement\u2026<\/p>\n<p style=\"text-align: justify;\">Par cons\u00e9quent, le temps que je passais avant \u00e0 retranscrire, avec des mots et au jour le jour, mes impressions de voyageuse est d\u00e9sormais remplac\u00e9 par un temps de triage et de pr\u00e9-traitement de mes prises de la journ\u00e9e. Aussi personnelles soient-elles, donc autobiographiques, mes images ne remplacent pourtant pas les mots. Aussi suis-je tr\u00e8s heureuse d\u2019avoir pu reprendre la plume de pixels \u00e0 l\u2019occasion de cette \u00e9trange situation.<\/p>\n<p style=\"text-align: justify;\">La troisi\u00e8me diversion, c\u2019est Objectif3280, que je ne d\u00e9velopperai pas forc\u00e9ment ici pour l\u2019avoir d\u00e9j\u00e0 abord\u00e9 \u00e0 deux reprises. Que je trouve immodestement ce projet magnifique ne le rend pas moins chronophage, mais c\u2019est un fait, non une surprise, et c\u2019est aussi un choix assum\u00e9. Car si la for\u00eat me relie \u00e0 la Terre, si les mots me relient \u00e0 mon \u00eatre, et bien, Objectif3280 me relie aux autres\u2026 Aucune de ces diversions n\u2019est donc plus importante que l\u2019autre, et aucune n\u2019est \u00e0 n\u00e9gliger\u00a0: les trois forment un tout indissociable et interconnect\u00e9, agissent \u00e0 diff\u00e9rents niveaux de ma petite personne, l\u2019animent, l\u2019enrichissent, participant ainsi \u00e0 mon \u00e9quilibre. C\u2019est un mot sur lequel je reviendrai probablement, car, en plus d\u2019\u00eatre beau, il me semble qu\u2019il nous permet d\u2019avoir une lecture du monde assez int\u00e9ressante&#8230;<\/p>\n<div id=\"iLikeThis-21972\" class=\"iLikeThis\"><span class=\"counter\"><a onclick=\"likeThis(21972);\" class=\"image\">3<\/a><\/span><\/div>\n<p><a href=\"http:\/\/www.facebook.com\/share.php?u=https%3A%2F%2Fwww.loucamino.com%2F%3Fp%3D21972&amp;t=Carnet%20de%20confinement%20%2F%20Jour%2020%20-%20Sortons%20du%20confinement%20%21\" id=\"facebook_share_both_21972\" style=\"font-size:11px; line-height:13px; font-family:'lucida grande',tahoma,verdana,arial,sans-serif; text-decoration:none; padding:2px 0 0 20px; height:16px; background:url(http:\/\/b.static.ak.fbcdn.net\/images\/share\/facebook_share_icon.gif) no-repeat top left;\">Share on Facebook<\/a><br \/>\n\t<script type=\"text\/javascript\">\n\t<!--\n\tvar button = document.getElementById('facebook_share_link_21972') || document.getElementById('facebook_share_icon_21972') || document.getElementById('facebook_share_both_21972') || document.getElementById('facebook_share_button_21972');\n\tif (button) {\n\t\tbutton.onclick = function(e) {\n\t\t\tvar url = this.href.replace(\/share\\.php\/, 'sharer.php');\n\t\t\twindow.open(url,'sharer','toolbar=0,status=0,width=626,height=436');\n\t\t\treturn false;\n\t\t}\n\t\n\t\tif (button.id === 'facebook_share_button_21972') {\n\t\t\tbutton.onmouseover = function(){\n\t\t\t\tthis.style.color='#fff';\n\t\t\t\tthis.style.borderColor = '#295582';\n\t\t\t\tthis.style.backgroundColor = '#3b5998';\n\t\t\t}\n\t\t\tbutton.onmouseout = function(){\n\t\t\t\tthis.style.color = '#3b5998';\n\t\t\t\tthis.style.borderColor = '#d8dfea';\n\t\t\t\tthis.style.backgroundColor = '#fff';\n\t\t\t}\n\t\t}\n\t}\n\t-->\n\t<\/script><\/p>\n","protected":false},"excerpt":{"rendered":"<p>Le temps, c\u2019est un peu comme une\u00a0valise. Ou un sac \u00e0 dos, selon le voyageur que vous \u00eates. Tant que nous n\u2019avons pas essay\u00e9 de la\/le fermer,\u00a0nous sommes toujours tent\u00e9s de lui ajouter un ou deux ou trois petit(s) \u00ab\u00a0quelque chose\u00a0\u00bb\u2026 De fait, tant qu\u2019un intervalle de temps d\u00e9fini \u2013 prenons une journ\u00e9e pour plus [&hellip;]<\/p>\n<a href=\"http:\/\/www.facebook.com\/share.php?u=https%3A%2F%2Fwww.loucamino.com%2F%3Fp%3D21972&amp;t=Carnet%20de%20confinement%20%2F%20Jour%2020%20-%20Sortons%20du%20confinement%20%21\" id=\"facebook_share_both_21972\" style=\"font-size:11px; line-height:13px; font-family:'lucida grande',tahoma,verdana,arial,sans-serif; text-decoration:none; padding:2px 0 0 20px; height:16px; background:url(http:\/\/b.static.ak.fbcdn.net\/images\/share\/facebook_share_icon.gif) no-repeat top left;\">Share on Facebook<\/a>\r\n\t<script type=\"text\/javascript\">\r\n\t<!--\r\n\tvar button = document.getElementById('facebook_share_link_21972') || document.getElementById('facebook_share_icon_21972') || document.getElementById('facebook_share_both_21972') || document.getElementById('facebook_share_button_21972');\r\n\tif (button) {\r\n\t\tbutton.onclick = function(e) {\r\n\t\t\tvar url = this.href.replace(\/share\\.php\/, 'sharer.php');\r\n\t\t\twindow.open(url,'sharer','toolbar=0,status=0,width=626,height=436');\r\n\t\t\treturn false;\r\n\t\t}\r\n\t\r\n\t\tif (button.id === 'facebook_share_button_21972') {\r\n\t\t\tbutton.onmouseover = function(){\r\n\t\t\t\tthis.style.color='#fff';\r\n\t\t\t\tthis.style.borderColor = '#295582';\r\n\t\t\t\tthis.style.backgroundColor = '#3b5998';\r\n\t\t\t}\r\n\t\t\tbutton.onmouseout = function(){\r\n\t\t\t\tthis.style.color = '#3b5998';\r\n\t\t\t\tthis.style.borderColor = '#d8dfea';\r\n\t\t\t\tthis.style.backgroundColor = '#fff';\r\n\t\t\t}\r\n\t\t}\r\n\t}\r\n\t-->\r\n\t<\/script>\r\n\t","protected":false},"author":1,"featured_media":0,"comment_status":"open","ping_status":"open","sticky":false,"template":"","format":"standard","meta":{"ngg_post_thumbnail":0},"categories":[1,4139],"tags":[31,4132,4129,4128,177,4131,4136],"_links":{"self":[{"href":"https:\/\/www.loucamino.com\/index.php?rest_route=\/wp\/v2\/posts\/21972"}],"collection":[{"href":"https:\/\/www.loucamino.com\/index.php?rest_route=\/wp\/v2\/posts"}],"about":[{"href":"https:\/\/www.loucamino.com\/index.php?rest_route=\/wp\/v2\/types\/post"}],"author":[{"embeddable":true,"href":"https:\/\/www.loucamino.com\/index.php?rest_route=\/wp\/v2\/users\/1"}],"replies":[{"embeddable":true,"href":"https:\/\/www.loucamino.com\/index.php?rest_route=%2Fwp%2Fv2%2Fcomments&post=21972"}],"version-history":[{"count":2,"href":"https:\/\/www.loucamino.com\/index.php?rest_route=\/wp\/v2\/posts\/21972\/revisions"}],"predecessor-version":[{"id":21975,"href":"https:\/\/www.loucamino.com\/index.php?rest_route=\/wp\/v2\/posts\/21972\/revisions\/21975"}],"wp:attachment":[{"href":"https:\/\/www.loucamino.com\/index.php?rest_route=%2Fwp%2Fv2%2Fmedia&parent=21972"}],"wp:term":[{"taxonomy":"category","embeddable":true,"href":"https:\/\/www.loucamino.com\/index.php?rest_route=%2Fwp%2Fv2%2Fcategories&post=21972"},{"taxonomy":"post_tag","embeddable":true,"href":"https:\/\/www.loucamino.com\/index.php?rest_route=%2Fwp%2Fv2%2Ftags&post=21972"}],"curies":[{"name":"wp","href":"https:\/\/api.w.org\/{rel}","templated":true}]}}