{"id":21968,"date":"2020-04-14T13:42:04","date_gmt":"2020-04-14T00:42:04","guid":{"rendered":"http:\/\/www.loucamino.com\/?p=21968"},"modified":"2020-04-15T13:48:28","modified_gmt":"2020-04-15T00:48:28","slug":"carnet-de-confinement-jour-19-il-y-a-des-jours-comme-ca","status":"publish","type":"post","link":"https:\/\/www.loucamino.com\/?p=21968","title":{"rendered":"Carnet de confinement \/ Jour 19 &#8211; Il y a des jours comme \u00e7a\u2026"},"content":{"rendered":"<ul class=\"wpsocialite social-buttons large\"><\/ul><p><a href=\"http:\/\/www.loucamino.com\/wp-content\/uploads\/2020\/04\/JC19_DSC9048-72-site.jpg\"><img loading=\"lazy\" class=\"size-full wp-image-21969 aligncenter\" src=\"http:\/\/www.loucamino.com\/wp-content\/uploads\/2020\/04\/JC19_DSC9048-72-site.jpg\" alt=\"JC19_DSC9048-72-site\" width=\"550\" height=\"367\" srcset=\"https:\/\/www.loucamino.com\/wp-content\/uploads\/2020\/04\/JC19_DSC9048-72-site.jpg 550w, https:\/\/www.loucamino.com\/wp-content\/uploads\/2020\/04\/JC19_DSC9048-72-site-300x200.jpg 300w\" sizes=\"(max-width: 550px) 100vw, 550px\" \/><\/a><\/p>\n<p style=\"text-align: justify;\">J\u2019ai commenc\u00e9 ma journ\u00e9e \u00e0 essayer de comprendre d\u2019abord, puis r\u00e9soudre une \u00e9nigme urssaf arriv\u00e9e dans mes spams, imaginant rapidement que l\u2019\u00e9quation urssaf + confinement en Nouvelle Z\u00e9lande risquait de m\u2019entra\u00eener dans un d\u00e9lire un peu kafka\u00efen ou Brazilesque m\u2019\u00e9puisant d\u2019avance \u2013 y a-t-il une formule plus officielle pour se r\u00e9f\u00e9rer au film culte de Terry Gilliam\u00a0? \u2013. C\u2019est fou d\u2019\u00eatre \u00e0 l\u2019autre bout du monde et d\u2019\u00eatre ainsi rattrap\u00e9e par cette r\u00e9alit\u00e9 administrativo-pratique, dont, \u00e9videmment, je suis totalement d\u00e9connect\u00e9e. Ceci dit, conform\u00e9ment au 3<sup>e<\/sup>accord tolt\u00e8que, je me garderais de faire des suppositions quant \u00e0 la suite ! Nous verrons.<\/p>\n<p style=\"text-align: justify;\">En fait, non, j\u2019ai commenc\u00e9 ma journ\u00e9e en allant sur le site d\u2019Objectif3280 pour compter et admirer les \u00e9chos post\u00e9s pendant ma nuit sur cette 5<sup>e<\/sup>G\u00e9n\u00e9ration qui s\u2019ach\u00e8ve demain mercredi \u00e0 10h \u2013 sir\u00e8ne du premier mercredi du mois\u00a0: ceci est un message pas du tout subliminal destin\u00e9 aux personnes situ\u00e9es \u00e0 l\u2019intersection du cercle des lecteurs de ces posts et de celui des participants au projet qui n\u2019auraient pas encore post\u00e9 leur \u00e9cho \u2013. Un peu comme si je croyais encore au P\u00e8re No\u00ebl et que je me pr\u00e9cipitais vers le sapin au matin du 25 d\u00e9cembre pour d\u00e9couvrir mes cadeaux. Quelle joie donc de constater, qu\u2019\u00e0 nouveau, les branches de l\u2019arbre \u2013 avec Objectif3280, nous cr\u00e9ons en effet un arbre \u00e9cho-photographique \u2013 poussent vite et po\u00e9tiquement, et que, gr\u00e2ce aux anciens qui se muent en ambassadeur de choc, de nouveaux participants y grimpent gaiement\u00a0!<\/p>\n<p style=\"text-align: justify;\">Mais ce matin, j\u2019ai aussi lu que le confinement en France \u00e9tait prolong\u00e9 jusqu\u2019au 11 mai et cela me coupe un peu dans mon \u00e9lan d\u2019\u00e9criture l\u00e9g\u00e8re. Cela a beau \u00eatre une date pr\u00e9cise \u2013 s\u00fbrement mieux psychologiquement que le flou \u2013, c\u2019est aussi une dur\u00e9e \u2013 longue, quasiment un mois suppl\u00e9mentaire, autant que ce qui est d\u00e9j\u00e0 derri\u00e8re vous. Et je me dis que ces prochaines semaines risquent d\u2019\u00eatre difficiles pour certains, pour beaucoup m\u00eame sans doute. Je pense d\u2019abord \u00e0 ma famille, \u00e0 mes amis bien s\u00fbr, puis \u00e0 mes connaissances et aux amis d\u2019amis, et plus g\u00e9n\u00e9ralement, \u00e0 tout le monde, un peu comme si je pr\u00e9parais une campagne de crowdfunding.<\/p>\n<p style=\"text-align: justify;\">Comment sort-on de deux mois de confinement, que Boris Cyrulnik a qualifi\u00e9 de \u00ab\u00a0situation d\u2019agression psychologique\u00a0\u00bb il y a quelques jours (1), et comment accepte-t-on, d\u00e8s aujourd\u2019hui, un d\u00e9confinement progressif qui, \u00e0 nouveau, semble \u00e9chapper \u00e0 une certaine forme de coh\u00e9rence et soul\u00e8ve d\u00e9j\u00e0 l\u2019opposition et le rejet\u00a0? Je ne vais pas refaire, comme il y a 2 ou 3 jours, de liste \u00e0 la Pr\u00e9vert version psycho de la foule de questions qui vont se poser prochainement, mais, depuis ma lointaine cabane \u00e0 Wellington, je pense \u00e0 vous, tr\u00e8s sinc\u00e8rement, et j\u2019esp\u00e8re que chacun aura les ressources \u2013 morales, psychologiques, physiques, mat\u00e9rielles\u2026 &#8211; pour vivre le plus sereinement possible ces prochaines semaines.<\/p>\n<p style=\"text-align: justify;\">C\u2019est b\u00eate comme r\u00e9flexe, car une n\u00e9gation vaine de la fl\u00e8che du temps, mais je me demande, \u00e0 la lumi\u00e8re de la strat\u00e9gie adopt\u00e9e par d\u2019autres pays qui s\u2019en sortent mieux aujourd\u2019hui, si les choses auraient pu \u00eatre diff\u00e9rentes en France. Mais il ne sert \u00e0 rien de refaire le monde \u00e0 l\u2019envers\u2026 En revanche, demain est toujours une page blanche, et m\u00eame s\u2019il peut \u00eatre complexe, en ce moment, de penser global et d\u2019avoir une approche holistique de la situation, je me permettrai, pour finir, de citer Edgar Morin : \u00ab\u00a0Alors qu\u2019aujourd&rsquo;hui, du Nigeria \u00e0 la Nouvelle-Z\u00e9lande, nous nous retrouvons tous confin\u00e9s, nous devrions prendre conscience que nos destins sont li\u00e9s, que nous le voulions ou non. Ce serait le moment de rafra\u00eechir notre humanisme, car tant que nous ne verrons pas l\u2019humanit\u00e9 comme une communaut\u00e9 de destin, nous ne pourrons pas pousser les gouvernements \u00e0 agir dans un sens novateur\u00a0\u00bb. Par quoi commen\u00e7ons-nous\u00a0?<\/p>\n<p style=\"text-align: justify;\">(1)\u00a0<a href=\"https:\/\/www.franceculture.fr\/emissions\/confinement-votre\/boris-cyrulnik-on-est-dans-la-resistance-pas-encore-dans-la-resilience\">https:\/\/www.franceculture.fr\/emissions\/confinement-votre\/boris-cyrulnik-on-est-dans-la-resistance-pas-encore-dans-la-resilience<br \/>\n<\/a>(2)\u00a0<a href=\"https:\/\/lejournal.cnrs.fr\/articles\/edgar-morin-nous-devons-vivre-avec-lincertitude\">https:\/\/lejournal.cnrs.fr\/articles\/edgar-morin-nous-devons-vivre-avec-lincertitude<\/a><\/p>\n<div id=\"iLikeThis-21968\" class=\"iLikeThis\"><span class=\"counter\"><a onclick=\"likeThis(21968);\" class=\"image\">3<\/a><\/span><\/div>\n<p><a href=\"http:\/\/www.facebook.com\/share.php?u=https%3A%2F%2Fwww.loucamino.com%2F%3Fp%3D21968&amp;t=Carnet%20de%20confinement%20%2F%20Jour%2019%20-%20Il%20y%20a%20des%20jours%20comme%20%C3%A7a%E2%80%A6\" id=\"facebook_share_both_21968\" style=\"font-size:11px; line-height:13px; font-family:'lucida grande',tahoma,verdana,arial,sans-serif; text-decoration:none; padding:2px 0 0 20px; height:16px; background:url(http:\/\/b.static.ak.fbcdn.net\/images\/share\/facebook_share_icon.gif) no-repeat top left;\">Share on Facebook<\/a><br \/>\n\t<script type=\"text\/javascript\">\n\t<!--\n\tvar button = document.getElementById('facebook_share_link_21968') || document.getElementById('facebook_share_icon_21968') || document.getElementById('facebook_share_both_21968') || document.getElementById('facebook_share_button_21968');\n\tif (button) {\n\t\tbutton.onclick = function(e) {\n\t\t\tvar url = this.href.replace(\/share\\.php\/, 'sharer.php');\n\t\t\twindow.open(url,'sharer','toolbar=0,status=0,width=626,height=436');\n\t\t\treturn false;\n\t\t}\n\t\n\t\tif (button.id === 'facebook_share_button_21968') {\n\t\t\tbutton.onmouseover = function(){\n\t\t\t\tthis.style.color='#fff';\n\t\t\t\tthis.style.borderColor = '#295582';\n\t\t\t\tthis.style.backgroundColor = '#3b5998';\n\t\t\t}\n\t\t\tbutton.onmouseout = function(){\n\t\t\t\tthis.style.color = '#3b5998';\n\t\t\t\tthis.style.borderColor = '#d8dfea';\n\t\t\t\tthis.style.backgroundColor = '#fff';\n\t\t\t}\n\t\t}\n\t}\n\t-->\n\t<\/script><\/p>\n","protected":false},"excerpt":{"rendered":"<p>J\u2019ai commenc\u00e9 ma journ\u00e9e \u00e0 essayer de comprendre d\u2019abord, puis r\u00e9soudre une \u00e9nigme urssaf arriv\u00e9e dans mes spams, imaginant rapidement que l\u2019\u00e9quation urssaf + confinement en Nouvelle Z\u00e9lande risquait de m\u2019entra\u00eener dans un d\u00e9lire un peu kafka\u00efen ou Brazilesque m\u2019\u00e9puisant d\u2019avance \u2013 y a-t-il une formule plus officielle pour se r\u00e9f\u00e9rer au film culte de [&hellip;]<\/p>\n<a href=\"http:\/\/www.facebook.com\/share.php?u=https%3A%2F%2Fwww.loucamino.com%2F%3Fp%3D21968&amp;t=Carnet%20de%20confinement%20%2F%20Jour%2019%20-%20Il%20y%20a%20des%20jours%20comme%20%C3%A7a%E2%80%A6\" id=\"facebook_share_both_21968\" style=\"font-size:11px; line-height:13px; font-family:'lucida grande',tahoma,verdana,arial,sans-serif; text-decoration:none; padding:2px 0 0 20px; height:16px; background:url(http:\/\/b.static.ak.fbcdn.net\/images\/share\/facebook_share_icon.gif) no-repeat top left;\">Share on Facebook<\/a>\r\n\t<script type=\"text\/javascript\">\r\n\t<!--\r\n\tvar button = document.getElementById('facebook_share_link_21968') || document.getElementById('facebook_share_icon_21968') || document.getElementById('facebook_share_both_21968') || document.getElementById('facebook_share_button_21968');\r\n\tif (button) {\r\n\t\tbutton.onclick = function(e) {\r\n\t\t\tvar url = this.href.replace(\/share\\.php\/, 'sharer.php');\r\n\t\t\twindow.open(url,'sharer','toolbar=0,status=0,width=626,height=436');\r\n\t\t\treturn false;\r\n\t\t}\r\n\t\r\n\t\tif (button.id === 'facebook_share_button_21968') {\r\n\t\t\tbutton.onmouseover = function(){\r\n\t\t\t\tthis.style.color='#fff';\r\n\t\t\t\tthis.style.borderColor = '#295582';\r\n\t\t\t\tthis.style.backgroundColor = '#3b5998';\r\n\t\t\t}\r\n\t\t\tbutton.onmouseout = function(){\r\n\t\t\t\tthis.style.color = '#3b5998';\r\n\t\t\t\tthis.style.borderColor = '#d8dfea';\r\n\t\t\t\tthis.style.backgroundColor = '#fff';\r\n\t\t\t}\r\n\t\t}\r\n\t}\r\n\t-->\r\n\t<\/script>\r\n\t","protected":false},"author":1,"featured_media":0,"comment_status":"open","ping_status":"open","sticky":false,"template":"","format":"standard","meta":{"ngg_post_thumbnail":0},"categories":[1,4139],"tags":[569,4164,4132,4129,4128,4232,910,503,4162,4130,4131,4163,4136,4137],"_links":{"self":[{"href":"https:\/\/www.loucamino.com\/index.php?rest_route=\/wp\/v2\/posts\/21968"}],"collection":[{"href":"https:\/\/www.loucamino.com\/index.php?rest_route=\/wp\/v2\/posts"}],"about":[{"href":"https:\/\/www.loucamino.com\/index.php?rest_route=\/wp\/v2\/types\/post"}],"author":[{"embeddable":true,"href":"https:\/\/www.loucamino.com\/index.php?rest_route=\/wp\/v2\/users\/1"}],"replies":[{"embeddable":true,"href":"https:\/\/www.loucamino.com\/index.php?rest_route=%2Fwp%2Fv2%2Fcomments&post=21968"}],"version-history":[{"count":2,"href":"https:\/\/www.loucamino.com\/index.php?rest_route=\/wp\/v2\/posts\/21968\/revisions"}],"predecessor-version":[{"id":21971,"href":"https:\/\/www.loucamino.com\/index.php?rest_route=\/wp\/v2\/posts\/21968\/revisions\/21971"}],"wp:attachment":[{"href":"https:\/\/www.loucamino.com\/index.php?rest_route=%2Fwp%2Fv2%2Fmedia&parent=21968"}],"wp:term":[{"taxonomy":"category","embeddable":true,"href":"https:\/\/www.loucamino.com\/index.php?rest_route=%2Fwp%2Fv2%2Fcategories&post=21968"},{"taxonomy":"post_tag","embeddable":true,"href":"https:\/\/www.loucamino.com\/index.php?rest_route=%2Fwp%2Fv2%2Ftags&post=21968"}],"curies":[{"name":"wp","href":"https:\/\/api.w.org\/{rel}","templated":true}]}}