{"id":21959,"date":"2020-04-12T20:58:32","date_gmt":"2020-04-12T07:58:32","guid":{"rendered":"http:\/\/www.loucamino.com\/?p=21959"},"modified":"2020-04-12T20:59:18","modified_gmt":"2020-04-12T07:59:18","slug":"carnet-de-confinement-jour-17-troisieme-tentative-devasion","status":"publish","type":"post","link":"https:\/\/www.loucamino.com\/?p=21959","title":{"rendered":"Carnet de confinement \/ Jour 17 &#8211; Troisi\u00e8me tentative d\u2019\u00e9vasion"},"content":{"rendered":"<ul class=\"wpsocialite social-buttons large\"><\/ul><p><a href=\"http:\/\/www.loucamino.com\/wp-content\/uploads\/2020\/04\/JC17_DSC2788-72-site.jpg\"><img loading=\"lazy\" class=\"size-full wp-image-21961 aligncenter\" src=\"http:\/\/www.loucamino.com\/wp-content\/uploads\/2020\/04\/JC17_DSC2788-72-site.jpg\" alt=\"JC17_DSC2788-72-site\" width=\"550\" height=\"367\" srcset=\"https:\/\/www.loucamino.com\/wp-content\/uploads\/2020\/04\/JC17_DSC2788-72-site.jpg 550w, https:\/\/www.loucamino.com\/wp-content\/uploads\/2020\/04\/JC17_DSC2788-72-site-300x200.jpg 300w\" sizes=\"(max-width: 550px) 100vw, 550px\" \/><\/a><\/p>\n<p style=\"text-align: justify;\">Non que nous soyons au bagne \u2013 bien au contraire \u2013, mais des voix \u2013 r\u00e9elles et minoritaires \u2013 nous sugg\u00e8rent de penser, quand m\u00eame, au retour. Or, le retour, c\u2019est demain, et comme je l\u2019\u00e9crivais hier, ma pens\u00e9e s\u2019arr\u00eate \u00e0 aujourd\u2019hui. Soit. Par acquis de conscience et aussi parce que j\u2019ai bien int\u00e9gr\u00e9 l\u2019impermanence de la situation, vendredi, je suis donc all\u00e9e surfer sur le site d\u2019Air New Zealand. La compagnie, tr\u00e8s bien au demeurant, qui a d\u00fb annuler par deux fois notre retour vers l\u2019Hexagone, a transform\u00e9 nos places en avoir valable 12 mois avant de remiser la plupart de ses avions au garage pour une dur\u00e9e ind\u00e9termin\u00e9e d\u00e9pendant de la strat\u00e9gie que le gouvernement n\u00e9o-z\u00e9landais pr\u00e9sentera publiquement le 20 avril, soit deux jours avant la fin suppos\u00e9e du confinement. Verdict\u00a0: en avril, toujours aucun vol vers Paris\u00a0; en mai, il faut atteindre la derni\u00e8re semaine pour en trouver une poign\u00e9e, \u00e0 des prix que nous pr\u00e9f\u00e9rerions \u00e9viter et\/ou avec une\/deux escale(s) dans des villes qui, pour l\u2019heure, n\u2019inspirent pas vraiment confiance. A l\u2019instar de LAX, la ville o\u00f9 l\u2019on se l\u00e2che, la Ville des Anges de Christa Wolf \u2013 je cr\u00e2ne un peu ici en faisant du placement de produit\u00a0: c\u2019est en effet l\u2019une de mes photos qu\u2019avait choisi Le Seuil pour la couverture de son ouvrage (1) \u2013, Los Angeles donc. Ville fascinante, tentaculaire \u2013 m\u00eame si c\u2019est en partie contradictoire avec ce que je m\u2019appr\u00eate \u00e0 \u00e9crire \u2013, d\u00e9concertante qui m\u2019avait donn\u00e9 l\u2019impression d\u2019\u00eatre un archipel d\u2019\u00eeles \u2013 Santa Monica, Beverly Hills, Venice Beach, Bel Air, Little Tokyo, Downtown LA, Hollywood, Skid Row, Pacific Palissades, Montecito Heights et les autres \u2013 entour\u00e9es par un oc\u00e9an de banlieue aux pavillons identiques ob\u00e9issant \u00e0 un plan hippodamien un brin soporifique pour l\u2019adoratrice de rues biscornues que je suis.<\/p>\n<p style=\"text-align: justify;\">Bref, LA, tr\u00e8s peu pour nous, m\u00eame si fin mai, c\u2019est presque au bout du temps \u00e0 l\u2019\u00e9chelle du calendrier actuel et que personne n\u2019est en mesure de pr\u00e9dire dans quel \u00e9tat sera le monde. Mieux, esp\u00e9rons-le, m\u00eame s\u2019il est na\u00eff de croire que ce sera le cas partout. Toujours est-il qu\u2019apr\u00e8s avoir inscrit nos crit\u00e8res dans un tableau crois\u00e9 dynamique afin d\u2019y voir plus clair et appuy\u00e9 sur \u00ab\u00a0Entr\u00e9e\u00a0\u00bb, nous avons jet\u00e9 notre d\u00e9volu sur un vol d\u00e9but juin passant par Singapour, l\u2019un des pays \u00e0 avoir le mieux g\u00e9r\u00e9 la crise en s\u2019y attaquant d\u00e8s janvier. Bien entendu, personne, pas m\u00eame la compagnie a\u00e9rienne, ne s\u2019aventurerait \u00e0 affirmer que le vol aura bien lieu. Esp\u00e9rons que l\u2019adage \u00ab\u00a0Jamais deux sans trois\u00a0\u00bb ne se v\u00e9rifiera pas. Et si tel doit \u00eatre le cas, et bien, nous trouverons une alternative. Le futur n\u2019existant pas encore, inutile de se mettre martel en t\u00eate d\u00e8s maintenant.<\/p>\n<p style=\"text-align: justify;\">Je ne me mets pas d\u2019\u0153ill\u00e8res, je sais pertinemment qu\u2019il nous faudra rentrer. M\u00eame si le choix de ce mot \u2013 \u00ab\u00a0faudra\u00a0\u00bb \u2013 trahit sans doute une l\u00e9g\u00e8re frustration, a minima une forme d\u2019ind\u00e9cision. Il faudrait \u2013 ah ah\u00a0! \u2013 que je puisse \u00e9crire que j\u2019ai envie de rentrer. Mais je crois ne pas \u00eatre capable de prononcer cette phrase pour le moment. C\u2019est \u00e9trange d\u2019ailleurs. Si je n\u2019\u00e9tais pas partie, je ne me poserais pas cette question. Ce qui n\u2019est pas la lapalissade que l\u2019on pourrait croire&#8230; Ce n\u2019est pas que je ne veuille pas retrouver ma famille, mes amis, ma maison. Je ne suis simplement pas s\u00fbre de vouloir retrouver la France. Et c\u2019est bien la premi\u00e8re fois que je me fais cette r\u00e9flexion.<\/p>\n<p style=\"text-align: justify;\">De loin, avec tous les biais cognitifs que cela pr\u00e9suppose, en compulsant et croisant les informations v\u00e9hicul\u00e9es par les m\u00e9dias \u2013\u00a0plus connus pour leur tropisme fort pour les mauvaises nouvelles et les pol\u00e9miques st\u00e9riles, autant dire qu\u2019ils sont au paradis \u2013, celles attrap\u00e9es via les r\u00e9seaux sociaux \u2013 qui, dans la continuit\u00e9 de ce que j\u2019\u00e9voquais pr\u00e9c\u00e9demment sur la th\u00e9orie des bulles (2), sont \u00e9galement biais\u00e9es car partant de moi et orient\u00e9es par des algorithmes dont je ne ma\u00eetrise pas les motivations primaires et premi\u00e8res \u2013, et enfin celles \u2013 les plus r\u00e9confortantes et les moins angoiss\u00e9es finalement, de mes proches \u2013, difficile de se faire une id\u00e9e juste. Mais c\u2019est \u00e9videmment la d\u00e9rive totalitaire, autoritaire et punitive mise en place par les instances dirigeantes \u00e0 coups d\u2019attestations, d\u2019isodistances, de tracking, de contraventions, de peines de prison, de recommandations contradictoires, de mensonges d\u00e9guis\u00e9s, d\u2019incoh\u00e9rences inassum\u00e9es, d\u2019infantilisation ridicule\u2026 qui me secoue et me fait douter de la France de demain&#8230; M\u00eame si la France ne se r\u00e9sume pas \u00e0 un gouvernement, aux pouvoirs limit\u00e9s dans le temps, m\u00eame si demain n\u2019existe pas encore.<\/p>\n<p style=\"text-align: justify;\">Sauf que si, sauf que chacun y pense tout de m\u00eame, \u00e0 l\u2019apr\u00e8s. D\u2019un c\u00f4t\u00e9, les plus pessimistes \u2013 eux s\u2019estiment s\u00fbrement r\u00e9alistes \u2013 annoncent que, malheureusement, rien ne changera fondamentalement, que ce sera s\u00fbrement pire m\u00eame, que la machine reprendra son rythme infernal, en premier lieu pour rattraper le temps perdu ces derniers mois \u2013 car le temps, c\u2019est de l\u2019argent\u00a0! De l\u2019autre, les plus optimistes voient en cet \u00e9v\u00e9nement mondial bouleversant l\u2019opportunit\u00e9 in\u00e9dite de basculer vers un monde plus juste, d\u2019instaurer une nouvelle dynamique, de nouveaux espoirs, de repartir \u00e0 z\u00e9ro comme si l\u2019on r\u00e9initialisait le syst\u00e8me Terre-Homme \u2013 et imaginent d\u00e9j\u00e0 comment atteindre l\u2019autonomie alimentaire, comment moins exploiter les ressources de la plan\u00e8te, comment transformer les avions en bateau&#8230; En vrai, nous ne savons pas, puisque demain n\u2019est pas encore arriv\u00e9. Mais la vie n\u2019\u00e9tant ni noire ni blanche, il y a fort \u00e0 parier que demain sera un m\u00e9lange des deux. Ce qui, logiquement, signifie que les optimistes auront gagn\u00e9\u2026<\/p>\n<p style=\"text-align: justify;\">\n<p style=\"text-align: justify;\">(1)\u00a0<a href=\"https:\/\/www.seuil.com\/ouvrage\/ville-des-anges-christa-wolf\/9782021041019\">https:\/\/www.seuil.com\/ouvrage\/ville-des-anges-christa-wolf\/9782021041019<\/a><\/p>\n<p style=\"text-align: justify;\">(2) Pour en savoir plus, lire cet article\u2026 https:\/\/www.lemonde.fr\/blog\/fredericjoignot\/2016\/08\/30\/comment-les-algorithmes-nous-enferment-dans-une-bulle-intellectuelle\/<\/p>\n<div id=\"iLikeThis-21959\" class=\"iLikeThis\"><span class=\"counter\"><a onclick=\"likeThis(21959);\" class=\"image\">3<\/a><\/span><\/div>\n<p><a href=\"http:\/\/www.facebook.com\/share.php?u=https%3A%2F%2Fwww.loucamino.com%2F%3Fp%3D21959&amp;t=Carnet%20de%20confinement%20%2F%20Jour%2017%20-%20Troisi%C3%A8me%20tentative%20d%E2%80%99%C3%A9vasion\" id=\"facebook_share_both_21959\" style=\"font-size:11px; line-height:13px; font-family:'lucida grande',tahoma,verdana,arial,sans-serif; text-decoration:none; padding:2px 0 0 20px; height:16px; background:url(http:\/\/b.static.ak.fbcdn.net\/images\/share\/facebook_share_icon.gif) no-repeat top left;\">Share on Facebook<\/a><br \/>\n\t<script type=\"text\/javascript\">\n\t<!--\n\tvar button = document.getElementById('facebook_share_link_21959') || document.getElementById('facebook_share_icon_21959') || document.getElementById('facebook_share_both_21959') || document.getElementById('facebook_share_button_21959');\n\tif (button) {\n\t\tbutton.onclick = function(e) {\n\t\t\tvar url = this.href.replace(\/share\\.php\/, 'sharer.php');\n\t\t\twindow.open(url,'sharer','toolbar=0,status=0,width=626,height=436');\n\t\t\treturn false;\n\t\t}\n\t\n\t\tif (button.id === 'facebook_share_button_21959') {\n\t\t\tbutton.onmouseover = function(){\n\t\t\t\tthis.style.color='#fff';\n\t\t\t\tthis.style.borderColor = '#295582';\n\t\t\t\tthis.style.backgroundColor = '#3b5998';\n\t\t\t}\n\t\t\tbutton.onmouseout = function(){\n\t\t\t\tthis.style.color = '#3b5998';\n\t\t\t\tthis.style.borderColor = '#d8dfea';\n\t\t\t\tthis.style.backgroundColor = '#fff';\n\t\t\t}\n\t\t}\n\t}\n\t-->\n\t<\/script><\/p>\n","protected":false},"excerpt":{"rendered":"<p>Non que nous soyons au bagne \u2013 bien au contraire \u2013, mais des voix \u2013 r\u00e9elles et minoritaires \u2013 nous sugg\u00e8rent de penser, quand m\u00eame, au retour. Or, le retour, c\u2019est demain, et comme je l\u2019\u00e9crivais hier, ma pens\u00e9e s\u2019arr\u00eate \u00e0 aujourd\u2019hui. Soit. Par acquis de conscience et aussi parce que j\u2019ai bien int\u00e9gr\u00e9 l\u2019impermanence [&hellip;]<\/p>\n<a href=\"http:\/\/www.facebook.com\/share.php?u=https%3A%2F%2Fwww.loucamino.com%2F%3Fp%3D21959&amp;t=Carnet%20de%20confinement%20%2F%20Jour%2017%20-%20Troisi%C3%A8me%20tentative%20d%E2%80%99%C3%A9vasion\" id=\"facebook_share_both_21959\" style=\"font-size:11px; line-height:13px; font-family:'lucida grande',tahoma,verdana,arial,sans-serif; text-decoration:none; padding:2px 0 0 20px; height:16px; background:url(http:\/\/b.static.ak.fbcdn.net\/images\/share\/facebook_share_icon.gif) no-repeat top left;\">Share on Facebook<\/a>\r\n\t<script type=\"text\/javascript\">\r\n\t<!--\r\n\tvar button = document.getElementById('facebook_share_link_21959') || document.getElementById('facebook_share_icon_21959') || document.getElementById('facebook_share_both_21959') || document.getElementById('facebook_share_button_21959');\r\n\tif (button) {\r\n\t\tbutton.onclick = function(e) {\r\n\t\t\tvar url = this.href.replace(\/share\\.php\/, 'sharer.php');\r\n\t\t\twindow.open(url,'sharer','toolbar=0,status=0,width=626,height=436');\r\n\t\t\treturn false;\r\n\t\t}\r\n\t\r\n\t\tif (button.id === 'facebook_share_button_21959') {\r\n\t\t\tbutton.onmouseover = function(){\r\n\t\t\t\tthis.style.color='#fff';\r\n\t\t\t\tthis.style.borderColor = '#295582';\r\n\t\t\t\tthis.style.backgroundColor = '#3b5998';\r\n\t\t\t}\r\n\t\t\tbutton.onmouseout = function(){\r\n\t\t\t\tthis.style.color = '#3b5998';\r\n\t\t\t\tthis.style.borderColor = '#d8dfea';\r\n\t\t\t\tthis.style.backgroundColor = '#fff';\r\n\t\t\t}\r\n\t\t}\r\n\t}\r\n\t-->\r\n\t<\/script>\r\n\t","protected":false},"author":1,"featured_media":0,"comment_status":"open","ping_status":"open","sticky":false,"template":"","format":"standard","meta":{"ngg_post_thumbnail":0},"categories":[1,4139],"tags":[845,59,4132,4129,4128,4161,503,4203,4131,4160,4134,4136,4137],"_links":{"self":[{"href":"https:\/\/www.loucamino.com\/index.php?rest_route=\/wp\/v2\/posts\/21959"}],"collection":[{"href":"https:\/\/www.loucamino.com\/index.php?rest_route=\/wp\/v2\/posts"}],"about":[{"href":"https:\/\/www.loucamino.com\/index.php?rest_route=\/wp\/v2\/types\/post"}],"author":[{"embeddable":true,"href":"https:\/\/www.loucamino.com\/index.php?rest_route=\/wp\/v2\/users\/1"}],"replies":[{"embeddable":true,"href":"https:\/\/www.loucamino.com\/index.php?rest_route=%2Fwp%2Fv2%2Fcomments&post=21959"}],"version-history":[{"count":2,"href":"https:\/\/www.loucamino.com\/index.php?rest_route=\/wp\/v2\/posts\/21959\/revisions"}],"predecessor-version":[{"id":21963,"href":"https:\/\/www.loucamino.com\/index.php?rest_route=\/wp\/v2\/posts\/21959\/revisions\/21963"}],"wp:attachment":[{"href":"https:\/\/www.loucamino.com\/index.php?rest_route=%2Fwp%2Fv2%2Fmedia&parent=21959"}],"wp:term":[{"taxonomy":"category","embeddable":true,"href":"https:\/\/www.loucamino.com\/index.php?rest_route=%2Fwp%2Fv2%2Fcategories&post=21959"},{"taxonomy":"post_tag","embeddable":true,"href":"https:\/\/www.loucamino.com\/index.php?rest_route=%2Fwp%2Fv2%2Ftags&post=21959"}],"curies":[{"name":"wp","href":"https:\/\/api.w.org\/{rel}","templated":true}]}}