{"id":21954,"date":"2020-04-11T19:54:39","date_gmt":"2020-04-11T06:54:39","guid":{"rendered":"http:\/\/www.loucamino.com\/?p=21954"},"modified":"2020-04-11T20:27:08","modified_gmt":"2020-04-11T07:27:08","slug":"carnet-de-confinement-jour-16-la-musique-adoucit-les-confines","status":"publish","type":"post","link":"https:\/\/www.loucamino.com\/?p=21954","title":{"rendered":"Carnet de confinement \/ Jour 16 &#8211; La musique adoucit les confin\u00e9s"},"content":{"rendered":"<ul class=\"wpsocialite social-buttons large\"><\/ul><p><a href=\"http:\/\/www.loucamino.com\/wp-content\/uploads\/2020\/04\/JC16_DSC3869-72-site.jpg\"><img loading=\"lazy\" class=\"size-full wp-image-21955 aligncenter\" src=\"http:\/\/www.loucamino.com\/wp-content\/uploads\/2020\/04\/JC16_DSC3869-72-site.jpg\" alt=\"JC16_DSC3869-72-site\" width=\"550\" height=\"824\" srcset=\"https:\/\/www.loucamino.com\/wp-content\/uploads\/2020\/04\/JC16_DSC3869-72-site.jpg 550w, https:\/\/www.loucamino.com\/wp-content\/uploads\/2020\/04\/JC16_DSC3869-72-site-200x300.jpg 200w\" sizes=\"(max-width: 550px) 100vw, 550px\" \/><\/a><\/p>\n<p style=\"text-align: justify;\">Dvo\u0159\u00e1k m\u2019accompagne. Symphonie n\u00b09 en mi mineur, dite du Nouveau Monde. Je n\u2019ai pas cherch\u00e9 le symbole \u2013 d\u2019autant que son Nouveau Monde \u00e9tait l\u2019Am\u00e9rique de la fin du 19<sup>e<\/sup>si\u00e8cle, New York pr\u00e9cis\u00e9ment o\u00f9 il v\u00e9cut 3 ans pour en diriger le Conservatoire \u2013, juste un air si familier que je le siffle en parall\u00e8le. Le fait est qu\u2019elle m\u2019emporte tellement que je peine \u00e0 me concentrer sur mes propres mots (m\u00eame si je n\u2019en suis qu\u2019au d\u00e9but). Je d\u00e9couvre \u00e0 l\u2019occasion d\u2019une v\u00e9rification chronologique qu\u2019il a compos\u00e9 les th\u00e8mes de cette fantastique symphonie en \u00ab\u00a0leur donnant les particularit\u00e9s de la musique des Noirs et des Peaux Rouges\u00a0\u00bb (1), aveu qui avait choqu\u00e9 l\u2019Ancien Monde \u00e0 l\u2019\u00e9poque. Dvo\u0159\u00e1k s\u2019est notamment inspir\u00e9 d\u2019un po\u00e8me, <em>Le Chant de Hiawatha<\/em>, de Henry Longfellow, \u00e9voquant la vie de Hiawatha, un Indien de la tribu des Ojibw\u00e9s. Je r\u00e9siste \u00e0 creuser plus la piste de ses origines de peur de ne jamais remonter \u00e0 la surface. A ce propos, Armstrong \u2013 Neil pas Louis \u2013 en avait emport\u00e9 un enregistrement lorsqu\u2019il a, pour la premi\u00e8re et unique fois, march\u00e9 sur la Lune (personne, ou plut\u00f4t, aucune personne n\u2019y \u00e9tant all\u00e9 deux fois).<\/p>\n<p style=\"text-align: justify;\">Quoi qu\u2019il en soit, retour \u00e0 Wellington dont l\u2019atmosph\u00e8re n\u2019est pas si \u00e9loign\u00e9e de la Mer de la Tranquillit\u00e9. Enfin, on se comprend&#8230; Dans un autre registre, notre voisin, musicien, plus jazzy a priori, nous disait l\u2019autre jour, de loin rassurez-vous, avoir l\u2019impression d\u2019\u00eatre dans \u00ab\u00a0Groundhog Day\u00a0\u00bb, traduit litt\u00e9ralement par nos amis qu\u00e9b\u00e9cois, qui ne font jamais de r\u00e9interpr\u00e9tation en la mati\u00e8re, par \u00ab\u00a0Le jour de la marmotte\u00a0\u00bb. Un titre peu \u00e9vocateur pour nous autres Fran\u00e7ais. Je lui pr\u00e9f\u00e8re \u00ab\u00a0Un jour sans fin\u00a0\u00bb, nettement moins \u00e9nigmatique, beaucoup plus direct. Curieusement, depuis le confinement, alors m\u00eame que clairement, mes journ\u00e9es se ressemblent, \u00e0 quelques folies pr\u00e8s sur la rue emprunt\u00e9e pour rejoindre la for\u00eat ou le New World (pas celui de Dvo\u0159\u00e1k, celui de mon estomac), je n\u2019ai pas du tout \u00e9prouv\u00e9 ce sentiment.<\/p>\n<p style=\"text-align: justify;\">En fait, la derni\u00e8re fois que j\u2019ai eu la sensation de glisser dans la peau de Phil Connors, le personnage principal du film magistralement camp\u00e9 par Bill Murray, c\u2019\u00e9tait il y a quelques ann\u00e9es, \u00e0 l\u2019occasion de vacances estivales avec mes neveux et ni\u00e8ce, que j\u2019adore bien s\u00fbr et qui ont grandi depuis, et pendant lesquelles j\u2019avais eu l\u2019impression de revivre 23 fois la m\u00eame journ\u00e9e. Jour apr\u00e8s jour, les m\u00eames \u00e9v\u00e9nements se produisaient dans le m\u00eame ordre, aux m\u00eames heures, pendant la m\u00eame dur\u00e9e ; jour apr\u00e8s jour, la r\u00e9p\u00e9tition des m\u00eames sentences que la veille, sans fl\u00e9chir mais en esp\u00e9rant, comme lui, qu\u2019un jour, prochain, cela finirait par rentrer et que je pourrais enfin passer \u00e0 une autre journ\u00e9e ! Au lendemain finalement, o\u00f9, comme sur une page blanche, tout deviendrait \u00e0 nouveau possible, tout serait \u00e0 \u00e9crire&#8230;<\/p>\n<p style=\"text-align: justify;\">Et l\u00e0, je r\u00e9alise que, peut-\u00eatre, je suis malgr\u00e9 tout dans \u00ab\u00a0Un jour sans fin\u00a0\u00bb sans m\u2019en apercevoir. Car m\u00eame si tout se passe bien pour moi dans le pas-meilleur des mondes, m\u00eame si je ne manque de rien \u2013 hormis de ma famille et de mes amis, dont l\u2019absence r\u00e9elle est compens\u00e9e par leur pr\u00e9sence num\u00e9rique \u2013, m\u00eame si je pourrais rester l\u00e0 des mois sans m\u2019ennuyer une seconde, pour le moment, comme beaucoup, je ne peux toujours pas passer \u00e0 demain. J\u2019entends, le \u00ab vrai\u00a0\u00bb demain. C\u2019est comme s\u2019il avait litt\u00e9ralement disparu, que le temps de l\u2019anticipation, des projections \u00e9tait r\u00e9volu. De fait, quand j\u2019essaye de penser \u00e0 demain, le vrai, dans quelques semaines, dans quelques mois, peut-\u00eatre m\u00eame dans quelques ann\u00e9es, je n\u2019y arrive pas. Il n\u2019y a rien auquel mon esprit se raccroche. Ou si peu. Je l\u2019\u00e9cris d\u2019autant plus facilement que je traverse ce brouillard parfaitement bien, sans angoisse aucune. Et pouvoir \u00e9crire, a fortiori penser cela, me prouve, je le savais d\u00e9j\u00e0, \u00e0 quel point je suis une personne heureuse (encore plus depuis que je sais que je suis la personne id\u00e9ale pour partager un confinement, sic). Simplement, c\u2019est in\u00e9dit, c\u2019est \u00e9trange, c\u2019est extra-ordinaire. Et d\u2019une certaine mani\u00e8re, reposant. C\u2019est \u00e9videmment tr\u00e8s personnel, corr\u00e9l\u00e9 \u00e0 mon propre v\u00e9cu de cet \u00e9v\u00e9nement qui nous touche tous diff\u00e9remment. Je me garderais bien de faire des g\u00e9n\u00e9ralit\u00e9s en ce moment, pour lesquelles je confie d\u2019ailleurs une l\u00e9g\u00e8re aversion\u2026<\/p>\n<p style=\"text-align: justify;\">Bien s\u00fbr, la question est pos\u00e9e partout\u00a0: et apr\u00e8s \u2013 car cette situation ne va pas durer \u00e9ternellement \u2013, ce sera comment apr\u00e8s\u00a0? Qu\u2019aurons-nous appris\u00a0? Changer, est-ce devenir quelqu\u2019un d\u2019autre\u00a0? Serons-nous toujours libres\u00a0? L\u2019avons-nous \u00e9t\u00e9 un jour\u00a0? Reconna\u00eetre ses devoirs, est-ce renoncer \u00e0 sa libert\u00e9 ? Faut-il vivre comme si nous devions mourir demain\u00a0? Choisissons nous notre existence\u00a0? L\u2019homme doit-il travailler pour \u00eatre humain\u00a0? Pouvons-nous \u00e9chapper au temps\u00a0? Exister, est-ce vivre au pr\u00e9sent\u00a0? Est-ce une fonction de l\u2019art que d\u2019embellir la vie ? L\u2019art nous r\u00e9concilie-t-il avec le monde\u00a0? Que nous apprend l\u2019histoire\u00a0? L\u2019\u00e9tude de l\u2019histoire nous conduit-elle \u00e0 d\u00e9sesp\u00e9rer de l\u2019homme\u00a0? La recherche du profit est-elle le but de tout \u00e9change\u00a0? Y a-t-il une raison \u00e0 tout\u00a0? Les lois peuvent-elles faire notre bonheur\u00a0? Peut-on concevoir une soci\u00e9t\u00e9 sans Etat\u00a0? Le mensonge est-il une vertu politique\u00a0? Une soci\u00e9t\u00e9 juste peut-elle s\u2019accommoder d\u2019in\u00e9galit\u00e9s\u00a0? Qui peut me dire ce que je dois faire\u00a0? Faut-il se soucier de l\u2019avenir\u00a0? (2) Chaque jour, j\u2019ai l\u2019impression que cette pand\u00e9mie nous fait repasser notre bac philo\u00a0! Pas vous ?<\/p>\n<p style=\"text-align: justify;\">(1)<a href=\"https:\/\/www.francemusique.fr\/emissions\/klassiko-dingo\/la-symphonie-ndeg9-dite-du-nouveau-monde-d-antonin-dvorak-la-cornemuse-et-l-actu-dingo-15153\">https:\/\/www.francemusique.fr\/emissions\/klassiko-dingo\/la-symphonie-ndeg9-dite-du-nouveau-monde-d-antonin-dvorak-la-cornemuse-et-l-actu-dingo-15153<br \/>\n<\/a>(2) Pour une grande partie, des sujets r\u00e9els de bac philo de ces derni\u00e8res ann\u00e9es<\/p>\n<div id=\"iLikeThis-21954\" class=\"iLikeThis\"><span class=\"counter\"><a onclick=\"likeThis(21954);\" class=\"image\">3<\/a><\/span><\/div>\n<p><a href=\"http:\/\/www.facebook.com\/share.php?u=https%3A%2F%2Fwww.loucamino.com%2F%3Fp%3D21954&amp;t=Carnet%20de%20confinement%20%2F%20Jour%2016%20-%20La%20musique%20adoucit%20les%20confin%C3%A9s\" id=\"facebook_share_both_21954\" style=\"font-size:11px; line-height:13px; font-family:'lucida grande',tahoma,verdana,arial,sans-serif; text-decoration:none; padding:2px 0 0 20px; height:16px; background:url(http:\/\/b.static.ak.fbcdn.net\/images\/share\/facebook_share_icon.gif) no-repeat top left;\">Share on Facebook<\/a><br \/>\n\t<script type=\"text\/javascript\">\n\t<!--\n\tvar button = document.getElementById('facebook_share_link_21954') || document.getElementById('facebook_share_icon_21954') || document.getElementById('facebook_share_both_21954') || document.getElementById('facebook_share_button_21954');\n\tif (button) {\n\t\tbutton.onclick = function(e) {\n\t\t\tvar url = this.href.replace(\/share\\.php\/, 'sharer.php');\n\t\t\twindow.open(url,'sharer','toolbar=0,status=0,width=626,height=436');\n\t\t\treturn false;\n\t\t}\n\t\n\t\tif (button.id === 'facebook_share_button_21954') {\n\t\t\tbutton.onmouseover = function(){\n\t\t\t\tthis.style.color='#fff';\n\t\t\t\tthis.style.borderColor = '#295582';\n\t\t\t\tthis.style.backgroundColor = '#3b5998';\n\t\t\t}\n\t\t\tbutton.onmouseout = function(){\n\t\t\t\tthis.style.color = '#3b5998';\n\t\t\t\tthis.style.borderColor = '#d8dfea';\n\t\t\t\tthis.style.backgroundColor = '#fff';\n\t\t\t}\n\t\t}\n\t}\n\t-->\n\t<\/script><\/p>\n","protected":false},"excerpt":{"rendered":"<p>Dvo\u0159\u00e1k m\u2019accompagne. Symphonie n\u00b09 en mi mineur, dite du Nouveau Monde. Je n\u2019ai pas cherch\u00e9 le symbole \u2013 d\u2019autant que son Nouveau Monde \u00e9tait l\u2019Am\u00e9rique de la fin du 19esi\u00e8cle, New York pr\u00e9cis\u00e9ment o\u00f9 il v\u00e9cut 3 ans pour en diriger le Conservatoire \u2013, juste un air si familier que je le siffle en parall\u00e8le. [&hellip;]<\/p>\n<a href=\"http:\/\/www.facebook.com\/share.php?u=https%3A%2F%2Fwww.loucamino.com%2F%3Fp%3D21954&amp;t=Carnet%20de%20confinement%20%2F%20Jour%2016%20-%20La%20musique%20adoucit%20les%20confin%C3%A9s\" id=\"facebook_share_both_21954\" style=\"font-size:11px; line-height:13px; font-family:'lucida grande',tahoma,verdana,arial,sans-serif; text-decoration:none; padding:2px 0 0 20px; height:16px; background:url(http:\/\/b.static.ak.fbcdn.net\/images\/share\/facebook_share_icon.gif) no-repeat top left;\">Share on Facebook<\/a>\r\n\t<script type=\"text\/javascript\">\r\n\t<!--\r\n\tvar button = document.getElementById('facebook_share_link_21954') || document.getElementById('facebook_share_icon_21954') || document.getElementById('facebook_share_both_21954') || document.getElementById('facebook_share_button_21954');\r\n\tif (button) {\r\n\t\tbutton.onclick = function(e) {\r\n\t\t\tvar url = this.href.replace(\/share\\.php\/, 'sharer.php');\r\n\t\t\twindow.open(url,'sharer','toolbar=0,status=0,width=626,height=436');\r\n\t\t\treturn false;\r\n\t\t}\r\n\t\r\n\t\tif (button.id === 'facebook_share_button_21954') {\r\n\t\t\tbutton.onmouseover = function(){\r\n\t\t\t\tthis.style.color='#fff';\r\n\t\t\t\tthis.style.borderColor = '#295582';\r\n\t\t\t\tthis.style.backgroundColor = '#3b5998';\r\n\t\t\t}\r\n\t\t\tbutton.onmouseout = function(){\r\n\t\t\t\tthis.style.color = '#3b5998';\r\n\t\t\t\tthis.style.borderColor = '#d8dfea';\r\n\t\t\t\tthis.style.backgroundColor = '#fff';\r\n\t\t\t}\r\n\t\t}\r\n\t}\r\n\t-->\r\n\t<\/script>\r\n\t","protected":false},"author":1,"featured_media":0,"comment_status":"open","ping_status":"open","sticky":false,"template":"","format":"standard","meta":{"ngg_post_thumbnail":0},"categories":[1],"tags":[4156,4132,4129,4128,4159,4158,4157,4130,3739,4131,204,4136],"_links":{"self":[{"href":"https:\/\/www.loucamino.com\/index.php?rest_route=\/wp\/v2\/posts\/21954"}],"collection":[{"href":"https:\/\/www.loucamino.com\/index.php?rest_route=\/wp\/v2\/posts"}],"about":[{"href":"https:\/\/www.loucamino.com\/index.php?rest_route=\/wp\/v2\/types\/post"}],"author":[{"embeddable":true,"href":"https:\/\/www.loucamino.com\/index.php?rest_route=\/wp\/v2\/users\/1"}],"replies":[{"embeddable":true,"href":"https:\/\/www.loucamino.com\/index.php?rest_route=%2Fwp%2Fv2%2Fcomments&post=21954"}],"version-history":[{"count":3,"href":"https:\/\/www.loucamino.com\/index.php?rest_route=\/wp\/v2\/posts\/21954\/revisions"}],"predecessor-version":[{"id":21958,"href":"https:\/\/www.loucamino.com\/index.php?rest_route=\/wp\/v2\/posts\/21954\/revisions\/21958"}],"wp:attachment":[{"href":"https:\/\/www.loucamino.com\/index.php?rest_route=%2Fwp%2Fv2%2Fmedia&parent=21954"}],"wp:term":[{"taxonomy":"category","embeddable":true,"href":"https:\/\/www.loucamino.com\/index.php?rest_route=%2Fwp%2Fv2%2Fcategories&post=21954"},{"taxonomy":"post_tag","embeddable":true,"href":"https:\/\/www.loucamino.com\/index.php?rest_route=%2Fwp%2Fv2%2Ftags&post=21954"}],"curies":[{"name":"wp","href":"https:\/\/api.w.org\/{rel}","templated":true}]}}