{"id":21770,"date":"2018-06-13T23:20:48","date_gmt":"2018-06-13T22:20:48","guid":{"rendered":"http:\/\/www.loucamino.com\/?p=21770"},"modified":"2018-06-13T23:26:18","modified_gmt":"2018-06-13T22:26:18","slug":"linjustice-visuelle","status":"publish","type":"post","link":"https:\/\/www.loucamino.com\/?p=21770","title":{"rendered":"L&rsquo;injustice visuelle th\u00e9orique"},"content":{"rendered":"<ul class=\"wpsocialite social-buttons large\"><\/ul><p><a href=\"http:\/\/www.loucamino.com\/wp-content\/uploads\/2018\/06\/DSC7796-72.jpg\"><img loading=\"lazy\" class=\"size-full wp-image-21771 aligncenter\" src=\"http:\/\/www.loucamino.com\/wp-content\/uploads\/2018\/06\/DSC7796-72.jpg\" alt=\"L'injustice visuelle\" width=\"550\" height=\"367\" srcset=\"https:\/\/www.loucamino.com\/wp-content\/uploads\/2018\/06\/DSC7796-72.jpg 550w, https:\/\/www.loucamino.com\/wp-content\/uploads\/2018\/06\/DSC7796-72-300x200.jpg 300w\" sizes=\"(max-width: 550px) 100vw, 550px\" \/><\/a><\/p>\n<p style=\"text-align: justify;\">L&rsquo;autre jour, une \u00e9trange pens\u00e9e m&rsquo;a travers\u00e9 l&rsquo;esprit : sauf pathologie\u00a0ophtalmique particuli\u00e8re, les \u00eatres humains ont tous &#8211; modulo quelques degr\u00e9s &#8211; le m\u00eame champ visuel horizontal. 180 degr\u00e9s au maximum en vision binoculaire. Presque rien ne devrait nous \u00e9chapper&#8230; Enfin, si, tout ce qui se passe derri\u00e8re&#8230; Bref, \u00e0 cet \u00e9gard, ce champ de vision\u00a0fait donc partie des constantes intrins\u00e8ques\u00a0du corps humain, avec, dans le meilleur des cas, deux bras, deux jambes, une t\u00eate, deux yeux, deux oreilles, un nez, une bouche&#8230; vous voyez le topo !<\/p>\n<p style=\"text-align: justify;\">Une autre pens\u00e9e \u00e9trange est alors venue s&rsquo;immiscer dans mon fil interrogatif : pourquoi le champ visuel ne serait-il pas corr\u00e9l\u00e9 \u00e0 l&rsquo;ouverture d&rsquo;esprit des gens ? Cela pose \u00e9videmment une troisi\u00e8me\u00a0question : comment se mesure objectivement l&rsquo;ouverture d&rsquo;esprit de quelqu&rsquo;un ? Car, en l&rsquo;esp\u00e8ce, il n&rsquo;y a pas r\u00e9ellement de r\u00e9f\u00e9rentiel universel. Nous naviguons dans le subjectif, \u00e0 comparer des ODE\u00a0relativement \u00e0 la n\u00f4tre ou \u00e0 celles de personnes que nous connaissons, et que nous avons de toute mani\u00e8re tendance \u00e0 comparer \u00e0 la n\u00f4tre. Mais, mettons cette question d&rsquo;\u00e9chelle d&rsquo;objectivit\u00e9 de c\u00f4t\u00e9 pour le moment. Elle n&#8217;emp\u00eache en effet pas de continuer \u00e0 s&rsquo;interroger th\u00e9oriquement. Aussi, si je vais au bout de l&rsquo;id\u00e9e sous-jacente de cette deuxi\u00e8me question,\u00a0pourquoi donc une personne \u00e9troite d&rsquo;esprit voit-elle \u00e0 180 degr\u00e9s alors que, manifestement, cela ne lui sert pas \u00e0 grand chose ? Pourquoi n&rsquo;a-t-elle pas physiquement un champ visuel restreint, l&rsquo;obligeant \u00e0 tourner la t\u00eate pour embrasser le\u00a0reste du panorama\u00a0? Parce qu&rsquo;il y a toujours de l&rsquo;espoir ? Parce qu&rsquo;un champ visuel r\u00e9duit la conforterait assur\u00e9ment dans sa vision partielle du monde (ce qui est finalement assez logique) ? Ou tout simplement parce que le cahier des charges \u00e9tait d\u00e9j\u00e0 suffisamment complexe pour, en plus, introduire ce genre de param\u00e8tres ? Evidemment, aucune r\u00e9ponse sens\u00e9e \u00e0 ces questions sp\u00e9culatives&#8230; Quoiqu&rsquo;il en soit, cela reste toujours moins\u00a0d\u00e9sagr\u00e9able et moins frustrant de ne pas avoir de r\u00e9ponses \u00e0 des questions qui n&rsquo;ont pas \u00e0 se poser !<\/p>\n<div id=\"iLikeThis-21770\" class=\"iLikeThis\"><span class=\"counter\"><a onclick=\"likeThis(21770);\" class=\"image\">5<\/a><\/span><\/div>\n<p><a href=\"http:\/\/www.facebook.com\/share.php?u=https%3A%2F%2Fwww.loucamino.com%2F%3Fp%3D21770&amp;t=L%27injustice%20visuelle%20th%C3%A9orique\" id=\"facebook_share_both_21770\" style=\"font-size:11px; line-height:13px; font-family:'lucida grande',tahoma,verdana,arial,sans-serif; text-decoration:none; padding:2px 0 0 20px; height:16px; background:url(http:\/\/b.static.ak.fbcdn.net\/images\/share\/facebook_share_icon.gif) no-repeat top left;\">Share on Facebook<\/a><br \/>\n\t<script type=\"text\/javascript\">\n\t<!--\n\tvar button = document.getElementById('facebook_share_link_21770') || document.getElementById('facebook_share_icon_21770') || document.getElementById('facebook_share_both_21770') || document.getElementById('facebook_share_button_21770');\n\tif (button) {\n\t\tbutton.onclick = function(e) {\n\t\t\tvar url = this.href.replace(\/share\\.php\/, 'sharer.php');\n\t\t\twindow.open(url,'sharer','toolbar=0,status=0,width=626,height=436');\n\t\t\treturn false;\n\t\t}\n\t\n\t\tif (button.id === 'facebook_share_button_21770') {\n\t\t\tbutton.onmouseover = function(){\n\t\t\t\tthis.style.color='#fff';\n\t\t\t\tthis.style.borderColor = '#295582';\n\t\t\t\tthis.style.backgroundColor = '#3b5998';\n\t\t\t}\n\t\t\tbutton.onmouseout = function(){\n\t\t\t\tthis.style.color = '#3b5998';\n\t\t\t\tthis.style.borderColor = '#d8dfea';\n\t\t\t\tthis.style.backgroundColor = '#fff';\n\t\t\t}\n\t\t}\n\t}\n\t-->\n\t<\/script><\/p>\n","protected":false},"excerpt":{"rendered":"<p>L&rsquo;autre jour, une \u00e9trange pens\u00e9e m&rsquo;a travers\u00e9 l&rsquo;esprit : sauf pathologie\u00a0ophtalmique particuli\u00e8re, les \u00eatres humains ont tous &#8211; modulo quelques degr\u00e9s &#8211; le m\u00eame champ visuel horizontal. 180 degr\u00e9s au maximum en vision binoculaire. Presque rien ne devrait nous \u00e9chapper&#8230; Enfin, si, tout ce qui se passe derri\u00e8re&#8230; Bref, \u00e0 cet \u00e9gard, ce champ de [&hellip;]<\/p>\n<a href=\"http:\/\/www.facebook.com\/share.php?u=https%3A%2F%2Fwww.loucamino.com%2F%3Fp%3D21770&amp;t=L%27injustice%20visuelle%20th%C3%A9orique\" id=\"facebook_share_both_21770\" style=\"font-size:11px; line-height:13px; font-family:'lucida grande',tahoma,verdana,arial,sans-serif; text-decoration:none; padding:2px 0 0 20px; height:16px; background:url(http:\/\/b.static.ak.fbcdn.net\/images\/share\/facebook_share_icon.gif) no-repeat top left;\">Share on Facebook<\/a>\r\n\t<script type=\"text\/javascript\">\r\n\t<!--\r\n\tvar button = document.getElementById('facebook_share_link_21770') || document.getElementById('facebook_share_icon_21770') || document.getElementById('facebook_share_both_21770') || document.getElementById('facebook_share_button_21770');\r\n\tif (button) {\r\n\t\tbutton.onclick = function(e) {\r\n\t\t\tvar url = this.href.replace(\/share\\.php\/, 'sharer.php');\r\n\t\t\twindow.open(url,'sharer','toolbar=0,status=0,width=626,height=436');\r\n\t\t\treturn false;\r\n\t\t}\r\n\t\r\n\t\tif (button.id === 'facebook_share_button_21770') {\r\n\t\t\tbutton.onmouseover = function(){\r\n\t\t\t\tthis.style.color='#fff';\r\n\t\t\t\tthis.style.borderColor = '#295582';\r\n\t\t\t\tthis.style.backgroundColor = '#3b5998';\r\n\t\t\t}\r\n\t\t\tbutton.onmouseout = function(){\r\n\t\t\t\tthis.style.color = '#3b5998';\r\n\t\t\t\tthis.style.borderColor = '#d8dfea';\r\n\t\t\t\tthis.style.backgroundColor = '#fff';\r\n\t\t\t}\r\n\t\t}\r\n\t}\r\n\t-->\r\n\t<\/script>\r\n\t","protected":false},"author":1,"featured_media":0,"comment_status":"open","ping_status":"open","sticky":false,"template":"","format":"standard","meta":{"ngg_post_thumbnail":0},"categories":[1],"tags":[4204,852,4090,4091,4214,4094,75,1963,4093,4089,4092,615,2739,4205],"_links":{"self":[{"href":"https:\/\/www.loucamino.com\/index.php?rest_route=\/wp\/v2\/posts\/21770"}],"collection":[{"href":"https:\/\/www.loucamino.com\/index.php?rest_route=\/wp\/v2\/posts"}],"about":[{"href":"https:\/\/www.loucamino.com\/index.php?rest_route=\/wp\/v2\/types\/post"}],"author":[{"embeddable":true,"href":"https:\/\/www.loucamino.com\/index.php?rest_route=\/wp\/v2\/users\/1"}],"replies":[{"embeddable":true,"href":"https:\/\/www.loucamino.com\/index.php?rest_route=%2Fwp%2Fv2%2Fcomments&post=21770"}],"version-history":[{"count":4,"href":"https:\/\/www.loucamino.com\/index.php?rest_route=\/wp\/v2\/posts\/21770\/revisions"}],"predecessor-version":[{"id":21775,"href":"https:\/\/www.loucamino.com\/index.php?rest_route=\/wp\/v2\/posts\/21770\/revisions\/21775"}],"wp:attachment":[{"href":"https:\/\/www.loucamino.com\/index.php?rest_route=%2Fwp%2Fv2%2Fmedia&parent=21770"}],"wp:term":[{"taxonomy":"category","embeddable":true,"href":"https:\/\/www.loucamino.com\/index.php?rest_route=%2Fwp%2Fv2%2Fcategories&post=21770"},{"taxonomy":"post_tag","embeddable":true,"href":"https:\/\/www.loucamino.com\/index.php?rest_route=%2Fwp%2Fv2%2Ftags&post=21770"}],"curies":[{"name":"wp","href":"https:\/\/api.w.org\/{rel}","templated":true}]}}