{"id":21441,"date":"2018-04-20T23:43:18","date_gmt":"2018-04-20T22:43:18","guid":{"rendered":"http:\/\/www.loucamino.com\/?p=21441"},"modified":"2018-04-21T00:48:37","modified_gmt":"2018-04-20T23:48:37","slug":"dans-la-precipitation","status":"publish","type":"post","link":"https:\/\/www.loucamino.com\/?p=21441","title":{"rendered":"Dans la pr\u00e9cipitation&#8230;"},"content":{"rendered":"<ul class=\"wpsocialite social-buttons large\"><\/ul><p style=\"text-align: justify;\"><a href=\"http:\/\/www.loucamino.com\/wp-content\/uploads\/2018\/04\/DSC7051-72.jpg\"><img loading=\"lazy\" class=\"size-full wp-image-21442 aligncenter\" src=\"http:\/\/www.loucamino.com\/wp-content\/uploads\/2018\/04\/DSC7051-72.jpg\" alt=\"L'ouverture de trop\" width=\"550\" height=\"367\" srcset=\"https:\/\/www.loucamino.com\/wp-content\/uploads\/2018\/04\/DSC7051-72.jpg 550w, https:\/\/www.loucamino.com\/wp-content\/uploads\/2018\/04\/DSC7051-72-300x200.jpg 300w\" sizes=\"(max-width: 550px) 100vw, 550px\" \/><\/a>Cela aurait pu \u00eatre la balance des blancs &#8211; car c&rsquo;est souvent elle qui g\u00e9n\u00e8re mes ires photographiques matinales en\u00a0donnant une teinte exag\u00e9r\u00e9ment bleut\u00e9e \u00e0\u00a0mes premi\u00e8res images du jour\u00a0apr\u00e8s une sortie nocturne virant au\u00a0jaune, compens\u00e9 \u00e0 base de degr\u00e9s kelvin, et \u00e0 l&rsquo;issue de laquelle j&rsquo;ai oubli\u00e9 de\u00a0r\u00e9tablir les r\u00e9glages neutres de ma boite \u00e0 images num\u00e9riques -, mais, cette fois-ci, c&rsquo;est bel et bien d&rsquo;ouverture dont il s&rsquo;agit !<\/p>\n<p style=\"text-align: justify;\">Je viens tout juste de photographier le couloir assez sombre d&rsquo;un restaurant abandonn\u00e9 s&rsquo;avan\u00e7ant sur\u00a0l&rsquo;eau dans lequel\u00a0erre un gardien du cru\u00a0quand ces jeunes ont d\u00e9boul\u00e9. J&rsquo;ai fil\u00e9, concentr\u00e9e sur leurs\u00a0dos destin\u00e9s \u00e0\u00a0int\u00e9grer\u00a0ma s\u00e9rie en cours \u00e0 en oublier que j&rsquo;avais ouvert mon diaphragme de plusieurs stops pour capter les plantes survivantes rest\u00e9es dans l&rsquo;obscurit\u00e9 dudit couloir. Et a fortiori, que ces caract\u00e9ristiques techniques n&rsquo;avaient plus lieu d&rsquo;\u00eatre dans des conditions de lumi\u00e8re normales. Il m&rsquo;est plusieurs fois arriv\u00e9 d&rsquo;aborder le sujet ambigu de la photo \u00ab\u00a0rat\u00e9e\u00a0\u00bb dans ces pages. Ambigu car tout \u00e9tant\u00a0subjectif, le \u00a0\u00ab\u00a0rat\u00e9\u00a0\u00bb en devient relatif lui aussi. Cette image-l\u00e0 est rat\u00e9e dans le sens o\u00f9 cette surexposition absorbeuse de d\u00e9tails et d&rsquo;informations\u00a0n&rsquo;\u00e9tait pas volontaire, mais le fruit d&rsquo;une faute d&rsquo;inattention, bref, de ma pr\u00e9cipitation. Et pourtant, cette image rat\u00e9e me pla\u00eet comme \u00e7a, partielle, incroyablement blanche comme la peinture des maisons alentour, comme cette page sur laquelle tout reste \u00e0 \u00e9crire, comme cette jeunesse joyeuse qui a l&rsquo;avenir devant elle, et avec lui, beaucoup de responsabilit\u00e9s&#8230;<\/p>\n<div id=\"iLikeThis-21441\" class=\"iLikeThis\"><span class=\"counter\"><a onclick=\"likeThis(21441);\" class=\"image\">4<\/a><\/span><\/div>\n<p><a href=\"http:\/\/www.facebook.com\/share.php?u=https%3A%2F%2Fwww.loucamino.com%2F%3Fp%3D21441&amp;t=Dans%20la%20pr%C3%A9cipitation...\" id=\"facebook_share_both_21441\" style=\"font-size:11px; line-height:13px; font-family:'lucida grande',tahoma,verdana,arial,sans-serif; text-decoration:none; padding:2px 0 0 20px; height:16px; background:url(http:\/\/b.static.ak.fbcdn.net\/images\/share\/facebook_share_icon.gif) no-repeat top left;\">Share on Facebook<\/a><br \/>\n\t<script type=\"text\/javascript\">\n\t<!--\n\tvar button = document.getElementById('facebook_share_link_21441') || document.getElementById('facebook_share_icon_21441') || document.getElementById('facebook_share_both_21441') || document.getElementById('facebook_share_button_21441');\n\tif (button) {\n\t\tbutton.onclick = function(e) {\n\t\t\tvar url = this.href.replace(\/share\\.php\/, 'sharer.php');\n\t\t\twindow.open(url,'sharer','toolbar=0,status=0,width=626,height=436');\n\t\t\treturn false;\n\t\t}\n\t\n\t\tif (button.id === 'facebook_share_button_21441') {\n\t\t\tbutton.onmouseover = function(){\n\t\t\t\tthis.style.color='#fff';\n\t\t\t\tthis.style.borderColor = '#295582';\n\t\t\t\tthis.style.backgroundColor = '#3b5998';\n\t\t\t}\n\t\t\tbutton.onmouseout = function(){\n\t\t\t\tthis.style.color = '#3b5998';\n\t\t\t\tthis.style.borderColor = '#d8dfea';\n\t\t\t\tthis.style.backgroundColor = '#fff';\n\t\t\t}\n\t\t}\n\t}\n\t-->\n\t<\/script><\/p>\n","protected":false},"excerpt":{"rendered":"<p>Cela aurait pu \u00eatre la balance des blancs &#8211; car c&rsquo;est souvent elle qui g\u00e9n\u00e8re mes ires photographiques matinales en\u00a0donnant une teinte exag\u00e9r\u00e9ment bleut\u00e9e \u00e0\u00a0mes premi\u00e8res images du jour\u00a0apr\u00e8s une sortie nocturne virant au\u00a0jaune, compens\u00e9 \u00e0 base de degr\u00e9s kelvin, et \u00e0 l&rsquo;issue de laquelle j&rsquo;ai oubli\u00e9 de\u00a0r\u00e9tablir les r\u00e9glages neutres de ma boite \u00e0 [&hellip;]<\/p>\n<a href=\"http:\/\/www.facebook.com\/share.php?u=https%3A%2F%2Fwww.loucamino.com%2F%3Fp%3D21441&amp;t=Dans%20la%20pr%C3%A9cipitation...\" id=\"facebook_share_both_21441\" style=\"font-size:11px; line-height:13px; font-family:'lucida grande',tahoma,verdana,arial,sans-serif; text-decoration:none; padding:2px 0 0 20px; height:16px; background:url(http:\/\/b.static.ak.fbcdn.net\/images\/share\/facebook_share_icon.gif) no-repeat top left;\">Share on Facebook<\/a>\r\n\t<script type=\"text\/javascript\">\r\n\t<!--\r\n\tvar button = document.getElementById('facebook_share_link_21441') || document.getElementById('facebook_share_icon_21441') || document.getElementById('facebook_share_both_21441') || document.getElementById('facebook_share_button_21441');\r\n\tif (button) {\r\n\t\tbutton.onclick = function(e) {\r\n\t\t\tvar url = this.href.replace(\/share\\.php\/, 'sharer.php');\r\n\t\t\twindow.open(url,'sharer','toolbar=0,status=0,width=626,height=436');\r\n\t\t\treturn false;\r\n\t\t}\r\n\t\r\n\t\tif (button.id === 'facebook_share_button_21441') {\r\n\t\t\tbutton.onmouseover = function(){\r\n\t\t\t\tthis.style.color='#fff';\r\n\t\t\t\tthis.style.borderColor = '#295582';\r\n\t\t\t\tthis.style.backgroundColor = '#3b5998';\r\n\t\t\t}\r\n\t\t\tbutton.onmouseout = function(){\r\n\t\t\t\tthis.style.color = '#3b5998';\r\n\t\t\t\tthis.style.borderColor = '#d8dfea';\r\n\t\t\t\tthis.style.backgroundColor = '#fff';\r\n\t\t\t}\r\n\t\t}\r\n\t}\r\n\t-->\r\n\t<\/script>\r\n\t","protected":false},"author":1,"featured_media":0,"comment_status":"open","ping_status":"open","sticky":false,"template":"","format":"standard","meta":{"ngg_post_thumbnail":0},"categories":[1],"tags":[503,3947,4203,30,502,1606,1540,831,79],"_links":{"self":[{"href":"https:\/\/www.loucamino.com\/index.php?rest_route=\/wp\/v2\/posts\/21441"}],"collection":[{"href":"https:\/\/www.loucamino.com\/index.php?rest_route=\/wp\/v2\/posts"}],"about":[{"href":"https:\/\/www.loucamino.com\/index.php?rest_route=\/wp\/v2\/types\/post"}],"author":[{"embeddable":true,"href":"https:\/\/www.loucamino.com\/index.php?rest_route=\/wp\/v2\/users\/1"}],"replies":[{"embeddable":true,"href":"https:\/\/www.loucamino.com\/index.php?rest_route=%2Fwp%2Fv2%2Fcomments&post=21441"}],"version-history":[{"count":2,"href":"https:\/\/www.loucamino.com\/index.php?rest_route=\/wp\/v2\/posts\/21441\/revisions"}],"predecessor-version":[{"id":21444,"href":"https:\/\/www.loucamino.com\/index.php?rest_route=\/wp\/v2\/posts\/21441\/revisions\/21444"}],"wp:attachment":[{"href":"https:\/\/www.loucamino.com\/index.php?rest_route=%2Fwp%2Fv2%2Fmedia&parent=21441"}],"wp:term":[{"taxonomy":"category","embeddable":true,"href":"https:\/\/www.loucamino.com\/index.php?rest_route=%2Fwp%2Fv2%2Fcategories&post=21441"},{"taxonomy":"post_tag","embeddable":true,"href":"https:\/\/www.loucamino.com\/index.php?rest_route=%2Fwp%2Fv2%2Ftags&post=21441"}],"curies":[{"name":"wp","href":"https:\/\/api.w.org\/{rel}","templated":true}]}}