{"id":20415,"date":"2015-12-15T00:28:22","date_gmt":"2015-12-14T23:28:22","guid":{"rendered":"http:\/\/www.loucamino.com\/?p=20415"},"modified":"2015-12-15T00:28:22","modified_gmt":"2015-12-14T23:28:22","slug":"la-loi-du-milieu","status":"publish","type":"post","link":"https:\/\/www.loucamino.com\/?p=20415","title":{"rendered":"La loi du milieu"},"content":{"rendered":"<ul class=\"wpsocialite social-buttons large\"><\/ul><p style=\"text-align: center;\"><a href=\"http:\/\/www.loucamino.com\/wp-content\/uploads\/2015\/12\/DSC_5000-1_72.jpg\"><img loading=\"lazy\" class=\"alignnone size-full wp-image-20416\" src=\"http:\/\/www.loucamino.com\/wp-content\/uploads\/2015\/12\/DSC_5000-1_72.jpg\" alt=\"La loi du milieu\" width=\"550\" height=\"368\" srcset=\"https:\/\/www.loucamino.com\/wp-content\/uploads\/2015\/12\/DSC_5000-1_72.jpg 550w, https:\/\/www.loucamino.com\/wp-content\/uploads\/2015\/12\/DSC_5000-1_72-300x200.jpg 300w\" sizes=\"(max-width: 550px) 100vw, 550px\" \/><\/a><\/p>\n<p style=\"text-align: center;\">Quelqu&rsquo;un m&rsquo;a un jour dit, il y a tr\u00e8s longtemps mais bien dans notre galaxie &#8211; et je suis d&rsquo;ailleurs persuad\u00e9e de l&rsquo;avoir d\u00e9j\u00e0 mentionn\u00e9 ici &#8211; qu&rsquo;il serait b\u00e9n\u00e9fique de\u00a0m&rsquo;auto-imposer des contraintes d&rsquo;\u00e9criture. C&rsquo;est certain, cela donne un cadre. Certain. Ce soir, j&rsquo;ai donc d\u00e9cid\u00e9 d&rsquo;imposer une contrainte forte \u00e0 mon extension suppos\u00e9ment intelligente. De la soumettre \u00e0 une forme d&rsquo;\u00e9criture automatique en quelque sorte en\u00a0ne s\u00e9lectionnant que les mots du milieu sugg\u00e9r\u00e9s par le dictionnaire int\u00e9gr\u00e9 de ma messagerie, en partie biais\u00e9 par mes r\u00e9cents\u00a0\u00e9changes\u00a0ant\u00e9rieurs&#8230; Cette photo n&rsquo;a, vous vous en doutez, pas \u00e9t\u00e9 choisie au hasard puisqu&rsquo;elle porte le num\u00e9ro 5000. 5000, \u00e0 mi-chemin entre 1 et 9999, premi\u00e8re et derni\u00e8re image d&rsquo;un tour du cadran photographique&#8230; Le plus \u00e9tonnant &#8211; et c&rsquo;est un pur hasard (mais le hasard n&rsquo;est-il pas une notion que nous avons invent\u00e9e simplement pour nous persuader que nous pouvions orienter\u00a0nos propres\u00a0vies ?) &#8211; est que cette photographie\u00a0aie une composition aussi\u00a0centrale.\u00a0Et m\u00eame auto-centr\u00e9e. Quand bien m\u00eame un monde nous s\u00e9pare.<\/p>\n<p style=\"text-align: center;\">C&rsquo;est donc parti pour quelques lignes sans autocensure qu&rsquo;\u00e0 cet instant pr\u00e9cis, je ne suis absolument pas en mesure d&rsquo;anticiper (\u00e9videmment, la grammaire va s\u00fbrement prendre quelques libert\u00e9s) :<\/p>\n<p style=\"text-align: center;\">\u00ab\u00a0Merci pour l&rsquo;adresse. On part au relationnel. Vous pouvez me joindre au courant. Sinon, je ne suis pas sur que tu vas bien. Je ne sais pas si tu as pr\u00e9vu de passer \u00e0 l&rsquo;expo mais j&rsquo;y crois pas que tu culpabilises. Pense \u00e0 toi et moi je suis en train de faire le point de vue. Il y a des agences de voyages, les gens qui ont \u00e9t\u00e9, le temps de v\u00e9ritablement trier les annonces pour cette semaine. Je ne sais pas si tu as pr\u00e9vu de passer \u00e0 l&rsquo;expo mais j&rsquo;y crois pas que tu culpabilises. Pense \u00e0 toi et moi je suis en train de faire le point de vue. Je ne sais pas si tu as pr\u00e9vu de passer \u00e0 l&rsquo;expo mais j&rsquo;y crois pas que tu culpabilises. Pense \u00e0 toi et moi je suis en train de faire le point de vue. (&#8230;)\u00a0\u00bb<\/p>\n<p style=\"text-align: center;\">J&rsquo;imagine que je pourrais poursuivre la boucle \u00e9ternellement, enfin, jusqu&rsquo;\u00e0 vider\u00a0la batterie&#8230; Serait-ce \u00e0 analyser comme un r\u00eave au r\u00e9veil ? Toujours est-il que j&rsquo;aime beaucoup l&rsquo;id\u00e9e d&rsquo;aller au \u00ab\u00a0relationnel\u00a0\u00bb comme s&rsquo;il s&rsquo;agissait d&rsquo;un nouveau pays \u00e0 d\u00e9couvrir&#8230;<\/p>\n<div id=\"iLikeThis-20415\" class=\"iLikeThis\"><span class=\"counter\"><a onclick=\"likeThis(20415);\" class=\"image\">4<\/a><\/span><\/div>\n<p><a href=\"http:\/\/www.facebook.com\/share.php?u=https%3A%2F%2Fwww.loucamino.com%2F%3Fp%3D20415&amp;t=La%20loi%20du%20milieu\" id=\"facebook_share_both_20415\" style=\"font-size:11px; line-height:13px; font-family:'lucida grande',tahoma,verdana,arial,sans-serif; text-decoration:none; padding:2px 0 0 20px; height:16px; background:url(http:\/\/b.static.ak.fbcdn.net\/images\/share\/facebook_share_icon.gif) no-repeat top left;\">Share on Facebook<\/a><br \/>\n\t<script type=\"text\/javascript\">\n\t<!--\n\tvar button = document.getElementById('facebook_share_link_20415') || document.getElementById('facebook_share_icon_20415') || document.getElementById('facebook_share_both_20415') || document.getElementById('facebook_share_button_20415');\n\tif (button) {\n\t\tbutton.onclick = function(e) {\n\t\t\tvar url = this.href.replace(\/share\\.php\/, 'sharer.php');\n\t\t\twindow.open(url,'sharer','toolbar=0,status=0,width=626,height=436');\n\t\t\treturn false;\n\t\t}\n\t\n\t\tif (button.id === 'facebook_share_button_20415') {\n\t\t\tbutton.onmouseover = function(){\n\t\t\t\tthis.style.color='#fff';\n\t\t\t\tthis.style.borderColor = '#295582';\n\t\t\t\tthis.style.backgroundColor = '#3b5998';\n\t\t\t}\n\t\t\tbutton.onmouseout = function(){\n\t\t\t\tthis.style.color = '#3b5998';\n\t\t\t\tthis.style.borderColor = '#d8dfea';\n\t\t\t\tthis.style.backgroundColor = '#fff';\n\t\t\t}\n\t\t}\n\t}\n\t-->\n\t<\/script><\/p>\n","protected":false},"excerpt":{"rendered":"<p>Quelqu&rsquo;un m&rsquo;a un jour dit, il y a tr\u00e8s longtemps mais bien dans notre galaxie &#8211; et je suis d&rsquo;ailleurs persuad\u00e9e de l&rsquo;avoir d\u00e9j\u00e0 mentionn\u00e9 ici &#8211; qu&rsquo;il serait b\u00e9n\u00e9fique de\u00a0m&rsquo;auto-imposer des contraintes d&rsquo;\u00e9criture. C&rsquo;est certain, cela donne un cadre. Certain. Ce soir, j&rsquo;ai donc d\u00e9cid\u00e9 d&rsquo;imposer une contrainte forte \u00e0 mon extension suppos\u00e9ment intelligente. [&hellip;]<\/p>\n<a href=\"http:\/\/www.facebook.com\/share.php?u=https%3A%2F%2Fwww.loucamino.com%2F%3Fp%3D20415&amp;t=La%20loi%20du%20milieu\" id=\"facebook_share_both_20415\" style=\"font-size:11px; line-height:13px; font-family:'lucida grande',tahoma,verdana,arial,sans-serif; text-decoration:none; padding:2px 0 0 20px; height:16px; background:url(http:\/\/b.static.ak.fbcdn.net\/images\/share\/facebook_share_icon.gif) no-repeat top left;\">Share on Facebook<\/a>\r\n\t<script type=\"text\/javascript\">\r\n\t<!--\r\n\tvar button = document.getElementById('facebook_share_link_20415') || document.getElementById('facebook_share_icon_20415') || document.getElementById('facebook_share_both_20415') || document.getElementById('facebook_share_button_20415');\r\n\tif (button) {\r\n\t\tbutton.onclick = function(e) {\r\n\t\t\tvar url = this.href.replace(\/share\\.php\/, 'sharer.php');\r\n\t\t\twindow.open(url,'sharer','toolbar=0,status=0,width=626,height=436');\r\n\t\t\treturn false;\r\n\t\t}\r\n\t\r\n\t\tif (button.id === 'facebook_share_button_20415') {\r\n\t\t\tbutton.onmouseover = function(){\r\n\t\t\t\tthis.style.color='#fff';\r\n\t\t\t\tthis.style.borderColor = '#295582';\r\n\t\t\t\tthis.style.backgroundColor = '#3b5998';\r\n\t\t\t}\r\n\t\t\tbutton.onmouseout = function(){\r\n\t\t\t\tthis.style.color = '#3b5998';\r\n\t\t\t\tthis.style.borderColor = '#d8dfea';\r\n\t\t\t\tthis.style.backgroundColor = '#fff';\r\n\t\t\t}\r\n\t\t}\r\n\t}\r\n\t-->\r\n\t<\/script>\r\n\t","protected":false},"author":1,"featured_media":0,"comment_status":"open","ping_status":"open","sticky":false,"template":"","format":"standard","meta":{"ngg_post_thumbnail":0},"categories":[1],"tags":[48,4238,2062,774,3452,20,118,3451,483,262,17,1110,785,1033,650],"_links":{"self":[{"href":"https:\/\/www.loucamino.com\/index.php?rest_route=\/wp\/v2\/posts\/20415"}],"collection":[{"href":"https:\/\/www.loucamino.com\/index.php?rest_route=\/wp\/v2\/posts"}],"about":[{"href":"https:\/\/www.loucamino.com\/index.php?rest_route=\/wp\/v2\/types\/post"}],"author":[{"embeddable":true,"href":"https:\/\/www.loucamino.com\/index.php?rest_route=\/wp\/v2\/users\/1"}],"replies":[{"embeddable":true,"href":"https:\/\/www.loucamino.com\/index.php?rest_route=%2Fwp%2Fv2%2Fcomments&post=20415"}],"version-history":[{"count":1,"href":"https:\/\/www.loucamino.com\/index.php?rest_route=\/wp\/v2\/posts\/20415\/revisions"}],"predecessor-version":[{"id":20417,"href":"https:\/\/www.loucamino.com\/index.php?rest_route=\/wp\/v2\/posts\/20415\/revisions\/20417"}],"wp:attachment":[{"href":"https:\/\/www.loucamino.com\/index.php?rest_route=%2Fwp%2Fv2%2Fmedia&parent=20415"}],"wp:term":[{"taxonomy":"category","embeddable":true,"href":"https:\/\/www.loucamino.com\/index.php?rest_route=%2Fwp%2Fv2%2Fcategories&post=20415"},{"taxonomy":"post_tag","embeddable":true,"href":"https:\/\/www.loucamino.com\/index.php?rest_route=%2Fwp%2Fv2%2Ftags&post=20415"}],"curies":[{"name":"wp","href":"https:\/\/api.w.org\/{rel}","templated":true}]}}