{"id":20231,"date":"2015-11-11T00:48:53","date_gmt":"2015-11-10T23:48:53","guid":{"rendered":"http:\/\/www.loucamino.com\/?p=20231"},"modified":"2015-11-11T00:59:22","modified_gmt":"2015-11-10T23:59:22","slug":"ad-vitam-aeternam","status":"publish","type":"post","link":"https:\/\/www.loucamino.com\/?p=20231","title":{"rendered":"Ad vitam \u00e6ternam"},"content":{"rendered":"<ul class=\"wpsocialite social-buttons large\"><\/ul><p style=\"text-align: justify;\"><a href=\"http:\/\/www.loucamino.com\/wp-content\/uploads\/2015\/11\/DSC3663-1_72.jpg\"><img loading=\"lazy\" class=\"size-full wp-image-20232 aligncenter\" src=\"http:\/\/www.loucamino.com\/wp-content\/uploads\/2015\/11\/DSC3663-1_72.jpg\" alt=\"Marquer \u00e0 vie\" width=\"550\" height=\"824\" srcset=\"https:\/\/www.loucamino.com\/wp-content\/uploads\/2015\/11\/DSC3663-1_72.jpg 550w, https:\/\/www.loucamino.com\/wp-content\/uploads\/2015\/11\/DSC3663-1_72-200x300.jpg 200w\" sizes=\"(max-width: 550px) 100vw, 550px\" \/><\/a><\/p>\n<p style=\"text-align: justify;\">Cela s&rsquo;est pass\u00e9 \u00e0 un feu tricolore. Niveau le plus \u00e9lev\u00e9 sur l&rsquo;\u00e9chelle du non-mouvement. Rouge. J&rsquo;\u00e9tais perch\u00e9e sur mon fid\u00e8le destrier &#8211; 22 kgs tout mouill\u00e9 -, celui-l\u00e0 m\u00eame avec lequel je traverse la vi(ll)e les cheveux &#8211; courts &#8211; au vent, mon bien nomm\u00e9 V\u00e9lib &#8211; chaque fois diff\u00e9rent certes -, et j&rsquo;ai senti que c&rsquo;\u00e9tait le moment id\u00e9al. Id\u00e9al pour dire ce que j&rsquo;avais sur le c\u0153ur, annoncer \u00e0 voix haute ce qui me trottait dans la t\u00eate depuis un certain temps, quand bien m\u00eame cela allait en d\u00e9sar\u00e7onner plus d&rsquo;un. Le pied droit pos\u00e9 au sol, la main droite fig\u00e9e sur le frein, je me suis donc tourn\u00e9e et j&rsquo;ai lanc\u00e9, le plus sereinement et s\u00e9rieusement possible :<\/p>\n<p style=\"text-align: justify;\">&#8211; Je crois que j&rsquo;ai envie de me faire tatouer.<\/p>\n<p style=\"text-align: justify;\">J&rsquo;avais r\u00e9ussi \u00e0 \u00e9noncer ma phrase d&rsquo;une traite et sans bafouiller. Et j&rsquo;en \u00e9tais \u00e9trangement fi\u00e8re. Dire les choses est parfois aussi complexe que de les r\u00e9aliser.<\/p>\n<p style=\"text-align: justify;\">Silence parmi les cyclistes. Puis rire. Et r\u00e9plique.<\/p>\n<p style=\"text-align: justify;\">&#8211; On dirait que tu fais un coming out !<\/p>\n<p style=\"text-align: justify;\">Vert. Voil\u00e0, je venais donc de faire mon coming out de tatouage ! Moi, moi qui n&rsquo;avais jamais souhait\u00e9 la moindre intervention sur mon corps susceptible d&rsquo;en alt\u00e9rer l&rsquo;int\u00e9grit\u00e9, tout d&rsquo;un coup, ou presque, je souhaitais me faire tatouer. C&rsquo;est-\u00e0-dire faire apposer des marques ind\u00e9l\u00e9biles sur ce sanctuaire. Mon aveu rendu public, plusieurs questions restaient n\u00e9anmoins en suspens : pourquoi, o\u00f9, par qui, quoi et quand ? Le \u00ab\u00a0pourquoi\u00a0\u00bb est une question fondamentale intimement li\u00e9e au \u00ab\u00a0par qui\u00a0\u00bb. Ainsi, sans la rencontre &#8211; virtuelle seulement &#8211; avec le sublime et subtil travail de <a title=\"Site de l'artisan tatoueur - Roberel\" href=\"http:\/\/www.lartisantatoueur.com\/\" target=\"_blank\">Roberel<\/a>, l&rsquo;id\u00e9e m\u00eame de me faire tatouer aurait gliss\u00e9 sur ma peau comme une goutte de pluie sur une feuille de n\u00e9nuphar, autrement dit, sans laisser de trace. C&rsquo;est donc l\u00e0 le point de d\u00e9part d&rsquo;une envie, d&rsquo;un revirement de situation.<\/p>\n<p style=\"text-align: justify;\">Mais si l&rsquo;envie insinue le doute, la mise en \u00e9vidence d&rsquo;une raison vient lui donner plus de corps, plus de cr\u00e9dit en quelque sorte. Et cette raison me semble \u00eatre \u00e0 la fois politique et humaine, si tant est que cela ait un sens. Car cette soudaine envie de me faire tatouer, aussi \u00e9trange que cela puisse para\u00eetre, y compris \u00e0 mes yeux, est n\u00e9e d&rsquo;une r\u00e9action \u00e9pidermique face au sort des r\u00e9fugi\u00e9s risquant leur peau pour une vie meilleure, face \u00e0 ces in\u00e9galit\u00e9s de naissance contre lesquelles il peut sembler utopique ou na\u00eff de lutter&#8230;<br \/>\nTout d&rsquo;un coup, j&rsquo;ai eu envie de faire graver sur ma peau, dans ma chair, et de fa\u00e7on irr\u00e9versible, cette id\u00e9e que j&rsquo;\u00e9tais un \u00eatre humain ; que je vivais sur une magnifique plan\u00e8te que je partageais avec des milliards d&rsquo;autres \u00eatres humains comme moi ; qu&rsquo;ensemble, nous formions l&rsquo;humanit\u00e9, et que cette pr\u00e9cieuse et singuli\u00e8re humanit\u00e9, que certains s&rsquo;\u00e9chinent \u00e0 souiller et \u00e0 d\u00e9truire m\u00e9thodiquement, faisait elle-m\u00eame partie d&rsquo;un tout &#8211; l&rsquo;univers -, myst\u00e9rieux, extraordinaire, beau, dont nous sommes absolument incapables d&rsquo;appr\u00e9hender la taille tant elle est hors de nos \u00e9chelles habituelles et dont nous n&rsquo;avons naturellement pas conscience la grande majorit\u00e9 de notre vie. Et cette id\u00e9e, assur\u00e9ment complexe \u00e0 incarner, je la voulais d\u00e9ploy\u00e9e sur mon bras droit en entier. Pour la voir sans me contorsionner et la d\u00e9voiler sans me d\u00e9shabiller, m\u00eame si, d&rsquo;une certaine mani\u00e8re, l&rsquo;afficher ainsi, c&rsquo;est se mettre litt\u00e9ralement \u00e0 nu. Reste une ultime question : quand ?<\/p>\n<div id=\"iLikeThis-20231\" class=\"iLikeThis\"><span class=\"counter\"><a onclick=\"likeThis(20231);\" class=\"image\">2<\/a><\/span><\/div>\n<p><a href=\"http:\/\/www.facebook.com\/share.php?u=https%3A%2F%2Fwww.loucamino.com%2F%3Fp%3D20231&amp;t=Ad%20vitam%20%C3%A6ternam\" id=\"facebook_share_both_20231\" style=\"font-size:11px; line-height:13px; font-family:'lucida grande',tahoma,verdana,arial,sans-serif; text-decoration:none; padding:2px 0 0 20px; height:16px; background:url(http:\/\/b.static.ak.fbcdn.net\/images\/share\/facebook_share_icon.gif) no-repeat top left;\">Share on Facebook<\/a><br \/>\n\t<script type=\"text\/javascript\">\n\t<!--\n\tvar button = document.getElementById('facebook_share_link_20231') || document.getElementById('facebook_share_icon_20231') || document.getElementById('facebook_share_both_20231') || document.getElementById('facebook_share_button_20231');\n\tif (button) {\n\t\tbutton.onclick = function(e) {\n\t\t\tvar url = this.href.replace(\/share\\.php\/, 'sharer.php');\n\t\t\twindow.open(url,'sharer','toolbar=0,status=0,width=626,height=436');\n\t\t\treturn false;\n\t\t}\n\t\n\t\tif (button.id === 'facebook_share_button_20231') {\n\t\t\tbutton.onmouseover = function(){\n\t\t\t\tthis.style.color='#fff';\n\t\t\t\tthis.style.borderColor = '#295582';\n\t\t\t\tthis.style.backgroundColor = '#3b5998';\n\t\t\t}\n\t\t\tbutton.onmouseout = function(){\n\t\t\t\tthis.style.color = '#3b5998';\n\t\t\t\tthis.style.borderColor = '#d8dfea';\n\t\t\t\tthis.style.backgroundColor = '#fff';\n\t\t\t}\n\t\t}\n\t}\n\t-->\n\t<\/script><\/p>\n","protected":false},"excerpt":{"rendered":"<p>Cela s&rsquo;est pass\u00e9 \u00e0 un feu tricolore. Niveau le plus \u00e9lev\u00e9 sur l&rsquo;\u00e9chelle du non-mouvement. Rouge. J&rsquo;\u00e9tais perch\u00e9e sur mon fid\u00e8le destrier &#8211; 22 kgs tout mouill\u00e9 -, celui-l\u00e0 m\u00eame avec lequel je traverse la vi(ll)e les cheveux &#8211; courts &#8211; au vent, mon bien nomm\u00e9 V\u00e9lib &#8211; chaque fois diff\u00e9rent certes -, et j&rsquo;ai [&hellip;]<\/p>\n<a href=\"http:\/\/www.facebook.com\/share.php?u=https%3A%2F%2Fwww.loucamino.com%2F%3Fp%3D20231&amp;t=Ad%20vitam%20%C3%A6ternam\" id=\"facebook_share_both_20231\" style=\"font-size:11px; line-height:13px; font-family:'lucida grande',tahoma,verdana,arial,sans-serif; text-decoration:none; padding:2px 0 0 20px; height:16px; background:url(http:\/\/b.static.ak.fbcdn.net\/images\/share\/facebook_share_icon.gif) no-repeat top left;\">Share on Facebook<\/a>\r\n\t<script type=\"text\/javascript\">\r\n\t<!--\r\n\tvar button = document.getElementById('facebook_share_link_20231') || document.getElementById('facebook_share_icon_20231') || document.getElementById('facebook_share_both_20231') || document.getElementById('facebook_share_button_20231');\r\n\tif (button) {\r\n\t\tbutton.onclick = function(e) {\r\n\t\t\tvar url = this.href.replace(\/share\\.php\/, 'sharer.php');\r\n\t\t\twindow.open(url,'sharer','toolbar=0,status=0,width=626,height=436');\r\n\t\t\treturn false;\r\n\t\t}\r\n\t\r\n\t\tif (button.id === 'facebook_share_button_20231') {\r\n\t\t\tbutton.onmouseover = function(){\r\n\t\t\t\tthis.style.color='#fff';\r\n\t\t\t\tthis.style.borderColor = '#295582';\r\n\t\t\t\tthis.style.backgroundColor = '#3b5998';\r\n\t\t\t}\r\n\t\t\tbutton.onmouseout = function(){\r\n\t\t\t\tthis.style.color = '#3b5998';\r\n\t\t\t\tthis.style.borderColor = '#d8dfea';\r\n\t\t\t\tthis.style.backgroundColor = '#fff';\r\n\t\t\t}\r\n\t\t}\r\n\t}\r\n\t-->\r\n\t<\/script>\r\n\t","protected":false},"author":1,"featured_media":0,"comment_status":"open","ping_status":"open","sticky":false,"template":"","format":"standard","meta":{"ngg_post_thumbnail":0},"categories":[1],"tags":[320,935,80,3387,346,3388,143,313],"_links":{"self":[{"href":"https:\/\/www.loucamino.com\/index.php?rest_route=\/wp\/v2\/posts\/20231"}],"collection":[{"href":"https:\/\/www.loucamino.com\/index.php?rest_route=\/wp\/v2\/posts"}],"about":[{"href":"https:\/\/www.loucamino.com\/index.php?rest_route=\/wp\/v2\/types\/post"}],"author":[{"embeddable":true,"href":"https:\/\/www.loucamino.com\/index.php?rest_route=\/wp\/v2\/users\/1"}],"replies":[{"embeddable":true,"href":"https:\/\/www.loucamino.com\/index.php?rest_route=%2Fwp%2Fv2%2Fcomments&post=20231"}],"version-history":[{"count":2,"href":"https:\/\/www.loucamino.com\/index.php?rest_route=\/wp\/v2\/posts\/20231\/revisions"}],"predecessor-version":[{"id":20234,"href":"https:\/\/www.loucamino.com\/index.php?rest_route=\/wp\/v2\/posts\/20231\/revisions\/20234"}],"wp:attachment":[{"href":"https:\/\/www.loucamino.com\/index.php?rest_route=%2Fwp%2Fv2%2Fmedia&parent=20231"}],"wp:term":[{"taxonomy":"category","embeddable":true,"href":"https:\/\/www.loucamino.com\/index.php?rest_route=%2Fwp%2Fv2%2Fcategories&post=20231"},{"taxonomy":"post_tag","embeddable":true,"href":"https:\/\/www.loucamino.com\/index.php?rest_route=%2Fwp%2Fv2%2Ftags&post=20231"}],"curies":[{"name":"wp","href":"https:\/\/api.w.org\/{rel}","templated":true}]}}