{"id":19939,"date":"2015-09-10T23:38:07","date_gmt":"2015-09-10T22:38:07","guid":{"rendered":"http:\/\/www.loucamino.com\/?p=19939"},"modified":"2015-09-10T23:38:07","modified_gmt":"2015-09-10T22:38:07","slug":"les-yeux-cest-merveilleux","status":"publish","type":"post","link":"https:\/\/www.loucamino.com\/?p=19939","title":{"rendered":"\u00ab\u00a0Les yeux, c&rsquo;est merveilleux&#8230;\u00a0\u00bb"},"content":{"rendered":"<ul class=\"wpsocialite social-buttons large\"><\/ul><p><a href=\"http:\/\/www.loucamino.com\/wp-content\/uploads\/2015\/09\/DSC8001_mont_72.jpg\"><img loading=\"lazy\" class=\"size-full wp-image-19940 aligncenter\" src=\"http:\/\/www.loucamino.com\/wp-content\/uploads\/2015\/09\/DSC8001_mont_72.jpg\" alt=\"&quot;Les yeux, c'est merveilleux&quot;\" width=\"550\" height=\"367\" srcset=\"https:\/\/www.loucamino.com\/wp-content\/uploads\/2015\/09\/DSC8001_mont_72.jpg 550w, https:\/\/www.loucamino.com\/wp-content\/uploads\/2015\/09\/DSC8001_mont_72-300x200.jpg 300w\" sizes=\"(max-width: 550px) 100vw, 550px\" \/><\/a><\/p>\n<p style=\"text-align: justify;\">Je l&rsquo;ai not\u00e9e dans mon carnet tant cette phrase, lanc\u00e9e \u00e0 voix haute par un patient patient dans une salle d&rsquo;attente de cabinet m\u00e9dical &#8211; pas de psychiatrie je pr\u00e9cise -, s&rsquo;est r\u00e9v\u00e9l\u00e9e \u00e0 la fois juste, simple, belle et totalement impromptue. J&rsquo;ai un faible pour ces d\u00e9calages du fond et de la forme&#8230; L&rsquo;homme, \u00e0 la retraite &#8211; oui, il est des gens qui se racontent facilement d\u00e8s lors qu&rsquo;ils ont un auditoire attentif bien que silencieux et planqu\u00e9 derri\u00e8re un magazine vieux de 3 ans ou un smartphone au flux continu de nouvelles fra\u00eeches -, ajoute : \u00ab\u00a0On n&rsquo;y pense pas, mais c&rsquo;est tellement important\u00a0\u00bb. L&rsquo;ancien graphiste a raison &#8211; oui, il a aussi pr\u00e9cis\u00e9 son m\u00e9tier -, les yeux, quand on y pense, c&rsquo;est important.<\/p>\n<p style=\"text-align: justify;\">J&rsquo;y ai d&rsquo;ailleurs pens\u00e9 intens\u00e9ment en prenant cette photo, ou plut\u00f4t, en observant cette sc\u00e8ne de la vie courante : des si\u00e8ges dans un train en premier plan, des voyageurs attendant le leur sur un quai ext\u00e9rieur en arri\u00e8re plan. Cette banalit\u00e9 apparente est un leurre. Tout du moins, pour la bo\u00eete \u00e0 images. L\u2019\u0153il m\u00e9canique se heurte en effet au \u00ab\u00a0trop\u00a0\u00bb &#8211; trop sombre ou trop lumineux &#8211; et exige des compromis : privil\u00e9gier la sc\u00e8ne ext\u00e9rieure pour ensuite d\u00e9couvrir un int\u00e9rieur fortement assombri, ou, faire la part belle \u00e0 l&rsquo;int\u00e9rieur et ainsi voir les silhouettes du fond se d\u00e9sagr\u00e9ger dans un exc\u00e8s de lumi\u00e8re. Une limite technique qui, heureusement, se comble ais\u00e9ment en prenant et assemblant deux photographies (ce que j&rsquo;ai fait ici). Deux images qui ne font que montrer ce que nos yeux, en toute modestie, nous offrent \u00e0 voir en un seul regard sans nous demander de choisir entre les d\u00e9tails des banquettes ou ceux du quai, parce qu&rsquo;ils sont capables de tous les discerner en une fois. Robert &#8211; non, il n&rsquo;a pas livr\u00e9 son pr\u00e9nom, je l&rsquo;ai juste baptis\u00e9 pour l&rsquo;occasion &#8211; avait raison : les yeux, c&rsquo;est merveilleux&#8230;<\/p>\n<div id=\"iLikeThis-19939\" class=\"iLikeThis\"><span class=\"counter\"><a onclick=\"likeThis(19939);\" class=\"image\">8<\/a><\/span><\/div>\n<p><a href=\"http:\/\/www.facebook.com\/share.php?u=https%3A%2F%2Fwww.loucamino.com%2F%3Fp%3D19939&amp;t=%22Les%20yeux%2C%20c%27est%20merveilleux...%22\" id=\"facebook_share_both_19939\" style=\"font-size:11px; line-height:13px; font-family:'lucida grande',tahoma,verdana,arial,sans-serif; text-decoration:none; padding:2px 0 0 20px; height:16px; background:url(http:\/\/b.static.ak.fbcdn.net\/images\/share\/facebook_share_icon.gif) no-repeat top left;\">Share on Facebook<\/a><br \/>\n\t<script type=\"text\/javascript\">\n\t<!--\n\tvar button = document.getElementById('facebook_share_link_19939') || document.getElementById('facebook_share_icon_19939') || document.getElementById('facebook_share_both_19939') || document.getElementById('facebook_share_button_19939');\n\tif (button) {\n\t\tbutton.onclick = function(e) {\n\t\t\tvar url = this.href.replace(\/share\\.php\/, 'sharer.php');\n\t\t\twindow.open(url,'sharer','toolbar=0,status=0,width=626,height=436');\n\t\t\treturn false;\n\t\t}\n\t\n\t\tif (button.id === 'facebook_share_button_19939') {\n\t\t\tbutton.onmouseover = function(){\n\t\t\t\tthis.style.color='#fff';\n\t\t\t\tthis.style.borderColor = '#295582';\n\t\t\t\tthis.style.backgroundColor = '#3b5998';\n\t\t\t}\n\t\t\tbutton.onmouseout = function(){\n\t\t\t\tthis.style.color = '#3b5998';\n\t\t\t\tthis.style.borderColor = '#d8dfea';\n\t\t\t\tthis.style.backgroundColor = '#fff';\n\t\t\t}\n\t\t}\n\t}\n\t-->\n\t<\/script><\/p>\n","protected":false},"excerpt":{"rendered":"<p>Je l&rsquo;ai not\u00e9e dans mon carnet tant cette phrase, lanc\u00e9e \u00e0 voix haute par un patient patient dans une salle d&rsquo;attente de cabinet m\u00e9dical &#8211; pas de psychiatrie je pr\u00e9cise -, s&rsquo;est r\u00e9v\u00e9l\u00e9e \u00e0 la fois juste, simple, belle et totalement impromptue. J&rsquo;ai un faible pour ces d\u00e9calages du fond et de la forme&#8230; L&rsquo;homme, [&hellip;]<\/p>\n<a href=\"http:\/\/www.facebook.com\/share.php?u=https%3A%2F%2Fwww.loucamino.com%2F%3Fp%3D19939&amp;t=%22Les%20yeux%2C%20c%27est%20merveilleux...%22\" id=\"facebook_share_both_19939\" style=\"font-size:11px; line-height:13px; font-family:'lucida grande',tahoma,verdana,arial,sans-serif; text-decoration:none; padding:2px 0 0 20px; height:16px; background:url(http:\/\/b.static.ak.fbcdn.net\/images\/share\/facebook_share_icon.gif) no-repeat top left;\">Share on Facebook<\/a>\r\n\t<script type=\"text\/javascript\">\r\n\t<!--\r\n\tvar button = document.getElementById('facebook_share_link_19939') || document.getElementById('facebook_share_icon_19939') || document.getElementById('facebook_share_both_19939') || document.getElementById('facebook_share_button_19939');\r\n\tif (button) {\r\n\t\tbutton.onclick = function(e) {\r\n\t\t\tvar url = this.href.replace(\/share\\.php\/, 'sharer.php');\r\n\t\t\twindow.open(url,'sharer','toolbar=0,status=0,width=626,height=436');\r\n\t\t\treturn false;\r\n\t\t}\r\n\t\r\n\t\tif (button.id === 'facebook_share_button_19939') {\r\n\t\t\tbutton.onmouseover = function(){\r\n\t\t\t\tthis.style.color='#fff';\r\n\t\t\t\tthis.style.borderColor = '#295582';\r\n\t\t\t\tthis.style.backgroundColor = '#3b5998';\r\n\t\t\t}\r\n\t\t\tbutton.onmouseout = function(){\r\n\t\t\t\tthis.style.color = '#3b5998';\r\n\t\t\t\tthis.style.borderColor = '#d8dfea';\r\n\t\t\t\tthis.style.backgroundColor = '#fff';\r\n\t\t\t}\r\n\t\t}\r\n\t}\r\n\t-->\r\n\t<\/script>\r\n\t","protected":false},"author":1,"featured_media":0,"comment_status":"open","ping_status":"open","sticky":false,"template":"","format":"standard","meta":{"ngg_post_thumbnail":0},"categories":[1],"tags":[3317,2655,503,2654,26,1180,272,44,1301,3318,294,2213],"_links":{"self":[{"href":"https:\/\/www.loucamino.com\/index.php?rest_route=\/wp\/v2\/posts\/19939"}],"collection":[{"href":"https:\/\/www.loucamino.com\/index.php?rest_route=\/wp\/v2\/posts"}],"about":[{"href":"https:\/\/www.loucamino.com\/index.php?rest_route=\/wp\/v2\/types\/post"}],"author":[{"embeddable":true,"href":"https:\/\/www.loucamino.com\/index.php?rest_route=\/wp\/v2\/users\/1"}],"replies":[{"embeddable":true,"href":"https:\/\/www.loucamino.com\/index.php?rest_route=%2Fwp%2Fv2%2Fcomments&post=19939"}],"version-history":[{"count":2,"href":"https:\/\/www.loucamino.com\/index.php?rest_route=\/wp\/v2\/posts\/19939\/revisions"}],"predecessor-version":[{"id":19942,"href":"https:\/\/www.loucamino.com\/index.php?rest_route=\/wp\/v2\/posts\/19939\/revisions\/19942"}],"wp:attachment":[{"href":"https:\/\/www.loucamino.com\/index.php?rest_route=%2Fwp%2Fv2%2Fmedia&parent=19939"}],"wp:term":[{"taxonomy":"category","embeddable":true,"href":"https:\/\/www.loucamino.com\/index.php?rest_route=%2Fwp%2Fv2%2Fcategories&post=19939"},{"taxonomy":"post_tag","embeddable":true,"href":"https:\/\/www.loucamino.com\/index.php?rest_route=%2Fwp%2Fv2%2Ftags&post=19939"}],"curies":[{"name":"wp","href":"https:\/\/api.w.org\/{rel}","templated":true}]}}