{"id":19924,"date":"2015-09-08T23:44:27","date_gmt":"2015-09-08T22:44:27","guid":{"rendered":"http:\/\/www.loucamino.com\/?p=19924"},"modified":"2015-09-09T10:59:50","modified_gmt":"2015-09-09T09:59:50","slug":"la-vie-en-bleu","status":"publish","type":"post","link":"https:\/\/www.loucamino.com\/?p=19924","title":{"rendered":"La vie en bleu"},"content":{"rendered":"<ul class=\"wpsocialite social-buttons large\"><\/ul><p style=\"text-align: center;\"><a href=\"http:\/\/www.loucamino.com\/wp-content\/uploads\/2015\/09\/DSC_8364-1_72.jpg\"><img loading=\"lazy\" class=\"alignnone size-full wp-image-19925\" src=\"http:\/\/www.loucamino.com\/wp-content\/uploads\/2015\/09\/DSC_8364-1_72.jpg\" alt=\"La vie en bleu\" width=\"550\" height=\"368\" srcset=\"https:\/\/www.loucamino.com\/wp-content\/uploads\/2015\/09\/DSC_8364-1_72.jpg 550w, https:\/\/www.loucamino.com\/wp-content\/uploads\/2015\/09\/DSC_8364-1_72-300x200.jpg 300w\" sizes=\"(max-width: 550px) 100vw, 550px\" \/><\/a><\/p>\n<p style=\"text-align: justify;\">La vie du photographe est ponctu\u00e9e de diverses questions existentielles, lesquelles sont essentiellement li\u00e9es \u00e0 la lumi\u00e8re. Rien d&rsquo;\u00e9tonnant \u00e0 cela dans la mesure o\u00f9 photographier, c&rsquo;est, litt\u00e9ralement, \u00e9crire avec la lumi\u00e8re. C&rsquo;est donc en analysant cette lumi\u00e8re ambiante disponible &#8211; ext\u00e9rieure, int\u00e9rieure &#8211; et en la corr\u00e9lant \u00e0 son intention, en somme \u00e0 l&rsquo;image qu&rsquo;il a d\u00e9j\u00e0 mentalement cr\u00e9\u00e9e, qu&rsquo;il va ensuite d\u00e9finir\u00a0pr\u00e9cis\u00e9ment le temps pendant lequel il la laissera passer et dans quelles proportions, l&rsquo;un et l&rsquo;autre d\u00e9pendant intimement d&rsquo;un troisi\u00e8me facteur, la sensibilit\u00e9. Terme polys\u00e9mique qui s&rsquo;adresse aussi bien \u00e0 l&rsquo;outil qu&rsquo;\u00e0 la personne le manipulant.<\/p>\n<p style=\"text-align: justify;\">Mais la lumi\u00e8re, c&rsquo;est aussi une couleur, et m\u00eame une temp\u00e9rature de couleurs. Ne parle-t-on pas justement de couleurs chaudes ou froides ? Ces subtilit\u00e9s font \u00e9merger une nouvelle question existentielle un brin obscure dans l&rsquo;esprit calculateur du faiseur d&rsquo;images : quid de la balance des blancs, celle-l\u00e0 m\u00eame qui doit rendre leur puret\u00e9 \u00e0 ses bouts d&rsquo;image encr\u00e9s de blanc, et que, justement, la couleur de la lumi\u00e8re &#8211; celle, orange d&rsquo;un coucher de soleil par exemple &#8211; alt\u00e8re ? La question m&rsquo;a longtemps parasit\u00e9e l\u00e0-haut. Par 69\u00b039&rsquo;30\u00a0\u00bb Nord. En plein hiver. Alors m\u00eame que le soleil n&rsquo;a jamais d\u00e9pass\u00e9 l&rsquo;horizon, que la vie n&rsquo;\u00e9tait partiellement \u00e9clair\u00e9e que 2h par jour par un halo de lumi\u00e8re r\u00e9siduelle avant de sombrer 22 heures durant dans l&rsquo;obscurit\u00e9 et surtout que, pendant ce court laps de temps, maigre r\u00e9pit pour les animaux diurnes que nous sommes, le monde ext\u00e9rieur ne se d\u00e9voilait qu&rsquo;\u00e0 travers le prisme d&rsquo;un d\u00e9licat autant qu&rsquo;inhabituel filtre bleu, comme si l&rsquo;air lui-m\u00eame, devenu mati\u00e8re, en \u00e9tait teint\u00e9&#8230; Voil\u00e0 donc la question que je me posais sans r\u00e9pit et sans r\u00e9ponse : que faire quand le blanc n&rsquo;existe plus ?<\/p>\n<div id=\"iLikeThis-19924\" class=\"iLikeThis\"><span class=\"counter\"><a onclick=\"likeThis(19924);\" class=\"image\">6<\/a><\/span><\/div>\n<p><a href=\"http:\/\/www.facebook.com\/share.php?u=https%3A%2F%2Fwww.loucamino.com%2F%3Fp%3D19924&amp;t=La%20vie%20en%20bleu\" id=\"facebook_share_both_19924\" style=\"font-size:11px; line-height:13px; font-family:'lucida grande',tahoma,verdana,arial,sans-serif; text-decoration:none; padding:2px 0 0 20px; height:16px; background:url(http:\/\/b.static.ak.fbcdn.net\/images\/share\/facebook_share_icon.gif) no-repeat top left;\">Share on Facebook<\/a><br \/>\n\t<script type=\"text\/javascript\">\n\t<!--\n\tvar button = document.getElementById('facebook_share_link_19924') || document.getElementById('facebook_share_icon_19924') || document.getElementById('facebook_share_both_19924') || document.getElementById('facebook_share_button_19924');\n\tif (button) {\n\t\tbutton.onclick = function(e) {\n\t\t\tvar url = this.href.replace(\/share\\.php\/, 'sharer.php');\n\t\t\twindow.open(url,'sharer','toolbar=0,status=0,width=626,height=436');\n\t\t\treturn false;\n\t\t}\n\t\n\t\tif (button.id === 'facebook_share_button_19924') {\n\t\t\tbutton.onmouseover = function(){\n\t\t\t\tthis.style.color='#fff';\n\t\t\t\tthis.style.borderColor = '#295582';\n\t\t\t\tthis.style.backgroundColor = '#3b5998';\n\t\t\t}\n\t\t\tbutton.onmouseout = function(){\n\t\t\t\tthis.style.color = '#3b5998';\n\t\t\t\tthis.style.borderColor = '#d8dfea';\n\t\t\t\tthis.style.backgroundColor = '#fff';\n\t\t\t}\n\t\t}\n\t}\n\t-->\n\t<\/script><\/p>\n","protected":false},"excerpt":{"rendered":"<p>La vie du photographe est ponctu\u00e9e de diverses questions existentielles, lesquelles sont essentiellement li\u00e9es \u00e0 la lumi\u00e8re. Rien d&rsquo;\u00e9tonnant \u00e0 cela dans la mesure o\u00f9 photographier, c&rsquo;est, litt\u00e9ralement, \u00e9crire avec la lumi\u00e8re. C&rsquo;est donc en analysant cette lumi\u00e8re ambiante disponible &#8211; ext\u00e9rieure, int\u00e9rieure &#8211; et en la corr\u00e9lant \u00e0 son intention, en somme \u00e0 l&rsquo;image [&hellip;]<\/p>\n<a href=\"http:\/\/www.facebook.com\/share.php?u=https%3A%2F%2Fwww.loucamino.com%2F%3Fp%3D19924&amp;t=La%20vie%20en%20bleu\" id=\"facebook_share_both_19924\" style=\"font-size:11px; line-height:13px; font-family:'lucida grande',tahoma,verdana,arial,sans-serif; text-decoration:none; padding:2px 0 0 20px; height:16px; background:url(http:\/\/b.static.ak.fbcdn.net\/images\/share\/facebook_share_icon.gif) no-repeat top left;\">Share on Facebook<\/a>\r\n\t<script type=\"text\/javascript\">\r\n\t<!--\r\n\tvar button = document.getElementById('facebook_share_link_19924') || document.getElementById('facebook_share_icon_19924') || document.getElementById('facebook_share_both_19924') || document.getElementById('facebook_share_button_19924');\r\n\tif (button) {\r\n\t\tbutton.onclick = function(e) {\r\n\t\t\tvar url = this.href.replace(\/share\\.php\/, 'sharer.php');\r\n\t\t\twindow.open(url,'sharer','toolbar=0,status=0,width=626,height=436');\r\n\t\t\treturn false;\r\n\t\t}\r\n\t\r\n\t\tif (button.id === 'facebook_share_button_19924') {\r\n\t\t\tbutton.onmouseover = function(){\r\n\t\t\t\tthis.style.color='#fff';\r\n\t\t\t\tthis.style.borderColor = '#295582';\r\n\t\t\t\tthis.style.backgroundColor = '#3b5998';\r\n\t\t\t}\r\n\t\t\tbutton.onmouseout = function(){\r\n\t\t\t\tthis.style.color = '#3b5998';\r\n\t\t\t\tthis.style.borderColor = '#d8dfea';\r\n\t\t\t\tthis.style.backgroundColor = '#fff';\r\n\t\t\t}\r\n\t\t}\r\n\t}\r\n\t-->\r\n\t<\/script>\r\n\t","protected":false},"author":1,"featured_media":0,"comment_status":"open","ping_status":"open","sticky":false,"template":"","format":"standard","meta":{"ngg_post_thumbnail":0},"categories":[1],"tags":[3316,69,49,31,14,908,26,34,601,2285,272,64,295,2284],"_links":{"self":[{"href":"https:\/\/www.loucamino.com\/index.php?rest_route=\/wp\/v2\/posts\/19924"}],"collection":[{"href":"https:\/\/www.loucamino.com\/index.php?rest_route=\/wp\/v2\/posts"}],"about":[{"href":"https:\/\/www.loucamino.com\/index.php?rest_route=\/wp\/v2\/types\/post"}],"author":[{"embeddable":true,"href":"https:\/\/www.loucamino.com\/index.php?rest_route=\/wp\/v2\/users\/1"}],"replies":[{"embeddable":true,"href":"https:\/\/www.loucamino.com\/index.php?rest_route=%2Fwp%2Fv2%2Fcomments&post=19924"}],"version-history":[{"count":7,"href":"https:\/\/www.loucamino.com\/index.php?rest_route=\/wp\/v2\/posts\/19924\/revisions"}],"predecessor-version":[{"id":19932,"href":"https:\/\/www.loucamino.com\/index.php?rest_route=\/wp\/v2\/posts\/19924\/revisions\/19932"}],"wp:attachment":[{"href":"https:\/\/www.loucamino.com\/index.php?rest_route=%2Fwp%2Fv2%2Fmedia&parent=19924"}],"wp:term":[{"taxonomy":"category","embeddable":true,"href":"https:\/\/www.loucamino.com\/index.php?rest_route=%2Fwp%2Fv2%2Fcategories&post=19924"},{"taxonomy":"post_tag","embeddable":true,"href":"https:\/\/www.loucamino.com\/index.php?rest_route=%2Fwp%2Fv2%2Ftags&post=19924"}],"curies":[{"name":"wp","href":"https:\/\/api.w.org\/{rel}","templated":true}]}}