{"id":19654,"date":"2015-08-01T23:32:23","date_gmt":"2015-08-01T22:32:23","guid":{"rendered":"http:\/\/www.loucamino.com\/?p=19654"},"modified":"2015-08-02T10:04:03","modified_gmt":"2015-08-02T09:04:03","slug":"le-jour-ou-la-terre-sarretera","status":"publish","type":"post","link":"https:\/\/www.loucamino.com\/?p=19654","title":{"rendered":"Le jour o\u00f9 la Terre s&rsquo;arr\u00eatera"},"content":{"rendered":"<ul class=\"wpsocialite social-buttons large\"><\/ul><p style=\"text-align: justify;\"><a href=\"http:\/\/www.loucamino.com\/wp-content\/uploads\/2015\/08\/34_Heidel_DSC_0181-1_72.jpg\"><img loading=\"lazy\" class=\"aligncenter size-full wp-image-19655\" src=\"http:\/\/www.loucamino.com\/wp-content\/uploads\/2015\/08\/34_Heidel_DSC_0181-1_72.jpg\" alt=\"Le jour o\u00f9 la Terre s'arr\u00eata\" width=\"550\" height=\"368\" srcset=\"https:\/\/www.loucamino.com\/wp-content\/uploads\/2015\/08\/34_Heidel_DSC_0181-1_72.jpg 550w, https:\/\/www.loucamino.com\/wp-content\/uploads\/2015\/08\/34_Heidel_DSC_0181-1_72-300x200.jpg 300w\" sizes=\"(max-width: 550px) 100vw, 550px\" \/><\/a><\/p>\n<p style=\"text-align: justify;\">Sur ces pages virtuelles, je suis souvent partag\u00e9e entre m&rsquo;\u00e9merveiller de la beaut\u00e9 et de la diversit\u00e9 du monde, de ces petits riens de nos quotidiens qui font parfois l&rsquo;essentiel d\u00e8s lors que l&rsquo;on sait, que l&rsquo;on peut ou que l&rsquo;on s&rsquo;autorise \u00e0 les saisir au vol, ou bien me d\u00e9soler de l&rsquo;\u00e9volution du monde dont la complexit\u00e9 &#8211; souvent li\u00e9e \u00e0 la coexistence d&rsquo;extr\u00eames inconciliables &#8211; m&rsquo;intimide, me d\u00e9sar\u00e7onne m\u00eame chaque jour un peu plus. Car, si nous vivons tous sur la m\u00eame plan\u00e8te &#8211; la seule habit\u00e9e \u00e0 des ann\u00e9es-lumi\u00e8re \u00e0 la ronde -, nous ne vivons clairement pas tous dans le m\u00eame monde.<\/p>\n<p style=\"text-align: justify;\">Aussi na\u00eff, romantique et immature que cela puisse para\u00eetre, cette assertion, dont je ne conteste pas l&rsquo;\u00e9vidence, m&rsquo;affecte. Et l&rsquo;afflux d&rsquo;informations auquel nous sommes expos\u00e9s &#8211; au moins cinq fois plus qu&rsquo;au mitan des ann\u00e9es 1980 &#8211; et auquel nous nous exposons volontairement plus ou moins mod\u00e9r\u00e9ment, nous mettant, en temps r\u00e9el et sans v\u00e9ritable hi\u00e9rarchisation, face \u00e0 tout ce qui se passe dans tous les domaines dans le monde, n&rsquo;aide pas \u00e0 att\u00e9nuer ce double sentiment de sid\u00e9ration et d&rsquo;impuissance. Suis-je simplement sujette \u00e0 une forme tr\u00e8s banale de culpabilit\u00e9 jud\u00e9o-chr\u00e9tienne malgr\u00e9 une \u00e9ducation ath\u00e9e et la\u00efque ? Cette empathie est-elle sinc\u00e8re ? Et quel traitement lui r\u00e9server ? Comment composer avec ce monde o\u00f9 se multiplient les pires horreurs, ignominies, cruaut\u00e9s, injustices, locales et globales, \u00e0 effet imm\u00e9diat et diff\u00e9r\u00e9, proches et lointaines ? En faisant l&rsquo;autruche car ce que nous ignorons ne peut nous faire de mal ? C&rsquo;est d\u00e9j\u00e0 trop tard car nous saurions que ce filtre est artificiel. En luttant, mais contre qui, avec qui, contre quoi, avec quoi et, surtout, par o\u00f9 commencer pour que cela ait un effet autre que cosm\u00e9tique ? Je n&rsquo;en sais fichtre rien.<\/p>\n<p style=\"text-align: justify;\">Ce que je sais en revanche est que, quoi qu&rsquo;il advienne, les aiguilles du temps qui file ne s&rsquo;arr\u00eatent pas, et la Terre, elle-m\u00eame, ne s&rsquo;arr\u00eate pas de tourner. Elle reste impassible, imperturbable, ne ralentit pas son allure, ne change pas d&rsquo;inclinaison, ne se renverse pas subitement, pour dire \u00ab\u00a0Oh, h\u00e9, \u00e7a suffit l\u00e0 !\u00a0\u00bb&#8230; Comme si elle \u00e9tait insensible \u00e0 ce qui se trame \u00e0 sa surface &#8211; je sais que c&rsquo;est faux : l&rsquo;acc\u00e9l\u00e9ration de l&rsquo;activit\u00e9 humaine depuis la r\u00e9volution thermo-industrielle il y a 2 si\u00e8cles est \u00e0 elle seule responsable de la cr\u00e9ation d&rsquo;une nouvelle \u00e8re g\u00e9ologique, le fameux anthropoc\u00e8ne, et de la survenue de bouleversements climatiques sans pr\u00e9c\u00e9dent et d\u00e9vastateurs pour les d\u00e9cennies \u00e0 venir -. D&rsquo;ailleurs, il se murmure \u00e9galement de l&rsquo;homme qu&rsquo;il est devenu insensible aux maux et malheurs du monde qui d\u00e9filent pourtant sous ses yeux \u00e0 un rythme effr\u00e9n\u00e9, trop vite assur\u00e9ment, de telle sorte que ces faits, souvent d&rsquo;une violence extra-ordinaire, pr\u00e9sent\u00e9s comme une liste de courses de samedi matin entre deux friandises, en deviennent banals, donc faciles \u00e0 oublier, \u00e0 quelques extrasystoles pr\u00e8s, justifi\u00e9s ou pas, qui soul\u00e8vent l&rsquo;indignation collective, parfois mondiale. Et je pense alors \u00e0 Barjavel, \u00e0\u00a0<em>Ravage<\/em>, en particulier, \u00e0 la fin tr\u00e8s pr\u00e9cis\u00e9ment, quand, apr\u00e8s une apocalypse qui pourrait permettre aux rescap\u00e9s de tout recommencer sans r\u00e9p\u00e9ter les erreurs qui les y ont conduits, un personnage n\u00e9 apr\u00e8s la catastrophe invente une machine agricole pour s&rsquo;\u00e9pargner des efforts, augmenter sa production et faire gagner du temps \u00e0 sa communaut\u00e9&#8230;<\/p>\n<div id=\"iLikeThis-19654\" class=\"iLikeThis\"><span class=\"counter\"><a onclick=\"likeThis(19654);\" class=\"image\">7<\/a><\/span><\/div>\n<p><a href=\"http:\/\/www.facebook.com\/share.php?u=https%3A%2F%2Fwww.loucamino.com%2F%3Fp%3D19654&amp;t=Le%20jour%20o%C3%B9%20la%20Terre%20s%27arr%C3%AAtera\" id=\"facebook_share_both_19654\" style=\"font-size:11px; line-height:13px; font-family:'lucida grande',tahoma,verdana,arial,sans-serif; text-decoration:none; padding:2px 0 0 20px; height:16px; background:url(http:\/\/b.static.ak.fbcdn.net\/images\/share\/facebook_share_icon.gif) no-repeat top left;\">Share on Facebook<\/a><br \/>\n\t<script type=\"text\/javascript\">\n\t<!--\n\tvar button = document.getElementById('facebook_share_link_19654') || document.getElementById('facebook_share_icon_19654') || document.getElementById('facebook_share_both_19654') || document.getElementById('facebook_share_button_19654');\n\tif (button) {\n\t\tbutton.onclick = function(e) {\n\t\t\tvar url = this.href.replace(\/share\\.php\/, 'sharer.php');\n\t\t\twindow.open(url,'sharer','toolbar=0,status=0,width=626,height=436');\n\t\t\treturn false;\n\t\t}\n\t\n\t\tif (button.id === 'facebook_share_button_19654') {\n\t\t\tbutton.onmouseover = function(){\n\t\t\t\tthis.style.color='#fff';\n\t\t\t\tthis.style.borderColor = '#295582';\n\t\t\t\tthis.style.backgroundColor = '#3b5998';\n\t\t\t}\n\t\t\tbutton.onmouseout = function(){\n\t\t\t\tthis.style.color = '#3b5998';\n\t\t\t\tthis.style.borderColor = '#d8dfea';\n\t\t\t\tthis.style.backgroundColor = '#fff';\n\t\t\t}\n\t\t}\n\t}\n\t-->\n\t<\/script><\/p>\n","protected":false},"excerpt":{"rendered":"<p>Sur ces pages virtuelles, je suis souvent partag\u00e9e entre m&rsquo;\u00e9merveiller de la beaut\u00e9 et de la diversit\u00e9 du monde, de ces petits riens de nos quotidiens qui font parfois l&rsquo;essentiel d\u00e8s lors que l&rsquo;on sait, que l&rsquo;on peut ou que l&rsquo;on s&rsquo;autorise \u00e0 les saisir au vol, ou bien me d\u00e9soler de l&rsquo;\u00e9volution du monde [&hellip;]<\/p>\n<a href=\"http:\/\/www.facebook.com\/share.php?u=https%3A%2F%2Fwww.loucamino.com%2F%3Fp%3D19654&amp;t=Le%20jour%20o%C3%B9%20la%20Terre%20s%27arr%C3%AAtera\" id=\"facebook_share_both_19654\" style=\"font-size:11px; line-height:13px; font-family:'lucida grande',tahoma,verdana,arial,sans-serif; text-decoration:none; padding:2px 0 0 20px; height:16px; background:url(http:\/\/b.static.ak.fbcdn.net\/images\/share\/facebook_share_icon.gif) no-repeat top left;\">Share on Facebook<\/a>\r\n\t<script type=\"text\/javascript\">\r\n\t<!--\r\n\tvar button = document.getElementById('facebook_share_link_19654') || document.getElementById('facebook_share_icon_19654') || document.getElementById('facebook_share_both_19654') || document.getElementById('facebook_share_button_19654');\r\n\tif (button) {\r\n\t\tbutton.onclick = function(e) {\r\n\t\t\tvar url = this.href.replace(\/share\\.php\/, 'sharer.php');\r\n\t\t\twindow.open(url,'sharer','toolbar=0,status=0,width=626,height=436');\r\n\t\t\treturn false;\r\n\t\t}\r\n\t\r\n\t\tif (button.id === 'facebook_share_button_19654') {\r\n\t\t\tbutton.onmouseover = function(){\r\n\t\t\t\tthis.style.color='#fff';\r\n\t\t\t\tthis.style.borderColor = '#295582';\r\n\t\t\t\tthis.style.backgroundColor = '#3b5998';\r\n\t\t\t}\r\n\t\t\tbutton.onmouseout = function(){\r\n\t\t\t\tthis.style.color = '#3b5998';\r\n\t\t\t\tthis.style.borderColor = '#d8dfea';\r\n\t\t\t\tthis.style.backgroundColor = '#fff';\r\n\t\t\t}\r\n\t\t}\r\n\t}\r\n\t-->\r\n\t<\/script>\r\n\t","protected":false},"author":1,"featured_media":0,"comment_status":"open","ping_status":"open","sticky":false,"template":"","format":"standard","meta":{"ngg_post_thumbnail":0},"categories":[1],"tags":[4235,2488,292,338,1426,3267,143,313],"_links":{"self":[{"href":"https:\/\/www.loucamino.com\/index.php?rest_route=\/wp\/v2\/posts\/19654"}],"collection":[{"href":"https:\/\/www.loucamino.com\/index.php?rest_route=\/wp\/v2\/posts"}],"about":[{"href":"https:\/\/www.loucamino.com\/index.php?rest_route=\/wp\/v2\/types\/post"}],"author":[{"embeddable":true,"href":"https:\/\/www.loucamino.com\/index.php?rest_route=\/wp\/v2\/users\/1"}],"replies":[{"embeddable":true,"href":"https:\/\/www.loucamino.com\/index.php?rest_route=%2Fwp%2Fv2%2Fcomments&post=19654"}],"version-history":[{"count":7,"href":"https:\/\/www.loucamino.com\/index.php?rest_route=\/wp\/v2\/posts\/19654\/revisions"}],"predecessor-version":[{"id":19662,"href":"https:\/\/www.loucamino.com\/index.php?rest_route=\/wp\/v2\/posts\/19654\/revisions\/19662"}],"wp:attachment":[{"href":"https:\/\/www.loucamino.com\/index.php?rest_route=%2Fwp%2Fv2%2Fmedia&parent=19654"}],"wp:term":[{"taxonomy":"category","embeddable":true,"href":"https:\/\/www.loucamino.com\/index.php?rest_route=%2Fwp%2Fv2%2Fcategories&post=19654"},{"taxonomy":"post_tag","embeddable":true,"href":"https:\/\/www.loucamino.com\/index.php?rest_route=%2Fwp%2Fv2%2Ftags&post=19654"}],"curies":[{"name":"wp","href":"https:\/\/api.w.org\/{rel}","templated":true}]}}