{"id":19465,"date":"2015-06-26T15:31:15","date_gmt":"2015-06-26T14:31:15","guid":{"rendered":"http:\/\/www.loucamino.com\/?p=19465"},"modified":"2015-06-26T15:31:15","modified_gmt":"2015-06-26T14:31:15","slug":"le-doux-ton-des-reves","status":"publish","type":"post","link":"https:\/\/www.loucamino.com\/?p=19465","title":{"rendered":"Le doux ton des r\u00eaves"},"content":{"rendered":"<ul class=\"wpsocialite social-buttons large\"><\/ul><p style=\"text-align: justify;\"><a href=\"http:\/\/www.loucamino.com\/wp-content\/uploads\/2015\/06\/DSC5147-1_72.jpg\"><img loading=\"lazy\" class=\"aligncenter size-full wp-image-19466\" src=\"http:\/\/www.loucamino.com\/wp-content\/uploads\/2015\/06\/DSC5147-1_72.jpg\" alt=\"Le doux ton des r\u00eaves\" width=\"550\" height=\"367\" srcset=\"https:\/\/www.loucamino.com\/wp-content\/uploads\/2015\/06\/DSC5147-1_72.jpg 550w, https:\/\/www.loucamino.com\/wp-content\/uploads\/2015\/06\/DSC5147-1_72-300x200.jpg 300w\" sizes=\"(max-width: 550px) 100vw, 550px\" \/><\/a><\/p>\n<p style=\"text-align: justify;\">Jusqu&rsquo;\u00e0 tr\u00e8s r\u00e9cemment, je ne m&rsquo;\u00e9tais jamais interrog\u00e9e sur la couleur de mes r\u00eaves, enfin, des r\u00eaves en g\u00e9n\u00e9ral. Mais une question toute anodine &#8211; \u00ab\u00a0Tu r\u00eaves en couleurs ou en noir et blanc, toi ?\u00a0\u00bb -, pos\u00e9e sur un bout de trottoir, en plein milieu d&rsquo;une conversation de coq \u00e0 l&rsquo;\u00e2ne, et \u00e0 laquelle j&rsquo;ai machinalement r\u00e9pondu \u00ab\u00a0En couleurs\u00a0\u00bb pour ne pas avouer mon ignorance dont, tout d&rsquo;un coup, j&rsquo;avais un peu honte, a tout fait chavirer. Quel stupide r\u00e9flexe par ailleurs que de se mentir \u00e0 soi-m\u00eame et aux autres pour une b\u00eate question d&rsquo;orgueil ! Comment avais-je pu passer toutes ces ann\u00e9es \u00e0 c\u00f4t\u00e9 de cette question-l\u00e0, essentielle, alors m\u00eame que je ne compte plus les interrogations inutiles, vaines et sans fondement qui peuplent mes pens\u00e9es au quotidien ? Pour me rassurer, j&rsquo;ai instantan\u00e9ment fait cette hypoth\u00e8se, convoquant un l\u00e9ger raisonnement par l&rsquo;absurde pour l&rsquo;occasion : si j&rsquo;avais r\u00eav\u00e9 en noir et blanc, cela m&rsquo;aurait forc\u00e9ment saut\u00e9 aux yeux &#8211; certes ferm\u00e9s &#8211; puisque j&rsquo;ai la chance de ne souffrir d&rsquo;aucune anomalie chromatique et donc de percevoir toutes les couleurs possibles &#8211; \u00e0 quelques nuances d&rsquo;appr\u00e9ciation personnelle pr\u00e8s d\u00e8s lors qu&rsquo;ils sont ouverts. CQFD. Par ailleurs, une\u00a0\u00e9trange impression m&rsquo;a alors travers\u00e9 l&rsquo;esprit : r\u00eaver en couleurs me semblait plus valorisant que de se limiter au noir et blanc. Comme si on pouvait choisir ! Comme s&rsquo;il suffisait de tourner le bouton \u00ab\u00a0couleurs\u00a0\u00bb avant de s&rsquo;endormir. On pourrait alors imaginer d&rsquo;avoir une batterie de filtres \u00e0 disposition pour r\u00eaver en s\u00e9pia, tr\u00e8s contrast\u00e9, surex, sous-expos\u00e9, couleurs froides, fa\u00e7on st\u00e9nop\u00e9 ou plaque de verre&#8230; Quoi qu&rsquo;il en soit, cette micro-analyse ne me permettait pas d&rsquo;\u00eatre cat\u00e9gorique quant \u00e0 la tonalit\u00e9 de mes propres r\u00eaves.<\/p>\n<p style=\"text-align: justify;\">J&rsquo;ai alors essay\u00e9 de m&rsquo;en souvenir, non pas du contenu de mes r\u00eaves, mais de ce dont ils \u00e9taient visuellement constitu\u00e9s, de leur texture, de leurs teintes donc. A nouveau, la couleur s&rsquo;est spontan\u00e9ment impos\u00e9e \u00e0 moi, et j&rsquo;en tenais pour preuves des aquarelles justement tir\u00e9es de mes fantasmagories nocturnes que je n&rsquo;avais jamais eu l&rsquo;id\u00e9e de repr\u00e9senter en noir et blanc. Mais l\u00e0 encore, ma retranscription color\u00e9e pouvait \u00eatre imaginaire et exclusivement orient\u00e9e par ma vie \u00e9veill\u00e9e. Au fond, le doute persistait. De fait, je me suis mise en t\u00eate d&rsquo;y \u00eatre particuli\u00e8rement attentive \u00e0 mon prochain r\u00eave. Ce qui, je vous vois sourire, est une v\u00e9ritable gageure puisque r\u00eaver suppose d&rsquo;avoir atteint un niveau d&rsquo;inconscience incompatible avec le fait de mener une enqu\u00eate consciemment et donc d&rsquo;apporter une r\u00e9ponse claire, pr\u00e9cise et indiscutable \u00e0 la question liminaire. Peut-\u00eatre, pour en d\u00e9coudre, devrais-je plut\u00f4t me concentrer sur cet \u00e9tat de semi-conscience pr\u00e9c\u00e9dant le r\u00e9veil, o\u00f9 les derni\u00e8res images construites par notre subconscient se m\u00ealent aux premi\u00e8res sensations d&rsquo;une nouvelle journ\u00e9e, ce moment o\u00f9, justement, nos r\u00eaves ne se sont pas encore volatilis\u00e9s, o\u00f9 le reboot matinal automatique s&rsquo;initialise &#8211; je m&rsquo;appelle Lou Camino, je suis dans mon lit, nous sommes samedi, il faut assez chaud, j&rsquo;ai rendez-vous dans 2h \u00e0 l&rsquo;autre bout de Paris&#8230; -, suivi de la formalisation d&rsquo;une s\u00e9rie d&rsquo;actions \u00e0 entreprendre dans un ordre tr\u00e8s pr\u00e9cis pour arriver presque \u00e0 l&rsquo;heure ? Une chose est s\u00fbre, tout cela demeure un peu flou dans mon esprit&#8230;<\/p>\n<div id=\"iLikeThis-19465\" class=\"iLikeThis\"><span class=\"counter\"><a onclick=\"likeThis(19465);\" class=\"image\">5<\/a><\/span><\/div>\n<p><a href=\"http:\/\/www.facebook.com\/share.php?u=https%3A%2F%2Fwww.loucamino.com%2F%3Fp%3D19465&amp;t=Le%20doux%20ton%20des%20r%C3%AAves\" id=\"facebook_share_both_19465\" style=\"font-size:11px; line-height:13px; font-family:'lucida grande',tahoma,verdana,arial,sans-serif; text-decoration:none; padding:2px 0 0 20px; height:16px; background:url(http:\/\/b.static.ak.fbcdn.net\/images\/share\/facebook_share_icon.gif) no-repeat top left;\">Share on Facebook<\/a><br \/>\n\t<script type=\"text\/javascript\">\n\t<!--\n\tvar button = document.getElementById('facebook_share_link_19465') || document.getElementById('facebook_share_icon_19465') || document.getElementById('facebook_share_both_19465') || document.getElementById('facebook_share_button_19465');\n\tif (button) {\n\t\tbutton.onclick = function(e) {\n\t\t\tvar url = this.href.replace(\/share\\.php\/, 'sharer.php');\n\t\t\twindow.open(url,'sharer','toolbar=0,status=0,width=626,height=436');\n\t\t\treturn false;\n\t\t}\n\t\n\t\tif (button.id === 'facebook_share_button_19465') {\n\t\t\tbutton.onmouseover = function(){\n\t\t\t\tthis.style.color='#fff';\n\t\t\t\tthis.style.borderColor = '#295582';\n\t\t\t\tthis.style.backgroundColor = '#3b5998';\n\t\t\t}\n\t\t\tbutton.onmouseout = function(){\n\t\t\t\tthis.style.color = '#3b5998';\n\t\t\t\tthis.style.borderColor = '#d8dfea';\n\t\t\t\tthis.style.backgroundColor = '#fff';\n\t\t\t}\n\t\t}\n\t}\n\t-->\n\t<\/script><\/p>\n","protected":false},"excerpt":{"rendered":"<p>Jusqu&rsquo;\u00e0 tr\u00e8s r\u00e9cemment, je ne m&rsquo;\u00e9tais jamais interrog\u00e9e sur la couleur de mes r\u00eaves, enfin, des r\u00eaves en g\u00e9n\u00e9ral. Mais une question toute anodine &#8211; \u00ab\u00a0Tu r\u00eaves en couleurs ou en noir et blanc, toi ?\u00a0\u00bb -, pos\u00e9e sur un bout de trottoir, en plein milieu d&rsquo;une conversation de coq \u00e0 l&rsquo;\u00e2ne, et \u00e0 laquelle [&hellip;]<\/p>\n<a href=\"http:\/\/www.facebook.com\/share.php?u=https%3A%2F%2Fwww.loucamino.com%2F%3Fp%3D19465&amp;t=Le%20doux%20ton%20des%20r%C3%AAves\" id=\"facebook_share_both_19465\" style=\"font-size:11px; line-height:13px; font-family:'lucida grande',tahoma,verdana,arial,sans-serif; text-decoration:none; padding:2px 0 0 20px; height:16px; background:url(http:\/\/b.static.ak.fbcdn.net\/images\/share\/facebook_share_icon.gif) no-repeat top left;\">Share on Facebook<\/a>\r\n\t<script type=\"text\/javascript\">\r\n\t<!--\r\n\tvar button = document.getElementById('facebook_share_link_19465') || document.getElementById('facebook_share_icon_19465') || document.getElementById('facebook_share_both_19465') || document.getElementById('facebook_share_button_19465');\r\n\tif (button) {\r\n\t\tbutton.onclick = function(e) {\r\n\t\t\tvar url = this.href.replace(\/share\\.php\/, 'sharer.php');\r\n\t\t\twindow.open(url,'sharer','toolbar=0,status=0,width=626,height=436');\r\n\t\t\treturn false;\r\n\t\t}\r\n\t\r\n\t\tif (button.id === 'facebook_share_button_19465') {\r\n\t\t\tbutton.onmouseover = function(){\r\n\t\t\t\tthis.style.color='#fff';\r\n\t\t\t\tthis.style.borderColor = '#295582';\r\n\t\t\t\tthis.style.backgroundColor = '#3b5998';\r\n\t\t\t}\r\n\t\t\tbutton.onmouseout = function(){\r\n\t\t\t\tthis.style.color = '#3b5998';\r\n\t\t\t\tthis.style.borderColor = '#d8dfea';\r\n\t\t\t\tthis.style.backgroundColor = '#fff';\r\n\t\t\t}\r\n\t\t}\r\n\t}\r\n\t-->\r\n\t<\/script>\r\n\t","protected":false},"author":1,"featured_media":0,"comment_status":"open","ping_status":"open","sticky":false,"template":"","format":"standard","meta":{"ngg_post_thumbnail":0},"categories":[1],"tags":[1377,14,274,3217,570,410,3219,76,312,846,143,3218,1061],"_links":{"self":[{"href":"https:\/\/www.loucamino.com\/index.php?rest_route=\/wp\/v2\/posts\/19465"}],"collection":[{"href":"https:\/\/www.loucamino.com\/index.php?rest_route=\/wp\/v2\/posts"}],"about":[{"href":"https:\/\/www.loucamino.com\/index.php?rest_route=\/wp\/v2\/types\/post"}],"author":[{"embeddable":true,"href":"https:\/\/www.loucamino.com\/index.php?rest_route=\/wp\/v2\/users\/1"}],"replies":[{"embeddable":true,"href":"https:\/\/www.loucamino.com\/index.php?rest_route=%2Fwp%2Fv2%2Fcomments&post=19465"}],"version-history":[{"count":2,"href":"https:\/\/www.loucamino.com\/index.php?rest_route=\/wp\/v2\/posts\/19465\/revisions"}],"predecessor-version":[{"id":19468,"href":"https:\/\/www.loucamino.com\/index.php?rest_route=\/wp\/v2\/posts\/19465\/revisions\/19468"}],"wp:attachment":[{"href":"https:\/\/www.loucamino.com\/index.php?rest_route=%2Fwp%2Fv2%2Fmedia&parent=19465"}],"wp:term":[{"taxonomy":"category","embeddable":true,"href":"https:\/\/www.loucamino.com\/index.php?rest_route=%2Fwp%2Fv2%2Fcategories&post=19465"},{"taxonomy":"post_tag","embeddable":true,"href":"https:\/\/www.loucamino.com\/index.php?rest_route=%2Fwp%2Fv2%2Ftags&post=19465"}],"curies":[{"name":"wp","href":"https:\/\/api.w.org\/{rel}","templated":true}]}}