{"id":19427,"date":"2015-06-25T23:50:35","date_gmt":"2015-06-25T22:50:35","guid":{"rendered":"http:\/\/www.loucamino.com\/?p=19427"},"modified":"2015-06-26T01:01:47","modified_gmt":"2015-06-26T00:01:47","slug":"carte-du-ciel","status":"publish","type":"post","link":"https:\/\/www.loucamino.com\/?p=19427","title":{"rendered":"Cartomanciel"},"content":{"rendered":"<ul class=\"wpsocialite social-buttons large\"><\/ul><p><a href=\"http:\/\/www.loucamino.com\/wp-content\/uploads\/2015\/06\/DSC6748-1_72.jpg\"><img loading=\"lazy\" class=\"aligncenter size-full wp-image-19428\" src=\"http:\/\/www.loucamino.com\/wp-content\/uploads\/2015\/06\/DSC6748-1_72.jpg\" alt=\"La carte du ciel\" width=\"550\" height=\"367\" srcset=\"https:\/\/www.loucamino.com\/wp-content\/uploads\/2015\/06\/DSC6748-1_72.jpg 550w, https:\/\/www.loucamino.com\/wp-content\/uploads\/2015\/06\/DSC6748-1_72-300x200.jpg 300w\" sizes=\"(max-width: 550px) 100vw, 550px\" \/><\/a><\/p>\n<p style=\"text-align: justify;\">Les villes ont leur carte, les r\u00e9gions ont leur carte, les pays ont leur carte, les continents ont leur carte, la plan\u00e8te a sa carte. M\u00eame les \u00e9toiles ont leur carte. Alors, pourquoi les nuages n&rsquo;auraient-ils pas la leur ? On se rep\u00e8rerait quand m\u00eame plus facilement dans le ciel&#8230;<\/p>\n<div id=\"iLikeThis-19427\" class=\"iLikeThis\"><span class=\"counter\"><a onclick=\"likeThis(19427);\" class=\"image\">4<\/a><\/span><\/div>\n<p><a href=\"http:\/\/www.facebook.com\/share.php?u=https%3A%2F%2Fwww.loucamino.com%2F%3Fp%3D19427&amp;t=Cartomanciel\" id=\"facebook_share_both_19427\" style=\"font-size:11px; line-height:13px; font-family:'lucida grande',tahoma,verdana,arial,sans-serif; text-decoration:none; padding:2px 0 0 20px; height:16px; background:url(http:\/\/b.static.ak.fbcdn.net\/images\/share\/facebook_share_icon.gif) no-repeat top left;\">Share on Facebook<\/a><br \/>\n\t<script type=\"text\/javascript\">\n\t<!--\n\tvar button = document.getElementById('facebook_share_link_19427') || document.getElementById('facebook_share_icon_19427') || document.getElementById('facebook_share_both_19427') || document.getElementById('facebook_share_button_19427');\n\tif (button) {\n\t\tbutton.onclick = function(e) {\n\t\t\tvar url = this.href.replace(\/share\\.php\/, 'sharer.php');\n\t\t\twindow.open(url,'sharer','toolbar=0,status=0,width=626,height=436');\n\t\t\treturn false;\n\t\t}\n\t\n\t\tif (button.id === 'facebook_share_button_19427') {\n\t\t\tbutton.onmouseover = function(){\n\t\t\t\tthis.style.color='#fff';\n\t\t\t\tthis.style.borderColor = '#295582';\n\t\t\t\tthis.style.backgroundColor = '#3b5998';\n\t\t\t}\n\t\t\tbutton.onmouseout = function(){\n\t\t\t\tthis.style.color = '#3b5998';\n\t\t\t\tthis.style.borderColor = '#d8dfea';\n\t\t\t\tthis.style.backgroundColor = '#fff';\n\t\t\t}\n\t\t}\n\t}\n\t-->\n\t<\/script><\/p>\n","protected":false},"excerpt":{"rendered":"<p>Les villes ont leur carte, les r\u00e9gions ont leur carte, les pays ont leur carte, les continents ont leur carte, la plan\u00e8te a sa carte. M\u00eame les \u00e9toiles ont leur carte. Alors, pourquoi les nuages n&rsquo;auraient-ils pas la leur ? On se rep\u00e8rerait quand m\u00eame plus facilement dans le ciel&#8230; 4 Share on Facebook<\/p>\n<a href=\"http:\/\/www.facebook.com\/share.php?u=https%3A%2F%2Fwww.loucamino.com%2F%3Fp%3D19427&amp;t=Cartomanciel\" id=\"facebook_share_both_19427\" style=\"font-size:11px; line-height:13px; font-family:'lucida grande',tahoma,verdana,arial,sans-serif; text-decoration:none; padding:2px 0 0 20px; height:16px; background:url(http:\/\/b.static.ak.fbcdn.net\/images\/share\/facebook_share_icon.gif) no-repeat top left;\">Share on Facebook<\/a>\r\n\t<script type=\"text\/javascript\">\r\n\t<!--\r\n\tvar button = document.getElementById('facebook_share_link_19427') || document.getElementById('facebook_share_icon_19427') || document.getElementById('facebook_share_both_19427') || document.getElementById('facebook_share_button_19427');\r\n\tif (button) {\r\n\t\tbutton.onclick = function(e) {\r\n\t\t\tvar url = this.href.replace(\/share\\.php\/, 'sharer.php');\r\n\t\t\twindow.open(url,'sharer','toolbar=0,status=0,width=626,height=436');\r\n\t\t\treturn false;\r\n\t\t}\r\n\t\r\n\t\tif (button.id === 'facebook_share_button_19427') {\r\n\t\t\tbutton.onmouseover = function(){\r\n\t\t\t\tthis.style.color='#fff';\r\n\t\t\t\tthis.style.borderColor = '#295582';\r\n\t\t\t\tthis.style.backgroundColor = '#3b5998';\r\n\t\t\t}\r\n\t\t\tbutton.onmouseout = function(){\r\n\t\t\t\tthis.style.color = '#3b5998';\r\n\t\t\t\tthis.style.borderColor = '#d8dfea';\r\n\t\t\t\tthis.style.backgroundColor = '#fff';\r\n\t\t\t}\r\n\t\t}\r\n\t}\r\n\t-->\r\n\t<\/script>\r\n\t","protected":false},"author":1,"featured_media":0,"comment_status":"open","ping_status":"open","sticky":false,"template":"","format":"standard","meta":{"ngg_post_thumbnail":0},"categories":[1],"tags":[49,2715,31,3216,4224,58,2744],"_links":{"self":[{"href":"https:\/\/www.loucamino.com\/index.php?rest_route=\/wp\/v2\/posts\/19427"}],"collection":[{"href":"https:\/\/www.loucamino.com\/index.php?rest_route=\/wp\/v2\/posts"}],"about":[{"href":"https:\/\/www.loucamino.com\/index.php?rest_route=\/wp\/v2\/types\/post"}],"author":[{"embeddable":true,"href":"https:\/\/www.loucamino.com\/index.php?rest_route=\/wp\/v2\/users\/1"}],"replies":[{"embeddable":true,"href":"https:\/\/www.loucamino.com\/index.php?rest_route=%2Fwp%2Fv2%2Fcomments&post=19427"}],"version-history":[{"count":7,"href":"https:\/\/www.loucamino.com\/index.php?rest_route=\/wp\/v2\/posts\/19427\/revisions"}],"predecessor-version":[{"id":19464,"href":"https:\/\/www.loucamino.com\/index.php?rest_route=\/wp\/v2\/posts\/19427\/revisions\/19464"}],"wp:attachment":[{"href":"https:\/\/www.loucamino.com\/index.php?rest_route=%2Fwp%2Fv2%2Fmedia&parent=19427"}],"wp:term":[{"taxonomy":"category","embeddable":true,"href":"https:\/\/www.loucamino.com\/index.php?rest_route=%2Fwp%2Fv2%2Fcategories&post=19427"},{"taxonomy":"post_tag","embeddable":true,"href":"https:\/\/www.loucamino.com\/index.php?rest_route=%2Fwp%2Fv2%2Ftags&post=19427"}],"curies":[{"name":"wp","href":"https:\/\/api.w.org\/{rel}","templated":true}]}}