{"id":18387,"date":"2015-01-16T23:59:54","date_gmt":"2015-01-16T22:59:54","guid":{"rendered":"http:\/\/www.loucamino.com\/?p=18387"},"modified":"2015-01-17T01:11:30","modified_gmt":"2015-01-17T00:11:30","slug":"objectif3280-4e-edition-de-beaux-lendemains","status":"publish","type":"post","link":"https:\/\/www.loucamino.com\/?p=18387","title":{"rendered":"Objectif3280, 4e \u00e9dition : \u00ab\u00a0De beaux lendemains\u00a0\u00bb"},"content":{"rendered":"<ul class=\"wpsocialite social-buttons large\"><\/ul><p><a href=\"http:\/\/www.loucamino.com\/wp-content\/uploads\/2015\/01\/LouCamino_G1-1_72.jpg\"><img loading=\"lazy\" class=\"aligncenter size-full wp-image-18388\" src=\"http:\/\/www.loucamino.com\/wp-content\/uploads\/2015\/01\/LouCamino_G1-1_72.jpg\" alt=\"De beaux lendemains\" width=\"550\" height=\"367\" srcset=\"https:\/\/www.loucamino.com\/wp-content\/uploads\/2015\/01\/LouCamino_G1-1_72.jpg 550w, https:\/\/www.loucamino.com\/wp-content\/uploads\/2015\/01\/LouCamino_G1-1_72-300x200.jpg 300w\" sizes=\"(max-width: 550px) 100vw, 550px\" \/><\/a><\/p>\n<p>Comme je l&rsquo;ai pr\u00e9cis\u00e9 dans un pr\u00e9c\u00e9dent post, la 4e \u00e9dition d&rsquo;Objectif3280 ne se d\u00e9roulera pas sur mon site, mais sur le propre site du projet. Je vous invite \u00e0 vous y connecter si vous souhaitez suivre l&rsquo;\u00e9dition dont je donnerai des nouvelles r\u00e9guli\u00e8res ici : <a title=\"Site d'Objectif3280\" href=\"http:\/\/www.objectif3280.com\" target=\"_blank\">www.objectif3280.com<\/a><\/p>\n<p>Contrairement aux pr\u00e9c\u00e9dentes \u00e9ditions, j&rsquo;ai mis en ligne la premi\u00e8re photo de cette \u00e9dition avant son lancement. Je vous pr\u00e9sente donc \u00ab\u00a0De beaux lendemains\u00a0\u00bb&#8230; C&rsquo;est la photo unique et centrale de la G\u00e9n\u00e9ration 1 d&rsquo;o\u00f9 d\u00e9couleront les milliers d&rsquo;autres de cette 4e \u00e9dition ! J&rsquo;esp\u00e8re qu&rsquo;elle (vous) inspirera et qu&rsquo;elle donnera lieu \u00e0 de magnifiques histoires.<\/p>\n<p>Nouveaut\u00e9 de la 4e \u00e9dition, chacun est invit\u00e9, apr\u00e8s avoir post\u00e9 sa photo, \u00e0 l&rsquo;accompagner de quelques mots&#8230; L&rsquo;id\u00e9e n&rsquo;est pas d&rsquo;expliquer sa connexion avec la photo pr\u00e9c\u00e9dente, mais simplement de raconter son histoire.<\/p>\n<p>Alors, pour donner l&rsquo;exemple, voici l&rsquo;histoire de la mienne :<\/p>\n<p>\u00ab\u00a0Le choix de la premi\u00e8re photo d\u2019une \u00e9dition est toujours d\u00e9licat. Si je commence \u00e0 y r\u00e9fl\u00e9chir plusieurs semaines avant son lancement, en g\u00e9n\u00e9ral, je ne finalise mon choix que la veille. Non sans avoir confront\u00e9 ma s\u00e9lection \u00e0 un ou deux regards ext\u00e9rieurs&#8230; Les contraintes sont faibles\u00a0: une photo prise dans l\u2019ann\u00e9e, une photo polys\u00e9mique surtout qui inspirera diff\u00e9remment les trois personnes qui voudront bien lui donner une suite. Suite qui elle-m\u00eame orientera le cours de l\u2019arbre pour plusieurs g\u00e9n\u00e9rations. Ensuite, le subjectif et le conjoncturel l\u2019emportent.<\/p>\n<p>Direction Iquique donc, une ville du nord du Chili litt\u00e9ralement coinc\u00e9e entre l\u2019Oc\u00e9an Pacifique, qui ne l\u2019est pas toujours comme le rappellent les nombreux panneaux diss\u00e9min\u00e9s dans ses rues et indiquant la route \u00e0 suivre en cas de tsunami, et cette incroyable montagne-dune, derri\u00e8re laquelle se d\u00e9ploie, sur des centaines de kilom\u00e8tres, l\u2019aridit\u00e9 sans pareil du d\u00e9sert d\u2019Atacama.<\/p>\n<p>Entre ces deux incarnations de la nature, mena\u00e7antes et enchanteresses, et \u00e0 l\u2019abri de quelques maisons faites de bric et de broc, ces jeunes graffeurs marquent, en toute qui\u00e9tude et avec l\u2019aval de notre \u00e9toile \u00e0 tous, leur territoire de leurs couleurs vives, signes encore ind\u00e9chiffrables et dessins en devenir. Un soleil qui, \u00e0 cette heure de proche r\u00e9v\u00e9rence, se fait lui-m\u00eame peintre et dont les rayons-pinceaux aux teintes mordor\u00e9es mettent magnifiquement la vie en relief et font invariablement croire en de beaux lendemains&#8230;\u00a0\u00bb<\/p>\n<h4 style=\"text-align: center;\"><strong><span style=\"color: #c11519;\">RENDEZ-VOUS DEMAIN SAMEDI VERS 14h SUR LA PAGE \u00ab\u00a0PARTICIPER\u00a0\u00bb DU SITE D&rsquo;OBJECTIF3280 POUR L&rsquo;OUVERTURE DE LA GENERATION 2 QUI COMPTERA 3 ECHOS ! LA GENERATION 3 (9 ECHOS) SERA LANCEE DANS LA SOIREE.<\/span><\/strong><\/h4>\n<div id=\"iLikeThis-18387\" class=\"iLikeThis\"><span class=\"counter\"><a onclick=\"likeThis(18387);\" class=\"image\">4<\/a><\/span><\/div>\n<p><a href=\"http:\/\/www.facebook.com\/share.php?u=https%3A%2F%2Fwww.loucamino.com%2F%3Fp%3D18387&amp;t=Objectif3280%2C%204e%20%C3%A9dition%20%3A%20%22De%20beaux%20lendemains%22\" id=\"facebook_share_both_18387\" style=\"font-size:11px; line-height:13px; font-family:'lucida grande',tahoma,verdana,arial,sans-serif; text-decoration:none; padding:2px 0 0 20px; height:16px; background:url(http:\/\/b.static.ak.fbcdn.net\/images\/share\/facebook_share_icon.gif) no-repeat top left;\">Share on Facebook<\/a><br \/>\n\t<script type=\"text\/javascript\">\n\t<!--\n\tvar button = document.getElementById('facebook_share_link_18387') || document.getElementById('facebook_share_icon_18387') || document.getElementById('facebook_share_both_18387') || document.getElementById('facebook_share_button_18387');\n\tif (button) {\n\t\tbutton.onclick = function(e) {\n\t\t\tvar url = this.href.replace(\/share\\.php\/, 'sharer.php');\n\t\t\twindow.open(url,'sharer','toolbar=0,status=0,width=626,height=436');\n\t\t\treturn false;\n\t\t}\n\t\n\t\tif (button.id === 'facebook_share_button_18387') {\n\t\t\tbutton.onmouseover = function(){\n\t\t\t\tthis.style.color='#fff';\n\t\t\t\tthis.style.borderColor = '#295582';\n\t\t\t\tthis.style.backgroundColor = '#3b5998';\n\t\t\t}\n\t\t\tbutton.onmouseout = function(){\n\t\t\t\tthis.style.color = '#3b5998';\n\t\t\t\tthis.style.borderColor = '#d8dfea';\n\t\t\t\tthis.style.backgroundColor = '#fff';\n\t\t\t}\n\t\t}\n\t}\n\t-->\n\t<\/script><\/p>\n","protected":false},"excerpt":{"rendered":"<p>Comme je l&rsquo;ai pr\u00e9cis\u00e9 dans un pr\u00e9c\u00e9dent post, la 4e \u00e9dition d&rsquo;Objectif3280 ne se d\u00e9roulera pas sur mon site, mais sur le propre site du projet. Je vous invite \u00e0 vous y connecter si vous souhaitez suivre l&rsquo;\u00e9dition dont je donnerai des nouvelles r\u00e9guli\u00e8res ici : www.objectif3280.com Contrairement aux pr\u00e9c\u00e9dentes \u00e9ditions, j&rsquo;ai mis en ligne [&hellip;]<\/p>\n<a href=\"http:\/\/www.facebook.com\/share.php?u=https%3A%2F%2Fwww.loucamino.com%2F%3Fp%3D18387&amp;t=Objectif3280%2C%204e%20%C3%A9dition%20%3A%20%22De%20beaux%20lendemains%22\" id=\"facebook_share_both_18387\" style=\"font-size:11px; line-height:13px; font-family:'lucida grande',tahoma,verdana,arial,sans-serif; text-decoration:none; padding:2px 0 0 20px; height:16px; background:url(http:\/\/b.static.ak.fbcdn.net\/images\/share\/facebook_share_icon.gif) no-repeat top left;\">Share on Facebook<\/a>\r\n\t<script type=\"text\/javascript\">\r\n\t<!--\r\n\tvar button = document.getElementById('facebook_share_link_18387') || document.getElementById('facebook_share_icon_18387') || document.getElementById('facebook_share_both_18387') || document.getElementById('facebook_share_button_18387');\r\n\tif (button) {\r\n\t\tbutton.onclick = function(e) {\r\n\t\t\tvar url = this.href.replace(\/share\\.php\/, 'sharer.php');\r\n\t\t\twindow.open(url,'sharer','toolbar=0,status=0,width=626,height=436');\r\n\t\t\treturn false;\r\n\t\t}\r\n\t\r\n\t\tif (button.id === 'facebook_share_button_18387') {\r\n\t\t\tbutton.onmouseover = function(){\r\n\t\t\t\tthis.style.color='#fff';\r\n\t\t\t\tthis.style.borderColor = '#295582';\r\n\t\t\t\tthis.style.backgroundColor = '#3b5998';\r\n\t\t\t}\r\n\t\t\tbutton.onmouseout = function(){\r\n\t\t\t\tthis.style.color = '#3b5998';\r\n\t\t\t\tthis.style.borderColor = '#d8dfea';\r\n\t\t\t\tthis.style.backgroundColor = '#fff';\r\n\t\t\t}\r\n\t\t}\r\n\t}\r\n\t-->\r\n\t<\/script>\r\n\t","protected":false},"author":1,"featured_media":0,"comment_status":"open","ping_status":"open","sticky":false,"template":"","format":"standard","meta":{"ngg_post_thumbnail":0},"categories":[1],"tags":[2990,4214,2997,4246,1786,2597],"_links":{"self":[{"href":"https:\/\/www.loucamino.com\/index.php?rest_route=\/wp\/v2\/posts\/18387"}],"collection":[{"href":"https:\/\/www.loucamino.com\/index.php?rest_route=\/wp\/v2\/posts"}],"about":[{"href":"https:\/\/www.loucamino.com\/index.php?rest_route=\/wp\/v2\/types\/post"}],"author":[{"embeddable":true,"href":"https:\/\/www.loucamino.com\/index.php?rest_route=\/wp\/v2\/users\/1"}],"replies":[{"embeddable":true,"href":"https:\/\/www.loucamino.com\/index.php?rest_route=%2Fwp%2Fv2%2Fcomments&post=18387"}],"version-history":[{"count":1,"href":"https:\/\/www.loucamino.com\/index.php?rest_route=\/wp\/v2\/posts\/18387\/revisions"}],"predecessor-version":[{"id":18389,"href":"https:\/\/www.loucamino.com\/index.php?rest_route=\/wp\/v2\/posts\/18387\/revisions\/18389"}],"wp:attachment":[{"href":"https:\/\/www.loucamino.com\/index.php?rest_route=%2Fwp%2Fv2%2Fmedia&parent=18387"}],"wp:term":[{"taxonomy":"category","embeddable":true,"href":"https:\/\/www.loucamino.com\/index.php?rest_route=%2Fwp%2Fv2%2Fcategories&post=18387"},{"taxonomy":"post_tag","embeddable":true,"href":"https:\/\/www.loucamino.com\/index.php?rest_route=%2Fwp%2Fv2%2Ftags&post=18387"}],"curies":[{"name":"wp","href":"https:\/\/api.w.org\/{rel}","templated":true}]}}